{"id":4885,"date":"2012-11-30T22:10:01","date_gmt":"2012-11-30T22:10:01","guid":{"rendered":"http:\/\/www2.nasaacin.org\/index.php\/2012\/11\/30\/hacia-una-politica-diferencial-de-comunicacion-e-informacion\/"},"modified":"2012-11-30T22:10:01","modified_gmt":"2012-11-30T22:10:01","slug":"hacia-una-politica-diferencial-de-comunicacion-e-informacion","status":"publish","type":"post","link":"https:\/\/tejidohistorico.afrodescendientes.com\/index.php\/2012\/11\/30\/hacia-una-politica-diferencial-de-comunicacion-e-informacion\/","title":{"rendered":"Hacia una pol\u00edtica diferencial de comunicaci\u00f3n e informaci\u00f3n"},"content":{"rendered":"<div> \t<\/div>\n<div> \tMesas de trabajo, jueves 29 de noviembre de 2012. El cuarto d&iacute;a del foro nacional de comunicaci&oacute;n ind&iacute;gena fue dedicado a reflexionar sobre la comunicaci&oacute;n que desarrollamos en nuestros territorios nativos y los esfuerzos hacia la creaci&oacute;n de redes, alianzas y herramientas hacia la unidad y la defensa conjunta de la comunicaci&oacute;n para la vida de todos nuestros pueblos a nivel local, regional y nacional.<\/div>\n<p>  <!--more-->  <\/p>\n<div> \t&nbsp;<\/div>\n<div> \t<span style=\"font-size:14px;\"><strong>Mesa 1. Rutas jur&iacute;dicas para consensuar, construir e implementar la pol&iacute;tica<\/strong><\/span><\/div>\n<div> \t&nbsp;<\/div>\n<div> \t<img src=\"http:\/\/www.nasaacin.org\/images\/phocagallery\/quintoforocom\/thumbs\/phoca_thumb_l_forocomuniii7.jpg\" style=\"margin: 5px;\" \/><\/div>\n<div> \tEn esta mesa hubo participantes de diferentes procedencias y de diversos pensamientos &nbsp;valiosos sobre la b&uacute;squeda de las garant&iacute;as que necesita la comunicaci&oacute;n de los pueblos ind&iacute;genas. Surgieron muchos aportes sobre las herramientas normativas y jur&iacute;dicas hacia este objetivo pero todos los participantes concertaron y manifestaron que antes de considerar los mecanismos jur&iacute;dicos para construir la pol&iacute;tica de comunicaci&oacute;n diferencial, es preciso buscar primero la articulaci&oacute;n y el fortalecimiento de redes entre nuestros pueblos ind&iacute;genas y nuestras iniciativas de comunicaci&oacute;n.<\/div>\n<div> \t&nbsp;<\/div>\n<div> \tDe esta manera se propuso crear una red latinoamericana que articule las experiencias de comunicaci&oacute;n. No s&oacute;lo pensar la articulaci&oacute;n regional y nacional, sino pensarnos como pueblos ind&iacute;genas y nativos en general m&aacute;s all&aacute; de las fronteras de nuestros pa&iacute;ses, una red que abrace a todos los pueblos del Abya Yala.&nbsp;<\/div>\n<div> \t&nbsp;<\/div>\n<div> \tLos participantes plantearon como rutas jur&iacute;dicas los siguientes aportes:<\/div>\n<div> \t&nbsp;<\/div>\n<div> \t&#8211;<span class=\"Apple-tab-span\" style=\"white-space:pre\"> <\/span>Avanzar en la concientizaci&oacute;n y la aplicaci&oacute;n de los mecanismos de exigibilidad a los que tenemos derecho pleno, como la &nbsp;acci&oacute;n de tutela que es uno de los pocos instrumentos que tenemos a favor teniendo en cuanto la dilataci&oacute;n de la mayor&iacute;a de los procesos legales que llevan a cabo nuestro procesos sin ninguna respuesta.<\/div>\n<div> \t&nbsp;<\/div>\n<div> \t&#8211;<span class=\"Apple-tab-span\" style=\"white-space:pre\"> <\/span>Igualmente avanzar en mecanismos de exigibilidad internacionales como la Corte Interamericana de Justicia.<\/div>\n<div> \t&nbsp;<\/div>\n<div> \t&#8211;<span class=\"Apple-tab-span\" style=\"white-space:pre\"> <\/span>Retomar el instrumento de la consulta previa, apropiarlo y darle la aplicaci&oacute;n justa. &nbsp;Sabemos que la consulta previa ha sido usurpada en diferentes espacios por agentes estatales, el m&aacute;s sobresaliente, el de las concesiones mineras, recuperar este instrumento significa recuperar nuestra soberan&iacute;a tambi&eacute;n en la comunicaci&oacute;n.<\/div>\n<div> \t&nbsp;<\/div>\n<div> \t<span style=\"font-size:14px;\"><strong>Mesa 2. Construcci&oacute;n de una propuesta de lineamientos y agenda nacional y regional para el 2013 (metodolog&iacute;as, plazos, espacios)<\/strong><\/span><\/div>\n<div> \t<img src=\"http:\/\/www.nasaacin.org\/images\/phocagallery\/quintoforocom\/thumbs\/phoca_thumb_l_forocomuniii6.jpg\" style=\"margin: 5px;\" \/><\/div>\n<div> \tLos participantes de esta mesa acordaron que para crear unos lineamientos y una agenda nacional, primero es necesario construir los lineamientos desde las bases en cada uno de nuestros territorios, la palabra de la comunidad &nbsp;es lo principal. As&iacute; ya podemos luego articular estos lineamientos con nuestras organizaciones y colectivos de comunicaci&oacute;n a nivel local, regional y luego nacional.<\/div>\n<div> \t&nbsp;<\/div>\n<div> \tSe ha proyectado que para que la agenda nacional sea eficiente y responda de verdad a lo que requieren los pueblos y sus procesos de comunicaci&oacute;n, es necesario que esta agenda cuente con una plataforma aut&oacute;noma &nbsp;de comunicaci&oacute;n integral que nos mantenga en constante consonancia y actualizaci&oacute;n de los avances de los proceso regionales, para que todos desde sus territorios no s&oacute;lo conozcan qu&eacute; se va gestando, sino que les permita llevar este proceso con coherencia. As&iacute; aportar&aacute; a la prioridad de la coordinaci&oacute;n constante entre el espacio local, regional y nacional.<\/div>\n<div> \t&nbsp;<\/div>\n<div> \tSe sugiri&oacute; tambi&eacute;n que la agenda debe tener un car&aacute;cter m&aacute;s tem&aacute;tico para que sea m&aacute;s operativa. &nbsp;Igualmente es necesario que siempre en cada evento haya un delegado de cada organizaci&oacute;n para corresponder al objetivo de lograr y sostener una armon&iacute;a en el &aacute;mbito local, regional y nacional sino para que haya una veedur&iacute;a y un seguimiento a cada proceso.<\/div>\n<div> \t&nbsp;<\/div>\n<div> \t<span style=\"font-size:14px;\"><strong>Mesa 3. Sostenibilidad de los procesos de comunicaci&oacute;n ind&iacute;genas<\/strong><\/span><\/div>\n<div> \t&nbsp;<\/div>\n<div> \t<img src=\"http:\/\/www.nasaacin.org\/images\/phocagallery\/quintoforocom\/thumbs\/phoca_thumb_l_forocomuniii3.jpg\" \/><\/div>\n<div> \t&nbsp;<\/div>\n<div> \tLos procesos de comunicaci&oacute;n tienen como elemento sustancial &nbsp;la gente, no deben depender de los medios t&eacute;cnicos o tecnol&oacute;gicos, deben responder al pensamiento y esp&iacute;ritu de las comunidades.<\/div>\n<div> \t&nbsp;<\/div>\n<div> \tPara hacer un balance de lo que se necesita para lograr la sostenibilidad de los procesos de comunicaci&oacute;n, en esta mesa se hizo una revisi&oacute;n sobre las dificultades que estos procesos han enfrentado:&nbsp;<\/div>\n<div> \t&nbsp;<\/div>\n<div> \t&#8211;<span class=\"Apple-tab-span\" style=\"white-space:pre\"> <\/span>La trampa del comercio. Los procesos de comunicaci&oacute;n ind&iacute;genas no pueden estar supeditados a la comercializaci&oacute;n de la palabra ya que su funci&oacute;n no es con fines de lucro sino servir a las comunidades. Se debe transformar la realidad de que muchos medios comunitarios deben recurrir a pautas publicitarias para poder sostenerse econ&oacute;micamente.<\/div>\n<div> \t&nbsp;<\/div>\n<div> \t&#8211;<span class=\"Apple-tab-span\" style=\"white-space:pre\"> <\/span>Hace falta crear estrategias para la protecci&oacute;n de los comunicadores en su labor.<\/div>\n<div> \t&nbsp;<\/div>\n<div> \t&#8211;<span class=\"Apple-tab-span\" style=\"white-space:pre\"> <\/span>Existe todav&iacute;a desconocimiento e indiferencia sobre la labor de los comunicadores por parte de las autoridades y organizaciones, quienes deber&iacute;an garantizar el apoyo y recursos suficientes a nivel humano, log&iacute;stico, econ&oacute;mico y tecnol&oacute;gico para el pleno funcionamiento y desarrollo de sus procesos de comunicaci&oacute;n.<\/div>\n<div> \t&nbsp;<\/div>\n<div> \t&#8211;<span class=\"Apple-tab-span\" style=\"white-space:pre\"> <\/span>Es necesario que se den mecanismos que permitan la inclusi&oacute;n de la educaci&oacute;n en la comunicaci&oacute;n dentro de los modelos los modelos propios pedag&oacute;gicos, como la edu-comunicaci&oacute;n, que se viene realizando en Santiago Putumayo.<\/div>\n<div> \t&nbsp;<\/div>\n<div> \t&#8211;<span class=\"Apple-tab-span\" style=\"white-space:pre\"> <\/span>Buscar mecanismos efectivos que garanticen el cumplimiento de los mandatos emanados del Cumbre de comunicaci&oacute;n continental del Abya Yala. Entre ellos, los que corresponden a posibilitar los acuerdos sobre el sostenimiento t&eacute;cnico de los procesos de comunicaci&oacute;n, mediante recorridos por los territorios, inventarios administrativo- financieros y optimizaci&oacute;n de la capacidad de gesti&oacute;n de las organizaciones ind&iacute;genas.<\/div>\n<div> \t&nbsp;<\/div>\n<div> \t<strong><span style=\"font-size:14px;\">Mesa 4. Lenguas propias como principio de la comunicaci&oacute;n ind&iacute;gena<\/span><\/strong><\/div>\n<div> \t&nbsp;<\/div>\n<div> \t<img src=\"http:\/\/www.nasaacin.org\/images\/phocagallery\/quintoforocom\/thumbs\/phoca_thumb_l_forocomuniii9.jpg\" style=\"margin: 5px;\" \/><\/div>\n<div> \tRafael Mercado del pueblo Wayuu dice que para que la palabra sea sabia debe salir del ser, &ldquo;tiene que sentirse en el vientre, en el coraz&oacute;n y en la cabeza, as&iacute; ser&aacute; una palabra honesta que se materializa en la oralidad&rdquo;<\/div>\n<div> \t&nbsp;<\/div>\n<div> \t&ldquo;Las lenguas propias no son el principio de comunicaci&oacute;n, son las fuentes y caminos para volver ala comunicaci&oacute;n propia.&rdquo; Fernando Uino del resguardo de Jambal&oacute;. &nbsp;<\/div>\n<div> \t&nbsp;<\/div>\n<div> \tLa comunicaci&oacute;n de los pueblos comienza y nace del vientre materno de la madre tierra y de mujer cuando esta en tiempo de gestaci&oacute;n. &nbsp;<\/div>\n<div> \t&nbsp;<\/div>\n<div> \t<span style=\"font-size:14px;\"><strong>Mesa 5. Mujer, pol&iacute;tica y comunicaci&oacute;n<\/strong><\/span><\/div>\n<div> \t&nbsp;<\/div>\n<div> \t<img src=\"http:\/\/www.nasaacin.org\/images\/phocagallery\/quintoforocom\/thumbs\/phoca_thumb_l_forocomuniii2.jpg\" style=\"margin: 5px;\" \/><\/div>\n<div> \tEn esta mesa se resalt&oacute; la necesidad importante de recuperar la conexi&oacute;n con lo femenino a trav&eacute;s de las lenguas y costumbres propias, ya que esto mismo significa reconocer la feminidad de la Madre Tierra, de su virtud creadora. Entender que la fuente creadora de la vida tiene un car&aacute;cter femenino, volver a este concepto de fondo para lograr entender, respetar y defender a &nbsp;la Madre Tierra, as&iacute; respetar a la mujer y sobre todo cambiar la mirada machista del modelo que rige al mundo.<\/div>\n<div> \t&nbsp;<\/div>\n<div> \tAs&iacute; entendemos que las comunicadoras necesitan una protecci&oacute;n espiritual para su labor. Igualmente necesitan espacios de encuentro donde se reflexiones sobre las miradas, las necesidades y las proyecciones que desde su papel tienen para aportar.<\/div>\n<div> \t&nbsp;<\/div>\n<div> \tDe acuerdo a esta concepci&oacute;n se piensa en el trabajo comunicativo de los pueblos ind&iacute;genas como un trabajo integral entre hombre y mujeres, superando las barreras y los viejos l&iacute;mites de las diferencias de g&eacute;nero.<\/div>\n<div> \t&nbsp;<\/div>\n<div> \t<span style=\"font-size:14px;\"><strong>Mesa 6. Lo diferencial en la pol&iacute;tica de comunicaci&oacute;n ind&iacute;gena<\/strong><\/span><\/div>\n<div> \t&nbsp;<\/div>\n<div> \t<img src=\"http:\/\/www.nasaacin.org\/images\/phocagallery\/quintoforocom\/thumbs\/phoca_thumb_l_forocomuniii8.jpg\" style=\"margin: 5px;\" \/><\/div>\n<div> \tEl car&aacute;cter diferencial de la pol&iacute;tica se basa en el conocimiento ancestral de nuestros pueblos ind&iacute;genas en el que basamos nuestra forma de ejercer la comunicaci&oacute;n. Lo diferencial est&aacute; en que los lineamientos no tienen nada que ver con las normativas de occidente, sino en reconocer y respetar que los pueblos ind&iacute;genas son diferentes en sus formas de pensar, de actuar y de comunicarse en sus territorios de acuerdo con sus cosmogon&iacute;as, realidades y planes de vida, que tienen su fundamento en los saberes milenarios, en las formas propias de comunicaci&oacute;n, en la apropiaci&oacute;n y articulaci&oacute;n con los medios tecnol&oacute;gicos y externo.<\/div>\n<div> \t&nbsp;<\/div>\n<div> \tEste es el car&aacute;cter diferencial de esta pol&iacute;tica que estamos proyectando, &nbsp;una pol&iacute;tica diferencial frente al modelo de mercado y de consumo. Ese modelo que mercantiliza la palabra y que usa los medios de comunicaci&oacute;n en t&eacute;rminos de ganancia.<\/div>\n<div> \t&nbsp;<\/div>\n<div> \t<strong>Por: Tejido de Comunicaci&oacute;n &#8211; ACIN y Escuela de Comunicaci&oacute;n &quot;El camino de la palabra digna&quot;<\/strong><\/div>\n","protected":false},"excerpt":{"rendered":"<p>Mesas de trabajo, jueves 29 de noviembre de 2012. El cuarto d&iacute;a del foro nacional de comunicaci&oacute;n ind&iacute;gena fue dedicado a reflexionar sobre la comunicaci&oacute;n que desarrollamos en nuestros territorios nativos y [&hellip;]<\/p>\n","protected":false},"author":2,"featured_media":0,"comment_status":"open","ping_status":"open","sticky":false,"template":"","format":"standard","meta":[],"categories":[73],"tags":[],"_links":{"self":[{"href":"https:\/\/tejidohistorico.afrodescendientes.com\/index.php\/wp-json\/wp\/v2\/posts\/4885"}],"collection":[{"href":"https:\/\/tejidohistorico.afrodescendientes.com\/index.php\/wp-json\/wp\/v2\/posts"}],"about":[{"href":"https:\/\/tejidohistorico.afrodescendientes.com\/index.php\/wp-json\/wp\/v2\/types\/post"}],"author":[{"embeddable":true,"href":"https:\/\/tejidohistorico.afrodescendientes.com\/index.php\/wp-json\/wp\/v2\/users\/2"}],"replies":[{"embeddable":true,"href":"https:\/\/tejidohistorico.afrodescendientes.com\/index.php\/wp-json\/wp\/v2\/comments?post=4885"}],"version-history":[{"count":0,"href":"https:\/\/tejidohistorico.afrodescendientes.com\/index.php\/wp-json\/wp\/v2\/posts\/4885\/revisions"}],"wp:attachment":[{"href":"https:\/\/tejidohistorico.afrodescendientes.com\/index.php\/wp-json\/wp\/v2\/media?parent=4885"}],"wp:term":[{"taxonomy":"category","embeddable":true,"href":"https:\/\/tejidohistorico.afrodescendientes.com\/index.php\/wp-json\/wp\/v2\/categories?post=4885"},{"taxonomy":"post_tag","embeddable":true,"href":"https:\/\/tejidohistorico.afrodescendientes.com\/index.php\/wp-json\/wp\/v2\/tags?post=4885"}],"curies":[{"name":"wp","href":"https:\/\/api.w.org\/{rel}","templated":true}]}}