{"id":4924,"date":"2012-12-11T03:05:45","date_gmt":"2012-12-11T03:05:45","guid":{"rendered":"http:\/\/www2.nasaacin.org\/index.php\/2012\/12\/11\/mexico-organizacion-de-la-sociedad-civil-las-abejas236\/"},"modified":"2012-12-11T03:05:45","modified_gmt":"2012-12-11T03:05:45","slug":"mexico-organizacion-de-la-sociedad-civil-las-abejas236","status":"publish","type":"post","link":"https:\/\/tejidohistorico.afrodescendientes.com\/index.php\/2012\/12\/11\/mexico-organizacion-de-la-sociedad-civil-las-abejas236\/","title":{"rendered":"M\u00e9xico: Organizaci\u00f3n de la Sociedad Civil \u201cLas Abejas\u201d"},"content":{"rendered":"<p> \tEn un d\u00eda como hoy, pero hace 20 a\u00f1os atr\u00e1s, nace nuestra Organizaci\u00f3n Las Abejas. Tambi\u00e9n hoy es el d\u00eda de la Declaraci\u00f3n Universal de los Derechos Humanos. Con estos sucesos hist\u00f3ricos venimos a dar nuestra palabra&#8230;El 10 de diciembre de 1992, 5 compa\u00f1eros nuestros de la comunidad de Tzajalch&rsquo;en; fueron encarcelados injustamente por el gobierno municipal en complicidad con el gobierno del estado de Chiapas.<\/p>\n","protected":false},"excerpt":{"rendered":"<p>En un d\u00eda como hoy, pero hace 20 a\u00f1os atr\u00e1s, nace nuestra Organizaci\u00f3n Las Abejas. Tambi\u00e9n hoy es el d\u00eda de la Declaraci\u00f3n Universal de los Derechos Humanos. Con estos sucesos hist\u00f3ricos [&hellip;]<\/p>\n","protected":false},"author":2,"featured_media":0,"comment_status":"open","ping_status":"open","sticky":false,"template":"","format":"standard","meta":[],"categories":[61],"tags":[],"_links":{"self":[{"href":"https:\/\/tejidohistorico.afrodescendientes.com\/index.php\/wp-json\/wp\/v2\/posts\/4924"}],"collection":[{"href":"https:\/\/tejidohistorico.afrodescendientes.com\/index.php\/wp-json\/wp\/v2\/posts"}],"about":[{"href":"https:\/\/tejidohistorico.afrodescendientes.com\/index.php\/wp-json\/wp\/v2\/types\/post"}],"author":[{"embeddable":true,"href":"https:\/\/tejidohistorico.afrodescendientes.com\/index.php\/wp-json\/wp\/v2\/users\/2"}],"replies":[{"embeddable":true,"href":"https:\/\/tejidohistorico.afrodescendientes.com\/index.php\/wp-json\/wp\/v2\/comments?post=4924"}],"version-history":[{"count":0,"href":"https:\/\/tejidohistorico.afrodescendientes.com\/index.php\/wp-json\/wp\/v2\/posts\/4924\/revisions"}],"wp:attachment":[{"href":"https:\/\/tejidohistorico.afrodescendientes.com\/index.php\/wp-json\/wp\/v2\/media?parent=4924"}],"wp:term":[{"taxonomy":"category","embeddable":true,"href":"https:\/\/tejidohistorico.afrodescendientes.com\/index.php\/wp-json\/wp\/v2\/categories?post=4924"},{"taxonomy":"post_tag","embeddable":true,"href":"https:\/\/tejidohistorico.afrodescendientes.com\/index.php\/wp-json\/wp\/v2\/tags?post=4924"}],"curies":[{"name":"wp","href":"https:\/\/api.w.org\/{rel}","templated":true}]}}