{"id":4926,"date":"2012-12-11T04:34:19","date_gmt":"2012-12-11T04:34:19","guid":{"rendered":"http:\/\/www2.nasaacin.org\/index.php\/2012\/12\/11\/el-pueblo-nasa-del-norte-del-cauca-se-levanta-en-exigencia-de-sus-derechos-como-pueblos\/"},"modified":"2012-12-11T04:34:19","modified_gmt":"2012-12-11T04:34:19","slug":"el-pueblo-nasa-del-norte-del-cauca-se-levanta-en-exigencia-de-sus-derechos-como-pueblos","status":"publish","type":"post","link":"https:\/\/tejidohistorico.afrodescendientes.com\/index.php\/2012\/12\/11\/el-pueblo-nasa-del-norte-del-cauca-se-levanta-en-exigencia-de-sus-derechos-como-pueblos\/","title":{"rendered":"El pueblo Nasa del norte del Cauca se levanta en exigencia de sus derechos como pueblos ind\u00edgenas"},"content":{"rendered":"<div> \t<\/div>\n<div> \tLos pueblos ind\u00edgenas somos memoria viva de lucha y resistencia, el 16 de diciembre de 1.991, veinte compa\u00f1eros y compa\u00f1eras ind\u00edgenas del pueblo Nasa, fueron masacrados en la hacienda el Nilo en Caloto &#8211; Cauca por la \u00a0fuerza p\u00fablica mientras exig\u00edan su leg\u00edtimo derecho a la tierra. Ante este hecho de vulneraci\u00f3n a los Derechos Humanos y los derechos de los pueblos ind\u00edgenas, la comisi\u00f3n interamericana de Derechos Humanos conden\u00f3 al gobierno Colombiano por esta masacre y \u00a0orden\u00f3 la reparaci\u00f3n individual y colectiva del Pueblo Nasa.<\/div>\n<p>  <!--more-->  <\/p>\n<div> \t\u00a0<\/div>\n<div> \tDurante los 21 a\u00f1os de este proceso en varias ocasiones el caso del Nilo fue \u00a0cerrado, fueron asesinados varios abogados que acompa\u00f1aban el proceso del Nilo entre ellos el abogado Oscar El\u00edas L\u00f3pez, en la sede del CRIC fue instalada una bomba para atentar contra las autoridades que promov\u00edan las investigaciones del Nilo, en la ONIC se extraviaron los expedientes de este caso. Ante estos hechos de negaci\u00f3n y desconocimiento, el senador ind\u00edgena Anatolio Quira realiz\u00f3 una huelga de hambre en los pasillos del congreso exigiendo reabrir el proceso del Nilo, esto permiti\u00f3 que en el a\u00f1o 97 se diera la conciliaci\u00f3n de acuerdo amistoso, donde el gobern\u00f3 colombiano se compromete en cumplir el acuerdo establecido en cinco puntos:\u00a0<\/div>\n<div> \t\u00a0<\/div>\n<div> \t<img src=\"http:\/\/www.nasaacin.org\/images\/phocagallery\/nilo12\/thumbs\/phoca_thumb_l_amasacrenilo.jpg\" \/><\/div>\n<div> \t\u00a0<\/div>\n<div> \t<strong>1.<\/strong><span class=\"Apple-tab-span\" style=\"white-space:pre\"> <\/span>Verdad, justicia y penalizaci\u00f3n de los responsables de la masacre, los actores materiales e intelectuales.<\/div>\n<div> \t<strong>2.<\/strong><span class=\"Apple-tab-span\" style=\"white-space:pre\"> <\/span>Reparaci\u00f3n individual a las m\u00e1s de 130 v\u00edctimas, familiares de las personas ca\u00eddas en la masacre de 1.991.<\/div>\n<div> \t<strong>3.<span class=\"Apple-tab-span\" style=\"white-space:pre\"> <\/span><\/strong>Reparaci\u00f3n colectiva al Pueblo Nasa a trav\u00e9s de la entrega de 15.663 hect\u00e1reas de tierra que deber\u00edan estar en manos de las comunidades ind\u00edgenas en los tres a\u00f1os siguientes a la masacre.<\/div>\n<div> \t<strong>4.<span class=\"Apple-tab-span\" style=\"white-space:pre\"> <\/span><\/strong>Fortalecimiento y apoyo de los planes de vida de las comunidades del norte del Cauca, como estrategia de pervivencia de las comunidades ind\u00edgenas<\/div>\n<div> \t<strong>5.<\/strong><span class=\"Apple-tab-span\" style=\"white-space:pre\"> <\/span>Garant\u00edas de no repetici\u00f3n de estos hechos violatorios de los derechos de los pueblos ind\u00edgenas.\u00a0<\/div>\n<div> \t\u00a0<\/div>\n<div> \tHasta el momento no ha habido garant\u00edas, ni voluntad de cumplimiento por parte del gobierno nacional, el pr\u00f3ximo 16 de diciembre se cumplir\u00e1n 21 a\u00f1os de la masacre del Nilo, 21 a\u00f1os de impunidad sin que el gobierno Colombiano haya cumplido en su totalidad ninguno de los cinco puntos de la sentencia.<\/div>\n<div> \t\u00a0<\/div>\n<div> \tLos responsables materiales e intelectuales de la masacre no han sido investigados y ni tampoco juzgados, al contrario en vez de ser castigados muchos de ellos integrantes de la fuerza p\u00fablica han sido ascendidos en sus cargos. A\u00fan faltan 17 familiares de las personas masacradas, por reparaci\u00f3n e indemnizaci\u00f3n \u00a0individual. La reparaci\u00f3n colectiva al pueblo Nasa tampoco ha sido total, 21 a\u00f1os despu\u00e9s de las 16.663 hect\u00e1reas a\u00fan faltan por entregar 1.700. A pesar de las m\u00faltiples exigencias jur\u00eddicas y por v\u00edas de hecho no se ha hecho real el apoyo y financiamiento para el desarrollo pleno de los planes de vida. Frente a las garant\u00edas de no repetici\u00f3n de estos hechos violatorios de los derechos de los pueblos ind\u00edgenas, despu\u00e9s de la masacre del Nilo, aun el Pueblo Nasa sigue siendo perseguido y asesinado, en el a\u00f1o 2001 los paramilitares asesinaron m\u00e1s de 120 personas en la masacre del Naya, de igual manera se dio la masacre de Guayanday en Corinto y la masacre de San pedro en Santander de Quilichao. En los \u00faltimos a\u00f1os se han intensificado las amenazas y muertes selectivas de l\u00edderes, autoridades tradicionales y espirituales. En los continuos enfrentamientos armados han ca\u00eddo mujeres y ni\u00f1os v\u00edctimas de la incapacidad del gobierno nacional de garantizar la no repetici\u00f3n de los hechos que atentan contra la vida de los pueblos y los territorios.<\/div>\n<div> \t\u00a0<\/div>\n<div> \tEn este sentido la exigencia ser\u00e1 continua y no solo para que el gobierno cumpla una sentencia internacional como es el tema de la masacre del Nilo, la exigencia es frente a los derechos colectivos y territoriales, exigimos una pol\u00edtica territorial que va m\u00e1s all\u00e1 de un n\u00famero determinado de hect\u00e1reas de tierra, planteamos el reconocimiento de los territorios ancestrales como derecho de los pueblos originarios. El derecho territorial se enmarca sobre todo el territorio, sobre el suelo, subsuelo y sobre suelo. El derecho colectivo a la tierra desde la complementariedad. La &ldquo;Yat Wala&rdquo;, la casa grande del Pueblo Nasa.<\/div>\n<div> \t<img src=\"http:\/\/www.nasaacin.org\/images\/phocagallery\/12nilo\/thumbs\/phoca_thumb_l_dicnilo4.jpg\" style=\"margin: 5px;\" \/><\/div>\n<div> \tUna vez m\u00e1s, salimos desde los campos a la calle a reclamar nuestros derechos como pueblos, la fuerza del Pueblo Nasa en movilizaci\u00f3n pac\u00edfica. Llamamos a todos los pueblos, hermanos y amigos del proceso, a las organizaciones sociales y populares, a las defensoras de los derechos humanos, a velar por el cumplimiento de nuestras exigencias, por la vida de las comunidades y los territorios. A los procesos y medios de comunicaci\u00f3n a acompa\u00f1ar el continuo caminar de los pueblos.<\/div>\n<div> \t\u00a0<\/div>\n<div>\n<div style=\"font-family: arial, sans-serif; font-size: 13.333333969116211px; background-color: rgb(252, 252, 252); margin: 0px; padding: 0px;\"> \t\t<font color=\"#006600\" face=\"verdana, sans-serif\"><b>La comunidad del norte del Cauca se concentr\u00f3 el 10 de diciembre del 2012, en la finca Nuevo M\u00e9xico del Resguardo de Nasa Kiwe Tek Ksxaw para exigir los acuerdo incumplidos por el gobierno colombiano.<\/b><\/font><\/div>\n<div style=\"font-family: arial, sans-serif; font-size: 13.333333969116211px; background-color: rgb(252, 252, 252); margin: 0px; padding: 0px;\"> \t\t\u00a0<\/div>\n<div style=\"font-family: arial, sans-serif; font-size: 13.333333969116211px; margin: 0px; padding: 0px;\">\n<div style=\"background-color: rgb(252, 252, 252); margin: 0px; padding: 0px;\"> \t\t\t<font face=\"verdana, sans-serif\"><font face=\"verdana, sans-serif\"><span style=\"font-size:14px;\"><font color=\"#009900\" style=\"line-height: 18px;\"><b>VIDEO:<\/b>\u00a0<\/font><\/span><b><span style=\"font-size:14px;\"><span style=\"line-height: 17.981481552124023px;\"><font color=\"#990000\">21 A\u00f1os de Acuerdos Pol\u00edticos<\/font><\/span><\/span><font color=\"#5c5c5c\"><span style=\"line-height: 18px;\">\u00a0<\/span><\/font><\/b><\/font><span style=\"background-color: transparent; line-height: 17.981481552124023px;\"><font color=\"#5c5c5c\"><b><a href=\"http:\/\/www.youtube.com\/watch?v=HWFaSqpoQAg\" style=\"color: rgb(17, 85, 204);\" target=\"_blank\" rel=\"noopener noreferrer\">http:\/\/www.youtube.<wbr \/>com\/watch?v=HWFaSqpoQAg<\/a><\/b><\/font><\/span><\/font><\/div>\n<div style=\"background-color: rgb(252, 252, 252); color: rgb(92, 92, 92); margin: 0px; padding: 0px;\"> \t\t\t\u00a0<\/div>\n<div style=\"margin: 0px; padding: 0px;\"> \t\t\t<span style=\"font-size:14px;\"><font face=\"verdana, sans-serif\"><b><font color=\"#009900\">GALER\u00cdA DE FOTOGRAF\u00cdAS &#8211;\u00a0<\/font><font color=\"#990000\">MINGA POR LOS ACUERDOS DEL NILO 2012<\/font><\/b><b><font color=\"#990000\">\u00a0<\/font><\/b><span style=\"font-family:tahoma,geneva,sans-serif;\"><strong><font color=\"#990000\">por\u00a0<\/font><\/strong><\/span><\/font><\/span><span style=\"color:#800000;\"><span style=\"font-family: tahoma, geneva, sans-serif;\"><strong><span style=\"font-size: 13.333333969116211px;\">Nestor Cristanchao<\/span><\/strong><\/span><\/span><\/div>\n<div> \t\t\t<span style=\"color:#800000;\"><span style=\"font-family: tahoma, geneva, sans-serif;\"><strong>Profesor del Cecidic<\/strong><\/span><\/span><\/div>\n<div style=\"margin: 0px; padding: 0px;\"> \t\t\t<font face=\"verdana, sans-serif\"><b style=\"color: rgb(153, 0, 0);\"><a href=\"http:\/\/www.nasaacin.org\/galeria-de-fografias\/category\/106-minga-por-el-nilo-2012\" style=\"color: rgb(17, 85, 204);\" target=\"_blank\" rel=\"noopener noreferrer\">http:\/\/www.nasaacin.org\/<wbr \/>galeria-de-fografias\/category\/<wbr \/>106-minga-por-el-nilo-2012<\/a><\/b><\/font><\/div>\n<div style=\"margin: 0px; padding: 0px;\"> \t\t\t\u00a0<\/div>\n<div style=\"margin: 0px; padding: 0px;\"> \t\t\t<span style=\"font-size:14px;\"><font face=\"verdana, sans-serif\"><b><font color=\"#009900\">AUDIOS:\u00a0<\/font><\/b><\/font><\/span><\/div>\n<div style=\"margin: 0px; padding: 0px;\"> \t\t\t\u00a0<\/div>\n<div style=\"margin: 0px; padding: 0px;\">\n<div style=\"margin: 0px; padding: 0px;\">\n<div style=\"margin: 0px; padding: 0px;\"> \t\t\t\t\t<font face=\"verdana, sans-serif\"><font color=\"#006600\"><b>Que la masacre no quede en impunidad<\/b><\/font><\/font><\/div>\n<div style=\"margin: 0px; padding: 0px;\"> \t\t\t\t\t<font face=\"verdana, sans-serif\"><font color=\"#333333\">El gobierno nacional tiene una responsabilidad con las comunidades ind\u00edgenas del Norte del Cauca Por la masacre del Nilo perpetrada en 1991 por la polic\u00eda, donde el estado ha manifestado la responsabilidad y ha firmado acuerdos con las comunidades nasa, acuerdo que se ha incumplido desde hace 20 a\u00f1os.\u00a0<a href=\"http:\/\/www.podcaster.cl\/wp-content\/uploads\/2012\/12\/ernesto-cunda-situacion-de-tierras-y-movilizacion-07-12-2012.mp3\" style=\"color: rgb(17, 85, 204);\" target=\"_blank\" rel=\"noopener noreferrer\">http:\/\/www.podcaster.cl\/<wbr \/>wp-content\/uploads\/2012\/12\/<wbr \/>ernesto-cunda-situacion-de-<wbr \/>tierras-y-movilizacion-07-12-<wbr \/>2012.mp3<\/a><\/font><\/font><\/div>\n<\/p><\/div>\n<\/p><\/div>\n<\/p><\/div>\n<\/p><\/div>\n<div> \t\u00a0<\/div>\n<div> \t\u00a0<\/div>\n<div> \t<span style=\"font-size:14px;\"><strong>Tejido de Comunicaci\u00f3n &#8211; ACIN<\/strong><\/span><\/div>\n<div> \t<span style=\"font-size:14px;\">tejidocomunicacion@gmail.com<\/span><\/div>\n<div> \t\u00a0<\/div>\n<div> \t\u00a0<\/div>\n<div> \t<span style=\"font-family:georgia,serif;\"><strong><span style=\"font-size: 14px;\">COMENTARIOS:<\/span><\/strong><\/span><\/div>\n<div> \t\u00a0<\/div>\n<div> \t<span style=\"font-family:georgia,serif;\"><strong><span style=\"font-size: 13.333333969116211px;\"><span style=\"color:#a52a2a;\">1.<\/span> Gracias\u00a0compas del tejido de comunnicacion. fui orientador al final del proceso de capacitacion de varios de uds. -en jambalo a\u00f1o 2000 aprox. y\u00a0quiero felicitarlos por realizar productos visuales muy bien concebidos. son sencillos y su mensaje es directo y motivador para las comunidades. Este proceso de comunicacion es de informacion pero tambien lo es de capacitacion y sirve mucho para motivarnos a todos los q pensamos en un pais nuevo y diferente, gracias por sus mensajes!<\/span><\/strong><\/span><strong style=\"font-family: georgia, serif;\"><span style=\"font-size: 13.333333969116211px;\">\u00a0<\/span><\/strong><\/div>\n<div style=\"font-family: arial, sans-serif; font-size: 13.333333969116211px;\"> \t<span style=\"font-family:georgia,serif;\"><strong>pedro sanchez. &#8211;\u00a0eloy buendia-<\/strong><\/span><\/div>\n<div> \t\u00a0<\/div>\n","protected":false},"excerpt":{"rendered":"<p>Los pueblos ind\u00edgenas somos memoria viva de lucha y resistencia, el 16 de diciembre de 1.991, veinte compa\u00f1eros y compa\u00f1eras ind\u00edgenas del pueblo Nasa, fueron masacrados en la hacienda el Nilo en [&hellip;]<\/p>\n","protected":false},"author":2,"featured_media":0,"comment_status":"open","ping_status":"open","sticky":false,"template":"","format":"standard","meta":[],"categories":[73],"tags":[],"_links":{"self":[{"href":"https:\/\/tejidohistorico.afrodescendientes.com\/index.php\/wp-json\/wp\/v2\/posts\/4926"}],"collection":[{"href":"https:\/\/tejidohistorico.afrodescendientes.com\/index.php\/wp-json\/wp\/v2\/posts"}],"about":[{"href":"https:\/\/tejidohistorico.afrodescendientes.com\/index.php\/wp-json\/wp\/v2\/types\/post"}],"author":[{"embeddable":true,"href":"https:\/\/tejidohistorico.afrodescendientes.com\/index.php\/wp-json\/wp\/v2\/users\/2"}],"replies":[{"embeddable":true,"href":"https:\/\/tejidohistorico.afrodescendientes.com\/index.php\/wp-json\/wp\/v2\/comments?post=4926"}],"version-history":[{"count":0,"href":"https:\/\/tejidohistorico.afrodescendientes.com\/index.php\/wp-json\/wp\/v2\/posts\/4926\/revisions"}],"wp:attachment":[{"href":"https:\/\/tejidohistorico.afrodescendientes.com\/index.php\/wp-json\/wp\/v2\/media?parent=4926"}],"wp:term":[{"taxonomy":"category","embeddable":true,"href":"https:\/\/tejidohistorico.afrodescendientes.com\/index.php\/wp-json\/wp\/v2\/categories?post=4926"},{"taxonomy":"post_tag","embeddable":true,"href":"https:\/\/tejidohistorico.afrodescendientes.com\/index.php\/wp-json\/wp\/v2\/tags?post=4926"}],"curies":[{"name":"wp","href":"https:\/\/api.w.org\/{rel}","templated":true}]}}