{"id":4928,"date":"2012-12-11T22:58:53","date_gmt":"2012-12-11T22:58:53","guid":{"rendered":"http:\/\/www2.nasaacin.org\/index.php\/2012\/12\/11\/situacion-del-macizo-colombiano-desde-la-mirada-juvenil\/"},"modified":"2012-12-11T22:58:53","modified_gmt":"2012-12-11T22:58:53","slug":"situacion-del-macizo-colombiano-desde-la-mirada-juvenil","status":"publish","type":"post","link":"https:\/\/tejidohistorico.afrodescendientes.com\/index.php\/2012\/12\/11\/situacion-del-macizo-colombiano-desde-la-mirada-juvenil\/","title":{"rendered":"Situaci\u00f3n del Macizo Colombiano desde la mirada juvenil"},"content":{"rendered":"<p> \tComo se present\u00f3 en el \u00faltimo bolet\u00edn en el Macizo Colombiano hacen presencia grupos armados\u00a0legales e ilegales. Este art\u00edculo pretende hacer una caracterizaci\u00f3n de estos grupos y de qu\u00e9 manera\u00a0afectan la vida de los y las j\u00f3venes en la regi\u00f3n.<\/p>\n","protected":false},"excerpt":{"rendered":"<p>Como se present\u00f3 en el \u00faltimo bolet\u00edn en el Macizo Colombiano hacen presencia grupos armados\u00a0legales e ilegales. Este art\u00edculo pretende hacer una caracterizaci\u00f3n de estos grupos y de qu\u00e9 manera\u00a0afectan la vida [&hellip;]<\/p>\n","protected":false},"author":2,"featured_media":0,"comment_status":"open","ping_status":"open","sticky":false,"template":"","format":"standard","meta":[],"categories":[61],"tags":[],"_links":{"self":[{"href":"https:\/\/tejidohistorico.afrodescendientes.com\/index.php\/wp-json\/wp\/v2\/posts\/4928"}],"collection":[{"href":"https:\/\/tejidohistorico.afrodescendientes.com\/index.php\/wp-json\/wp\/v2\/posts"}],"about":[{"href":"https:\/\/tejidohistorico.afrodescendientes.com\/index.php\/wp-json\/wp\/v2\/types\/post"}],"author":[{"embeddable":true,"href":"https:\/\/tejidohistorico.afrodescendientes.com\/index.php\/wp-json\/wp\/v2\/users\/2"}],"replies":[{"embeddable":true,"href":"https:\/\/tejidohistorico.afrodescendientes.com\/index.php\/wp-json\/wp\/v2\/comments?post=4928"}],"version-history":[{"count":0,"href":"https:\/\/tejidohistorico.afrodescendientes.com\/index.php\/wp-json\/wp\/v2\/posts\/4928\/revisions"}],"wp:attachment":[{"href":"https:\/\/tejidohistorico.afrodescendientes.com\/index.php\/wp-json\/wp\/v2\/media?parent=4928"}],"wp:term":[{"taxonomy":"category","embeddable":true,"href":"https:\/\/tejidohistorico.afrodescendientes.com\/index.php\/wp-json\/wp\/v2\/categories?post=4928"},{"taxonomy":"post_tag","embeddable":true,"href":"https:\/\/tejidohistorico.afrodescendientes.com\/index.php\/wp-json\/wp\/v2\/tags?post=4928"}],"curies":[{"name":"wp","href":"https:\/\/api.w.org\/{rel}","templated":true}]}}