{"id":4929,"date":"2012-12-11T23:04:29","date_gmt":"2012-12-11T23:04:29","guid":{"rendered":"http:\/\/www2.nasaacin.org\/index.php\/2012\/12\/11\/primer-informe-final-acerca-del-estado-de-la-justicia-en-chile-de-la-red-iberoamericana-de-jueces-en-relacion-a-mision-a-chile-julio-2012\/"},"modified":"2012-12-11T23:04:29","modified_gmt":"2012-12-11T23:04:29","slug":"primer-informe-final-acerca-del-estado-de-la-justicia-en-chile-de-la-red-iberoamericana-de-jueces-en-relacion-a-mision-a-chile-julio-2012","status":"publish","type":"post","link":"https:\/\/tejidohistorico.afrodescendientes.com\/index.php\/2012\/12\/11\/primer-informe-final-acerca-del-estado-de-la-justicia-en-chile-de-la-red-iberoamericana-de-jueces-en-relacion-a-mision-a-chile-julio-2012\/","title":{"rendered":"Primer Informe final acerca del estado de la Justicia en Chile,  de la Red Iberoamericana de  Jueces en relaci\u00f3n a  Misi\u00f3n a Chile, (Julio 2012)"},"content":{"rendered":"<p> \tInforme Ejecutivo Final.\u00a0Despu\u00e9s de cuatro d\u00edas en el pa\u00eds, entrevistando a diferentes actores de la sociedad civil, instituciones, autoridades y poder judicial, los comisionados informantes comunican a los pueblos de Chile, a los pueblos de Latinoam\u00e9rica y a la comunidad internacional \u00a0su informe acerca del estado de la Justicia en Chile:\u00a0<\/p>\n","protected":false},"excerpt":{"rendered":"<p>Informe Ejecutivo Final.\u00a0Despu\u00e9s de cuatro d\u00edas en el pa\u00eds, entrevistando a diferentes actores de la sociedad civil, instituciones, autoridades y poder judicial, los comisionados informantes comunican a los pueblos de Chile, a [&hellip;]<\/p>\n","protected":false},"author":2,"featured_media":0,"comment_status":"open","ping_status":"open","sticky":false,"template":"","format":"standard","meta":[],"categories":[61],"tags":[],"_links":{"self":[{"href":"https:\/\/tejidohistorico.afrodescendientes.com\/index.php\/wp-json\/wp\/v2\/posts\/4929"}],"collection":[{"href":"https:\/\/tejidohistorico.afrodescendientes.com\/index.php\/wp-json\/wp\/v2\/posts"}],"about":[{"href":"https:\/\/tejidohistorico.afrodescendientes.com\/index.php\/wp-json\/wp\/v2\/types\/post"}],"author":[{"embeddable":true,"href":"https:\/\/tejidohistorico.afrodescendientes.com\/index.php\/wp-json\/wp\/v2\/users\/2"}],"replies":[{"embeddable":true,"href":"https:\/\/tejidohistorico.afrodescendientes.com\/index.php\/wp-json\/wp\/v2\/comments?post=4929"}],"version-history":[{"count":0,"href":"https:\/\/tejidohistorico.afrodescendientes.com\/index.php\/wp-json\/wp\/v2\/posts\/4929\/revisions"}],"wp:attachment":[{"href":"https:\/\/tejidohistorico.afrodescendientes.com\/index.php\/wp-json\/wp\/v2\/media?parent=4929"}],"wp:term":[{"taxonomy":"category","embeddable":true,"href":"https:\/\/tejidohistorico.afrodescendientes.com\/index.php\/wp-json\/wp\/v2\/categories?post=4929"},{"taxonomy":"post_tag","embeddable":true,"href":"https:\/\/tejidohistorico.afrodescendientes.com\/index.php\/wp-json\/wp\/v2\/tags?post=4929"}],"curies":[{"name":"wp","href":"https:\/\/api.w.org\/{rel}","templated":true}]}}