{"id":4948,"date":"2012-12-15T00:01:25","date_gmt":"2012-12-15T00:01:25","guid":{"rendered":"http:\/\/www2.nasaacin.org\/index.php\/2012\/12\/15\/sintesis-informativa-de-los-movimientos\/"},"modified":"2012-12-15T00:01:25","modified_gmt":"2012-12-15T00:01:25","slug":"sintesis-informativa-de-los-movimientos","status":"publish","type":"post","link":"https:\/\/tejidohistorico.afrodescendientes.com\/index.php\/2012\/12\/15\/sintesis-informativa-de-los-movimientos\/","title":{"rendered":"S\u00edntesis Informativa de los Movimientos"},"content":{"rendered":"<div> \t<\/div>\n<div> \tLas \u00faltimas semanas han registrado diversas movilizaciones por parte de las organizaciones sociales del continente. \u00a0Se destacan entre otros:<\/div>\n<p>  <!--more-->  <\/p>\n<div> \t\u00a0<\/div>\n<div> \t&#8211; La acci\u00f3n frente a las negociaciones oficiales sobre el clima y el Protocolo de Kioto, en Doha<\/div>\n<div> \t&#8211; La jornada del 25 de noviembre contra la violencia a las mujeres y las 24 horas de acci\u00f3n feminista del 10 de diciembre<\/div>\n<div> \t&#8211; Las celebraciones del D\u00eda Internacional de los Derechos Humanos<\/div>\n<div> \t&#8211; La solidaridad con Venezuela con motivo de la enfermedad de Hugo Ch\u00e1vez<\/div>\n<div> \t&#8211; Los preparativos para la Asamblea Continental de Movimientos Sociales<\/div>\n<div> \t&#8211; La solidaridad y lucha frente al Grupo Clarin por la plena vigencia de la ley de comunicaci\u00f3n en Argentina<\/div>\n<div> \t\u00a0<\/div>\n<div> \tEn la Conferencia de las Partes (COP18) en Doha, Qatar, sobre el cambio clim\u00e1tico, estaba en juego <a href=\"http:\/\/www.movimientos.org\/madretierra\/show_text.php3?key=21911\">el futuro del Protocolo de Kioto<\/a>, que vence este a\u00f1o, y sobre todo el futuro del mismo planeta. \u00a0Si bien se salv\u00f3 el Protocolo, los compromisos quedan bastante por debajo de lo que el planeta necesita para evitar un calentamiento desastroso de m\u00e1s de 2 o incluso 4 grados cent\u00edgrados en las pr\u00f3ximas d\u00e9cadas. Los gobiernos, que siguen dando prioridad a los intereses de la industria y el agronegocio,<a href=\"http:\/\/www.movimientos.org\/madretierra\/show_text.php3?key=21937\"> redactan p\u00e1ginas en blanco para el futuro del planeta<\/a>, denuncia la V\u00eda Campesina. \u00a0Por su parte, los pueblos ind\u00edgenas canalizaron sus <a href=\"http:\/\/www.movimientos.org\/madretierra\/show_text.php3?key=21904\">propuestas frente a la COP18<\/a>. \u00a0No obstante, en el seno del caucus ind\u00edgena hab\u00eda diferencias respecto al programa de manejo de bosques &ldquo;REDD ind\u00edgena&rdquo;, que para organizaciones integrantes de la delegaci\u00f3n boliviana no ser\u00eda sino<a href=\"http:\/\/www.movimientos.org\/madretierra\/show_text.php3?key=21905\"> &ldquo;la misma chola con diferente pollera&rdquo;<\/a>. \u00a0M\u00e1s informaci\u00f3n sobre la COP18: <a href=\"http:\/\/www.movimientos.org\/madretierra\">http:\/\/www.movimientos.org\/madretierra<\/a><\/div>\n<div> \t\u00a0<\/div>\n<div> \tDel 25 de noviembre al 10 de diciembre cada a\u00f1o las mujeres se movilizan contra la violencia a las mujeres y por sus derechos. La V\u00eda Campesina este a\u00f1o lo inscribi\u00f3 en su <a href=\"http:\/\/www.movimientos.org\/show_text.php3?key=21854\">Campa\u00f1a Basta de Violencia Contra las Mujeres<\/a>. \u00a0Tambi\u00e9n se uni\u00f3 a la jornada el <a href=\"http:\/\/www.movimientos.org\/show_text.php3?key=21852\">Foro Internacional de Mujeres Ind\u00edgenas- FIMI<\/a>. \u00a0Por su parte, la Marcha Mundial de las Mujeres organiz\u00f3 una acci\u00f3n global: <a href=\"http:\/\/www.movimientos.org\/show_text.php3?key=21929\">10 dic: 24 horas de acci\u00f3n feminista<\/a> que empez\u00f3 en Nueva Caledonia y termin\u00f3 en Seattle, como &ldquo;s\u00edmbolo de que estamos alertas a lo que pasa en el mundo, de los ataques a los derechos de las mujeres, y para dar a conocer nuestras resistencias y alternativas&rdquo;. <a href=\"http:\/\/www.movimientos.org\/show_text.php3?key=21939\">(Fotos y reportes)<\/a>.<\/div>\n<div> \t\u00a0<\/div>\n<div> \tDiversos pronunciamientos se emitieron con motivo del D\u00eda Internacional de los Derechos Humanos &ndash; 10 de diciembre: en<a href=\"http:\/\/www.movimientos.org\/show_text.php3?key=21943\"> Solidaridad con Hait\u00ed<\/a>, sobre los <a href=\"http:\/\/www.movimientos.org\/enlacei\/show_text.php3?key=21952\">derechos de los pueblos ind\u00edgenas<\/a>; sobre la <a href=\"http:\/\/www.movimientos.org\/show_text.php3?key=21945\">deuda con nuestros derechos<\/a>, y \u00a0por los<a href=\"http:\/\/www.movimientos.org\/show_text.php3?key=21948\"> Derechos Humanos, la Justicia y la Paz<\/a> en Paraguay, entre otros.<\/div>\n<div> \t\u00a0<\/div>\n<div> \tY en esta semana, desde todo el continente se expresa solidaridad con el presidente Hugo Ch\u00e1vez, ante su operaci\u00f3n de c\u00e1ncer, y con el pueblo venezolano. \u00a0Los <a href=\"http:\/\/www.movimientos.org\/show_text.php3?key=21936\">pueblos de Am\u00e9rica, con el Comandante Ch\u00e1vez<\/a>!<\/div>\n<div> \t\u00a0<\/div>\n<div> \tEl 7 de diciembre deb\u00eda entrar en vigencia la cl\u00e1usula de la Ley de Medios de Argentina que impide los monopolios medi\u00e1ticos. \u00a0Pero un nuevo recurso jur\u00eddico interpuesto por el Grupo Clarin oblig\u00f3 a una nueva postergaci\u00f3n. \u00a0Medios y organizaciones de Argentina y del continente levantaron su voz a favor de la desmonopolizaci\u00f3n. \u00a0<a href=\"http:\/\/www.movimientos.org\/foro_comunicacion\/show_text.php3?key=21925\">Argentina: La ley es tela de Ara\u00f1a<\/a>. \u00a0<a href=\"http:\/\/www.movimientos.org\/foro_comunicacion\/show_text.php3?key=21873\">FARCO repudia la absurda denuncia del Grupo Clar\u00edn<\/a>. \u00a0#7D en Argentina: <a href=\"http:\/\/albatv.org\/7D-en-Argentina-Un-paso-mas-hacia.html\">Un paso m\u00e1s hacia la democratizaci\u00f3n de la comunicaci\u00f3n<\/a>.<\/div>\n<div> \t\u00a0<\/div>\n<div> \tEn Colombia, entretanto, <a href=\"http:\/\/movimientos.org\/foro_comunicacion\/show_text.php3?key=21900\">avanza el debate sobre la comunicaci\u00f3n ind\u00edgena<\/a>, con la realizaci\u00f3n del <a href=\"http:\/\/www.movimientos.org\/enlacei\/show_text.php3?key=21856\">Foro Nacional de Comunicaci\u00f3n Ind\u00edgena<\/a>, que emiti\u00f3 un <a href=\"http:\/\/www.movimientos.org\/foro_comunicacion\/show_text.php3?key=21899\">Pronunciamiento<\/a>. \u00a0M\u00e1s informaci\u00f3n: \u00a0<a href=\"http:\/\/movimientos.org\/foro_comunicacion\/\">movimientos.org\/foro_comunicacion\/<\/a><\/div>\n<div> \t\u00a0<\/div>\n<div> \tDel pr\u00f3ximo 18 al 23 de enero de 2013 se realizar\u00e1 la Asamblea Continental de Movimientos Sociales, en Sao Paulo, Brasil. \u00a0Como evento preparatorio, el Cap\u00edtulo Argentina de Movimientos Sociales hacia el ALBA realiz\u00f3 su <a href=\"http:\/\/www.movimientos.org\/show_text.php3?key=21947\">primera Asamblea Nacional<\/a>. \u00a0<a href=\"http:\/\/www.movimientos.org\/show_text.php3?key=21944\">Finaliz\u00f3 la Asamblea Nacional<\/a>.<\/div>\n<div> \t\u00a0<\/div>\n<div> \tEn Honduras, <a href=\"http:\/\/www.movimientos.org\/show_text.php3?key=21890\">sicarios al mando de terratenientes contin\u00faan asesinando campesinos<\/a> y el movimiento campesino <a href=\"http:\/\/www.movimientos.org\/show_text.php3?key=21951\">exige un alto a la criminalizaci\u00f3n de la lucha<\/a>. \u00a0Por su parte la <a href=\"http:\/\/www.movimientos.org\/show_text.php3?key=21812\">Comisi\u00f3n Internacional de Derechos Humanos manifiesta enorme preocupaci\u00f3n ante asesinatos en el Agu\u00e1n<\/a>.<\/div>\n<div> \t\u00a0<\/div>\n<div> \tY en Paraguay,<a href=\"http:\/\/www.movimientos.org\/show_text.php3?key=21862\"> observadoras y observadores internacionales del Juicio \u00c9tico al Parlamento paraguayo emitieron un pronunciamiento<\/a>, en el que afirman que &#8220;no hay dudas sobre el avasallamiento al pueblo paraguayo realizado por el golpe parlamentario y el modelo pol\u00edtico al que representan. Este juicio es un testimonio del atropello de todos los derechos fundamentales y garant\u00edas del pueblo, especialmente de los pueblos ind\u00edgenas y de las comunidades campesinas&#8221;.<\/div>\n<div> \t\u00a0<\/div>\n<div> \tPor su parte la CAOI realiz\u00f3 un seminario sobre<a href=\"http:\/\/www.movimientos.org\/enlacei\/show_text.php3?key=21924\"> &ldquo;Normas de Derechos Humanos Aplicables a Proyectos de Empresas Transnacionales en Territorios Ind\u00edgenas&rdquo; <\/a>donde se denunci\u00f3 que &ldquo;Nuestra Pacha est\u00e1 enferma, <a href=\"http:\/\/www.movimientos.org\/enlacei\/show_text.php3?key=21934\">nuestra Pacha est\u00e1 en venta&rdquo;<\/a>. M\u00e1s informaci\u00f3n de los pueblos ind\u00edgenas: \u00a0<a href=\"http:\/\/www.movimientos.org\/enlacei\/\">www.movimientos.org\/enlacei\/<\/a>.<\/div>\n<div> \t\u00a0<\/div>\n<div> \t<strong>&#8211; 14\/12\/2012<\/strong><\/div>\n","protected":false},"excerpt":{"rendered":"<p>Las \u00faltimas semanas han registrado diversas movilizaciones por parte de las organizaciones sociales del continente. \u00a0Se destacan entre otros:<\/p>\n","protected":false},"author":2,"featured_media":0,"comment_status":"open","ping_status":"open","sticky":false,"template":"","format":"standard","meta":[],"categories":[3],"tags":[],"_links":{"self":[{"href":"https:\/\/tejidohistorico.afrodescendientes.com\/index.php\/wp-json\/wp\/v2\/posts\/4948"}],"collection":[{"href":"https:\/\/tejidohistorico.afrodescendientes.com\/index.php\/wp-json\/wp\/v2\/posts"}],"about":[{"href":"https:\/\/tejidohistorico.afrodescendientes.com\/index.php\/wp-json\/wp\/v2\/types\/post"}],"author":[{"embeddable":true,"href":"https:\/\/tejidohistorico.afrodescendientes.com\/index.php\/wp-json\/wp\/v2\/users\/2"}],"replies":[{"embeddable":true,"href":"https:\/\/tejidohistorico.afrodescendientes.com\/index.php\/wp-json\/wp\/v2\/comments?post=4948"}],"version-history":[{"count":0,"href":"https:\/\/tejidohistorico.afrodescendientes.com\/index.php\/wp-json\/wp\/v2\/posts\/4948\/revisions"}],"wp:attachment":[{"href":"https:\/\/tejidohistorico.afrodescendientes.com\/index.php\/wp-json\/wp\/v2\/media?parent=4948"}],"wp:term":[{"taxonomy":"category","embeddable":true,"href":"https:\/\/tejidohistorico.afrodescendientes.com\/index.php\/wp-json\/wp\/v2\/categories?post=4948"},{"taxonomy":"post_tag","embeddable":true,"href":"https:\/\/tejidohistorico.afrodescendientes.com\/index.php\/wp-json\/wp\/v2\/tags?post=4948"}],"curies":[{"name":"wp","href":"https:\/\/api.w.org\/{rel}","templated":true}]}}