{"id":4973,"date":"2012-12-21T21:43:47","date_gmt":"2012-12-21T21:43:47","guid":{"rendered":"http:\/\/www2.nasaacin.org\/index.php\/2012\/12\/21\/marchan-zapatistas-en-ocosingo-las-margaritas-y-san-cristobal\/"},"modified":"2012-12-21T21:43:47","modified_gmt":"2012-12-21T21:43:47","slug":"marchan-zapatistas-en-ocosingo-las-margaritas-y-san-cristobal","status":"publish","type":"post","link":"https:\/\/tejidohistorico.afrodescendientes.com\/index.php\/2012\/12\/21\/marchan-zapatistas-en-ocosingo-las-margaritas-y-san-cristobal\/","title":{"rendered":"Marchan zapatistas en Ocosingo, Las Margaritas y San Crist\u00f3bal"},"content":{"rendered":"<div> \t<\/div>\n<div> \t\u00bfQui\u00e9n dijo que el zapatismo no estaba vivo?.\u00a0Pues hoy, como vemos en La Jornada, ha habido movilizaci\u00f3n:<\/div>\n<p>  <!--more-->  <\/p>\n<div> \t\u00a0<\/div>\n<div> \tOcosingo, Chiapas. Desde las primeras horas de hoy miles de bases de apoyo zapatistas procedentes de los cinco caracoles empezaron a ocupar pac\u00edficamente las plazas centrales de las ciudades de Ocosingo, San Crist\u00f3bal de las Casas, Las Margaritas, Comit\u00e1n y Altamirano.<\/div>\n<div> \t\u00a0<\/div>\n<div> \tA las 6:30 horas las bases que llegaron a Ocosingo empezaron a congregarse cerca de la Universidad de la Selva, y desde all\u00ed comenzaron a marchar hacia el centro de la ciudad.<\/div>\n<div> \t\u00a0<\/div>\n<div> \tEn este momento en la plaza de Ocosingo las bases siguen llegando y ocupan todos los espacios no arbolados de la amplia plaza desde la presidencia municipal hasta la parroquia de la ciudad.<\/div>\n<div> \t\u00a0<\/div>\n<div> \tSe espera que el comit\u00e9 clandestino revolucionario ind\u00edgena comandancia general del Ej\u00e9rcito Zapatista de Liberaci\u00f3n Nacional (EZLN) emita alg\u00fan mensaje en las pr\u00f3ximas horas.<\/div>\n<div> \t\u00a0<\/div>\n<div> \tEn la fecha que muchos incautos creyeron que el mundo se acabar\u00eda, las comunidades mayas bases de apoyo del EZLN, con el rostro cubierto, la mayor\u00eda de ellos muy j\u00f3venes, esperan en silencio perfectamente formados bajo una pertinaz llovizna.<\/div>\n<div> \t\u00a0<\/div>\n<div> \tInusualmente para estas fechas ha llovido toda la noche.<\/div>\n<div> \t\u00a0<\/div>\n<div> \t[<strong>Hermann Bellinghausen,<\/strong> enviado \u2028Publicado: 21\/12\/2012 &#8211; <a href=\"http:\/\/www.jornada.unam.mx\/ultimas\/2012\/12\/21\/9154903-zapatistas-se-movilizan-en-cuatro-municipios-de-chiapas\">http:\/\/www.jornada.unam.mx\/ultimas\/2012\/12\/21\/9154903-zapatistas-se-movilizan-en-cuatro-municipios-de-chiapas<\/a><\/div>\n<div> \t\u00a0<\/div>\n<div> \t<img alt=\"alt\" src=\"http:\/\/javiersoriaj.files.wordpress.com\/2012\/12\/mov2.jpg?w=640\" style=\"width: 500px; height: 375px; margin: 5px;\" \/><\/div>\n<div> \t\u00a0<\/div>\n<div> \t<strong>Como podemos leer en Proceso:<\/strong><\/div>\n<div> \t\u00a0<\/div>\n<div> \tSAN CRIST\u00d3BAL DE LAS CASAS, Chiapas.- Miles de ind\u00edgenas integrantes de las comunidades de base del EZLN de la zona de los altos y la selva sorprendieron esta ma\u00f1ana con marchas en los poblados de Ocosingo, Margaritas y esta cabecera municipal.<\/div>\n<div> \t\u00a0<\/div>\n<div> \tDesde temprano, los ind\u00edgenas con pasamonta\u00f1as y paliacates cubri\u00e9ndoles el rostro salieron de sus comunidades y viajaron en cientos de camionetas para apostarse en las entradas de los tres municipios.<\/div>\n<div> \t\u00a0<\/div>\n<div> \tSin armas, con la bandera nacional y la zapatista (negra con una estrella roja al centro) los miles de campesinos iniciaron las movilizaciones en estas tres localidades, las mismas que en 1994 tomaron, pero con armas, para declarar la guerra al gobierno de Carlos Salinas de Gortari.<\/div>\n<div> \t\u00a0<\/div>\n<div> \tSin la presencia del subcomandante Marcos, los ind\u00edgenas zapatistas se concentrar\u00e1n en las cabeceras municipales para dar a conocer alrededor del mediod\u00eda un mensaje dirigido al pueblo de M\u00e9xico.<\/div>\n<div> \t\u00a0<\/div>\n<div> \tDesde mayo del 2011 las bases de apoyo del EZLN no se manifestaban. En aquella ocasi\u00f3n externaron su apoyo a las v\u00edctimas de la guerra de Felipe Calder\u00f3n contra el narcotr\u00e1fico, integradas en el Movimiento de Paz con Justicia y Dignidad que encabeza el poeta Javier Sicilia.<\/div>\n<div> \t\u00a0<\/div>\n<div> \tAhora se espera un mensaje pol\u00edtico pues coincidentemente se manifiestan en el arranque del gobierno de Enrique Pe\u00f1a Nieto y del mandatario chicpaneco Manuel Velasco.<\/div>\n<div> \t\u00a0<\/div>\n<div> \t<img alt=\"alt\" src=\"http:\/\/javiersoriaj.files.wordpress.com\/2012\/12\/mov1.jpg?w=640\" style=\"width: 500px; height: 374px; margin: 5px;\" \/><\/div>\n<div> \t\u00a0<\/div>\n<div> \t<a href=\"http:\/\/javiersoriaj.wordpress.com\/2012\/12\/21\/marchan-zapatistas-en-ocosingo-las-margaritas-y-san-cristobal\/\">http:\/\/javiersoriaj.wordpress.com\/2012\/12\/21\/marchan-zapatistas-en-ocosingo-las-margaritas-y-san-cristobal\/<\/a><\/div>\n","protected":false},"excerpt":{"rendered":"<p>\u00bfQui\u00e9n dijo que el zapatismo no estaba vivo?.\u00a0Pues hoy, como vemos en La Jornada, ha habido movilizaci\u00f3n:<\/p>\n","protected":false},"author":2,"featured_media":0,"comment_status":"open","ping_status":"open","sticky":false,"template":"","format":"standard","meta":[],"categories":[3],"tags":[],"_links":{"self":[{"href":"https:\/\/tejidohistorico.afrodescendientes.com\/index.php\/wp-json\/wp\/v2\/posts\/4973"}],"collection":[{"href":"https:\/\/tejidohistorico.afrodescendientes.com\/index.php\/wp-json\/wp\/v2\/posts"}],"about":[{"href":"https:\/\/tejidohistorico.afrodescendientes.com\/index.php\/wp-json\/wp\/v2\/types\/post"}],"author":[{"embeddable":true,"href":"https:\/\/tejidohistorico.afrodescendientes.com\/index.php\/wp-json\/wp\/v2\/users\/2"}],"replies":[{"embeddable":true,"href":"https:\/\/tejidohistorico.afrodescendientes.com\/index.php\/wp-json\/wp\/v2\/comments?post=4973"}],"version-history":[{"count":0,"href":"https:\/\/tejidohistorico.afrodescendientes.com\/index.php\/wp-json\/wp\/v2\/posts\/4973\/revisions"}],"wp:attachment":[{"href":"https:\/\/tejidohistorico.afrodescendientes.com\/index.php\/wp-json\/wp\/v2\/media?parent=4973"}],"wp:term":[{"taxonomy":"category","embeddable":true,"href":"https:\/\/tejidohistorico.afrodescendientes.com\/index.php\/wp-json\/wp\/v2\/categories?post=4973"},{"taxonomy":"post_tag","embeddable":true,"href":"https:\/\/tejidohistorico.afrodescendientes.com\/index.php\/wp-json\/wp\/v2\/tags?post=4973"}],"curies":[{"name":"wp","href":"https:\/\/api.w.org\/{rel}","templated":true}]}}