{"id":4982,"date":"2012-12-26T21:52:45","date_gmt":"2012-12-26T21:52:45","guid":{"rendered":"http:\/\/www2.nasaacin.org\/index.php\/2012\/12\/26\/petroleo-y-mineria-socavan-la-tranquilidad-en-america-latina\/"},"modified":"2012-12-26T21:52:45","modified_gmt":"2012-12-26T21:52:45","slug":"petroleo-y-mineria-socavan-la-tranquilidad-en-america-latina","status":"publish","type":"post","link":"https:\/\/tejidohistorico.afrodescendientes.com\/index.php\/2012\/12\/26\/petroleo-y-mineria-socavan-la-tranquilidad-en-america-latina\/","title":{"rendered":"Petr\u00f3leo y miner\u00eda socavan la tranquilidad en Am\u00e9rica Latina"},"content":{"rendered":"<\/p>\n<div> \tPara el Ministerio de Agricultura de Colombia, la desmesurada entrega de t\u00edtulos mineros activa un nuevo detonante: campesinos en medio del conflicto y una gran cantidad de tierra apta para explotaci\u00f3n agr\u00edcola y ganadera destruida.\u00a0<\/div>\n<p>  <!--more-->  <\/p>\n<div> \t\u00a0<\/div>\n<div> \tEl dilema de la explotaci\u00f3n minera y petrolera en Per\u00fa, Bolivia, Ecuador y El Salvador es similar al de Colombia: \u00bfhasta qu\u00e9 punto deben arriesgar los Gobiernos la estabilidad social, ambiental y de derechos humanos por un modelo de desarrollo econ\u00f3mico?<\/div>\n<div> \t\u00a0<\/div>\n<div> \tEn los \u00faltimos a\u00f1os, casi el 40% del territorio colombiano ha sido concesionado o solicitado por transnacionales mineras y de hidrocarburos. Un informe del Instituto de Estudios para el Desarrollo y la Paz plantea que, de los 114 millones de hect\u00e1reas que lo componen, unos 8,4 millones han sido dados en concesi\u00f3n para la exploraci\u00f3n de minerales y 37 millones, titulados para la b\u00fasqueda de hidrocarburos.<\/div>\n<div> \t\u00a0<\/div>\n<div> \tA septiembre de 2011, el Sistema de Informaci\u00f3n Ambiental Minero-Energ\u00e9tico, a trav\u00e9s del Registro Nacional Minero, indicaba que 1.717 empresas ten\u00edan t\u00edtulos vigentes de concesiones para explorar o explotar minas y que 7.200 t\u00edtulos estaban en manos de particulares.<\/div>\n<div> \t\u00a0<\/div>\n<div> \tPara el pueblo colombiano, estas cifras son motivo de indignaci\u00f3n. Para los ambientalistas, prueba fehaciente del poco o nulo inter\u00e9s del Gobierno nacional por el impacto ambiental de la miner\u00eda legal o ilegal. Y para las poblaciones afectadas social, cultural y econ\u00f3micamente, un asunto de denuncia permanente.<\/div>\n<div> \t\u00a0<\/div>\n<div> \tContinente en exploraci\u00f3n<\/div>\n<div> \t\u00a0<\/div>\n<div> \tEn pa\u00edses como Per\u00fa, Bolivia, Ecuador y El Salvador la realidad no es diferente de la colombiana. Los minerales, el petr\u00f3leo y el gas han pasado de ser riquezas del subsuelo &ndash;incluso hay creencias ancestrales que consideran que el &ldquo;oro negro&rdquo; es la sangre de la Pachamama (Madre Tierra)&ndash; a ser asuntos pol\u00edtico-econ\u00f3micos que redefinen la relaci\u00f3n desarrollo-naturaleza-Estado.<\/div>\n<div> \t\u00a0<\/div>\n<div> \tAnthony Bebbington, ge\u00f3grafo y director de la Escuela de Posgrado de Geograf\u00eda de la Universidad de Clark (EE. UU.), estudia las relaciones entre las industrias extractivas, los conflictos y el desarrollo rural en estas naciones. En su reciente visita a Colombia, particip\u00f3 en el Seminario Internacional Extractivismo y Miner\u00eda en Am\u00e9rica Latina, organizado por la Universidad Nacional de Colombia en Bogot\u00e1.<\/div>\n<div> \t\u00a0<\/div>\n<div> \tEn su investigaci\u00f3n, en la que trabaja hace siete a\u00f1os, ha encontrado que los conflictos sociales, los da\u00f1os ambientales y las econom\u00edas son similares en algunos aspectos. Y se pregunta si la industria extractiva les permitir\u00e1 alcanzar el desarrollo econ\u00f3mico o si prevalecer\u00e1n &ldquo;los conflictos, la degradaci\u00f3n y el crecimiento desigual&rdquo;.<\/div>\n<div> \t\u00a0<\/div>\n<div> \tAsegura que, desde hace quince a\u00f1os, el sector se ha convertido &ndash;de manera creciente&ndash; en una estrategia central para el desarrollo de dichos pa\u00edses. Por ejemplo, en el caso del Per\u00fa, entre los a\u00f1os 2012 y 2013, se destinar\u00e1n 30 mil millones de d\u00f3lares al sector minero y de hidrocarburos, seg\u00fan lo report\u00f3 en mayo pasado el Ministerio de Econom\u00eda y Finanzas de ese pa\u00eds, lo que constituye m\u00e1s del 50% del flujo de inversi\u00f3n directa. Solo la miner\u00eda representa el 60% de sus exportaciones totales.<\/div>\n<div> \t\u00a0<\/div>\n<div> \tEn Ecuador hay disputas p\u00fablicas y pol\u00edticas sobre la extracci\u00f3n de petr\u00f3leo en el Parque Nacional Yasun\u00ed. Por lo pronto, el Gobierno decidi\u00f3 dejar bajo tierra 846 millones de barriles de crudo, a cambio de conservar un bosque que evita la emisi\u00f3n de 400 millones de toneladas m\u00e9tricas de CO2. Los hidrocarburos encontrados debajo de la selva representan el 20% de las reservas de la naci\u00f3n andina.<\/div>\n<div> \t\u00a0<\/div>\n<div> \tSe trata de un modelo en el cual el pa\u00eds le propuso a la comunidad internacional preservar los bosques a cambio de que contribuyera financieramente con al menos 3.600 millones de d\u00f3lares (equivalentes al 50% de los recursos que percibir\u00eda el Estado en caso de optar por la explotaci\u00f3n, seg\u00fan se afirma en la p\u00e1gina oficial de la novedosa propuesta).<\/div>\n<div> \t\u00a0<\/div>\n<div> \tPocos han copiado este modelo. Por el contrario, en Bolivia crecen las inversiones en hidrocarburos, y tanto en Colombia como en Ecuador existen prominentes discusiones sobre la expansi\u00f3n minera. La crisis ambiental, relacionada con el fen\u00f3meno, es la principal fuente del conflicto social.<\/div>\n<div> \t\u00a0<\/div>\n<div> \t&ldquo;En Bolivia, en el a\u00f1o 2009, se presentaron nuevas tensiones entre el Estado y grupos ind\u00edgenas de las regiones del Chaco y el norte amaz\u00f3nico, a ra\u00edz de la propuesta de expandir las operaciones hidrocarbur\u00edferas y empezar acciones exploratorias&rdquo;, afirma el profesor Bebbington.<\/div>\n<div> \t\u00a0<\/div>\n<div> \tEl ge\u00f3grafo plantea que los motores que impulsan el extractivismo en Sur- y Centroam\u00e9rica son los precios, la demanda, las reformas, los proyectos pol\u00edticos (C\u00f3digo Minero, ajuste en pago de impuestos, tipificaci\u00f3n de la miner\u00eda ilegal como delito), la integraci\u00f3n regional y la aparici\u00f3n de nuevos inversionistas. Aqu\u00ed cabe citar el caso de Ecuador, naci\u00f3n a la cual el Banco de Desarrollo Chino le prest\u00f3 65 billones de d\u00f3lares y se convirti\u00f3 en su principal inversionista en el sector de hidrocarburos.<\/div>\n<div> \t\u00a0<\/div>\n<div> \tOtro de los hallazgos del investigador fue el cambio de los &ldquo;imaginarios nacionales&rdquo;, en cuanto a los temas de identidad y de subsuelo. En Per\u00fa, las construcciones de visiones del futuro se dan seg\u00fan el binomio subsuelo\/desarrollo. Con la mina de oro m\u00e1s grande de Suram\u00e9rica, aquel se convierte en una salvaci\u00f3n para la crisis econ\u00f3mica: en la base de un modelo de crecimiento, estabilidad y redistribuci\u00f3n.<\/div>\n<div> \t\u00a0<\/div>\n<div> \tLos riesgos del litio<\/div>\n<div> \t\u00a0<\/div>\n<div> \tPor su parte, Argentina, Chile y Bolivia conforman el &ldquo;tri\u00e1ngulo del litio&rdquo;, pues poseen el 80% de las reservas mundiales de este elemento. &ldquo;La mayor parte es explotable en salmueras (desiertos de sal) y se encuentra, espec\u00edficamente, en el Salar de Uyuni en Bolivia, en el de Atacama en Chile y en los peque\u00f1os salares de las tierras altas del noreste argentino&rdquo;, precisa B\u00e1rbara G\u00f6bel, directora del Instituto Iberoamericano de Berl\u00edn.<\/div>\n<div> \t\u00a0<\/div>\n<div> \tEl litio es un mineral clave para China, Estados Unidos, Europa y Jap\u00f3n, pues permite una eficiente transici\u00f3n el\u00e9ctrica (bater\u00edas, veh\u00edculos, etc.) y es usado para generar energ\u00eda renovable (solar y e\u00f3lica), que requiere de un almacenamiento eficiente de energ\u00eda.<\/div>\n<div> \t\u00a0<\/div>\n<div> \t&ldquo;Se convirti\u00f3 en la met\u00e1fora de un progreso &lsquo;limpio&rsquo; y sustentable&rdquo;, asegura G\u00f6bel. El problema es que no se consigue en algunos de estos pa\u00edses, por lo cual lo compran en regiones donde su explotaci\u00f3n produce da\u00f1os ambientales, sociales y econ\u00f3micos.<\/div>\n<div> \t\u00a0<\/div>\n<div> \tFrente al panorama la pregunta es: \u00bfcu\u00e1nto riesgo est\u00e1n dispuestos a afrontar los Estados en nombre del desarrollo econ\u00f3mico?<\/div>\n<div> \t\u00a0<\/div>\n<div> \t(Por: <strong>Leidy Casta\u00f1o, Unimedios<\/strong>)\u00a0<\/div>\n<div> \tFoto: Archivo particular.<\/div>\n<div> \tDic. 08 de 2012 &#8211;<\/div>\n<div> \t<a href=\"http:\/\/www.agenciadenoticias.unal.edu.co\/detalle\/article\/petroleo-y-mineria-socaban-la-tranquilidad-en-america-latina.html\">http:\/\/www.agenciadenoticias.unal.edu.co\/detalle\/article\/petroleo-y-mineria-socaban-la-tranquilidad-en-america-latina.html<\/a><\/div>\n","protected":false},"excerpt":{"rendered":"<p>Para el Ministerio de Agricultura de Colombia, la desmesurada entrega de t\u00edtulos mineros activa un nuevo detonante: campesinos en medio del conflicto y una gran cantidad de tierra apta para explotaci\u00f3n agr\u00edcola [&hellip;]<\/p>\n","protected":false},"author":2,"featured_media":0,"comment_status":"open","ping_status":"open","sticky":false,"template":"","format":"standard","meta":[],"categories":[3],"tags":[],"_links":{"self":[{"href":"https:\/\/tejidohistorico.afrodescendientes.com\/index.php\/wp-json\/wp\/v2\/posts\/4982"}],"collection":[{"href":"https:\/\/tejidohistorico.afrodescendientes.com\/index.php\/wp-json\/wp\/v2\/posts"}],"about":[{"href":"https:\/\/tejidohistorico.afrodescendientes.com\/index.php\/wp-json\/wp\/v2\/types\/post"}],"author":[{"embeddable":true,"href":"https:\/\/tejidohistorico.afrodescendientes.com\/index.php\/wp-json\/wp\/v2\/users\/2"}],"replies":[{"embeddable":true,"href":"https:\/\/tejidohistorico.afrodescendientes.com\/index.php\/wp-json\/wp\/v2\/comments?post=4982"}],"version-history":[{"count":0,"href":"https:\/\/tejidohistorico.afrodescendientes.com\/index.php\/wp-json\/wp\/v2\/posts\/4982\/revisions"}],"wp:attachment":[{"href":"https:\/\/tejidohistorico.afrodescendientes.com\/index.php\/wp-json\/wp\/v2\/media?parent=4982"}],"wp:term":[{"taxonomy":"category","embeddable":true,"href":"https:\/\/tejidohistorico.afrodescendientes.com\/index.php\/wp-json\/wp\/v2\/categories?post=4982"},{"taxonomy":"post_tag","embeddable":true,"href":"https:\/\/tejidohistorico.afrodescendientes.com\/index.php\/wp-json\/wp\/v2\/tags?post=4982"}],"curies":[{"name":"wp","href":"https:\/\/api.w.org\/{rel}","templated":true}]}}