{"id":5049,"date":"2013-01-22T18:31:36","date_gmt":"2013-01-22T18:31:36","guid":{"rendered":"http:\/\/www2.nasaacin.org\/index.php\/2013\/01\/22\/denuncia-nacional-e-internacional-del-asesinato-de-lider-indigena-rafael-mauricio-giron-ulchur-por-las-farc\/"},"modified":"2013-01-22T18:31:36","modified_gmt":"2013-01-22T18:31:36","slug":"denuncia-nacional-e-internacional-del-asesinato-de-lider-indigena-rafael-mauricio-giron-ulchur-por-las-farc","status":"publish","type":"post","link":"https:\/\/tejidohistorico.afrodescendientes.com\/index.php\/2013\/01\/22\/denuncia-nacional-e-internacional-del-asesinato-de-lider-indigena-rafael-mauricio-giron-ulchur-por-las-farc\/","title":{"rendered":"Fin del cese al fuego: las Farc asesinan a l\u00edder ind\u00ecgena en Jambal\u00f3"},"content":{"rendered":"<\/p>\n<div>\n<div> \t\tDenuncia nacional e internacional por el asesinato de l\u00edder ind\u00edgena Rafael Mauricio Gir\u00f3n Ulchur. \u00bfCoincidencia o confabulaci\u00f3n &#8211; Plan de Extermino? En el marco de la terminaci\u00f3n del cese unilateral de fuego de las Farc, contin\u00faan amenazas y asesinatos a l\u00edderes ind\u00edgenas en el territorio ancestral de J\u00e1mbalo y los organismos del estado siguen judicializando a los l\u00edderes ind\u00edgenas del norte del Cauca, por defender el Plan de Vida, el territorio y la autodeterminaci\u00f3n como pueblos originarios.<\/div>\n<p> \t <!--more-->  \t<\/p>\n<div> \t\t\u00a0<\/div>\n<div> \t\t<img alt=\"alt\" src=\"http:\/\/publish.indymedia.org\/images\/2013\/01\/960950.jpg\" style=\"width: 200px; height: 246px; margin: 6px; float: left;\" \/>Desde el coraz\u00f3n de nuestra Madre Tierra y los seres espirituales que nos acompa\u00f1an, el 20 de enero de 2013, nos hemos reunido las Autoridades Ind\u00edgenas del Territorio ancestral de Jambal\u00f3, para manifestar nuestra voz de total rechazo a las continuas violaciones al derecho a la vida que se vienen dando por parte de los actores de la guerra, poniendo en inminente riesgo nuestra pervivencia f\u00edsica y cultural como pueblos ind\u00edgenas.\u00a0<\/div>\n<div> \t\t\u00a0<\/div>\n<div> \t\tComo pueblos ind\u00edgenas, hemos mantenido una posici\u00f3n frente a la guerra absurda y que continuamente irrumpe en nuestras familias, violando los derechos que est\u00e1n reconocidos en el ordenamiento jur\u00eddico nacional e internacional, tales como el auto 004 del 2009 emanado por la honorable Corte Constitucional y las medidas cautelares ordenadas por la Comisi\u00f2n Interamericana de Derechos Humanos al gobierno nacional, las cuales reafirman las resoluciones y mandatos que hemos promulgado desde nuestras comunidades ind\u00edgenas acerca de nuestra posici\u00f3n de autonom\u00eda territorial, frente a los actores armados y a todo proyecto que atente contra la armon\u00eda de nuestro Plan de Vida.\u00a0<\/div>\n<div> \t\t\u00a0<\/div>\n<div> \t\tMAURICIO GIR\u00d3N era beneficiario de la Medida Cautelar, No.255-11,\u00a0y el Estado no le garantiz\u00f3 la vida e integridad personal: ni como l\u00edder ind\u00edgena, ni como ex concejal de la alcald\u00eda municipal de Jambal\u00f3.<\/div>\n<div> \t\t\u00a0<\/div>\n<div> \t\tDentro de las afectaciones son las mujeres quienes m\u00e1s sufren estas consecuencias puesto que el uso de las armas de fuego est\u00e1n arrebatando la vida de los padres y de los hijos, violando de manera sistem\u00e1tica el derecho a una familia, debido a que cada vez son m\u00e1s las mujeres las que tienen que asumir la responsabilidad de los ni\u00f1os y ni\u00f1as.<\/div>\n<div> \t\t\u00a0<\/div>\n<div> \t\t<strong>DENUNCIAMOS QUE:<\/strong><\/div>\n<div> \t\t\u00a0<\/div>\n<div> \t\tDespu\u00e9s de la injusta judicializaci\u00f3n del coordinador de la Guardia Ind\u00edgena de la ACIN, Manuel Antonio Bautista Pequi, los asesinatos contin\u00faan en el territorio Nasa.<\/div>\n<div> \t\t\u00a0<\/div>\n<div> \t\tEl d\u00eda 20 de enero del 2013 siendo las tres (3:00) pm, parad\u00f3jicamente en el marco de la terminaci\u00f3n del cese unilateral al fuego declarado por las FARC ante la comunidad nacional e internacional, en la v\u00eda que conduce del Resguardo de J\u00e1mbalo al municipio de Torib\u00edo &ndash; Cauca &ndash; Colombia, en el punto denominado el Asi\u00f3 vereda Barondillo, fue asesinado vil y cobardemente por esta guerrilla, con 6 impactos de bala de fusil en su cuerpo, el l\u00edder ind\u00edgena, RAFAEL MAURICIO GIRON ULCHUR de 32 a\u00f1os de edad, quien transitaba en su motocicleta. Los asesinos al notar la reacci\u00f3n de la Guardia Ind\u00edgena, huyeron del lugar de los hechos. Mauricio Gir\u00f3n era padre de familia de tres hijos y conviv\u00eda con su esposa MARIA CENEIDA TAQUINAS, quedando hu\u00e9rfanos un beb\u00e9 de cuatro meses de gestaci\u00f3n, as\u00ed como los menores: ANGELA LORENA GIRON TAQUINAS de 2 a\u00f1os y ALEXANDER GIRON TAQUINAS de 13 a\u00f1os.<\/div>\n<div> \t\t\u00a0<\/div>\n<div> \t\tLa amenaza contra el joven dirigente empez\u00f3 a surgir por su gran aporte al proceso de lucha y resistencia para la pervivencia como Pueblos Ind\u00edgenas y el Plan de Vida del Proyecto Global de Jambal\u00f3, donde ocup\u00f3 diferentes cargos delegados por la comunidad, tales como: Cabildante veredal del Resguardo, Presidente de Junta de Acci\u00f3n Comunal de la Vereda Barondillo en el periodo 2004-2007, en el periodo 2008-2011 ejerci\u00f3 como concejal y presidente de esta Corporaci\u00f3n por el Movimiento C\u00edvico de J\u00e1mbalo &ndash; Cauca, partido Alianza Social Ind\u00edgena (ASI), quien permanentemente ha sido uno de los dinamizadores y orientador del Plan de Vida Proyecto Global del Resguardo y Municipio; y recientemente postulado para asumir la secretaria general del honorable Concejo Municipal de Jambal\u00f3 Cauca.<\/div>\n<div> \t\t\u00a0<\/div>\n<div> \t\tFinalmente, reiteramos nuestra posici\u00f3n pol\u00edtica de autonom\u00eda frente a todos los actores de muerte y hacemos un llamado a la solidaridad nacional e internacional, puesto que a pesar de las medidas cautelares de la Corte Interamericana de Derechos Humanos y el Plan de Salvaguarda ordenado al Ejecutivo Nacional para estas comunidades por las altas cortes, es evidente el incumplimiento de \u00a0estas medidas. Basta se\u00f1alar que contra los l\u00edderes de las comunidades ind\u00edgenas existen al parecer m\u00e1s de 139 \u00f3rdenes de captura por parte de los organismos judiciales del Estado. Esto, mientras se dan permanentes y sistem\u00e1ticas amenazas y asesinatos por parte de las Farc.<\/div>\n<div> \t\t\u00a0<\/div>\n<div> \t\tPor una paz m\u00e1s all\u00e1 de la negociaci\u00f3n entre los armados<\/div>\n<div> \t\t\u00a0<\/div>\n<div> \t\t<strong>AUTORIDAD TRADICIONAL NEJWSH \u00a0del RESGURADO DE JAMBAL\u00d3 &#8211; CAUCA &#8211; COLOMBIA<\/strong><\/div>\n<\/p><\/div>\n<div> \t\u00a0<\/div>\n","protected":false},"excerpt":{"rendered":"<p>Denuncia nacional e internacional por el asesinato de l\u00edder ind\u00edgena Rafael Mauricio Gir\u00f3n Ulchur. \u00bfCoincidencia o confabulaci\u00f3n &#8211; Plan de Extermino? En el marco de la terminaci\u00f3n del cese unilateral de fuego [&hellip;]<\/p>\n","protected":false},"author":2,"featured_media":0,"comment_status":"open","ping_status":"open","sticky":false,"template":"","format":"standard","meta":[],"categories":[73],"tags":[],"_links":{"self":[{"href":"https:\/\/tejidohistorico.afrodescendientes.com\/index.php\/wp-json\/wp\/v2\/posts\/5049"}],"collection":[{"href":"https:\/\/tejidohistorico.afrodescendientes.com\/index.php\/wp-json\/wp\/v2\/posts"}],"about":[{"href":"https:\/\/tejidohistorico.afrodescendientes.com\/index.php\/wp-json\/wp\/v2\/types\/post"}],"author":[{"embeddable":true,"href":"https:\/\/tejidohistorico.afrodescendientes.com\/index.php\/wp-json\/wp\/v2\/users\/2"}],"replies":[{"embeddable":true,"href":"https:\/\/tejidohistorico.afrodescendientes.com\/index.php\/wp-json\/wp\/v2\/comments?post=5049"}],"version-history":[{"count":0,"href":"https:\/\/tejidohistorico.afrodescendientes.com\/index.php\/wp-json\/wp\/v2\/posts\/5049\/revisions"}],"wp:attachment":[{"href":"https:\/\/tejidohistorico.afrodescendientes.com\/index.php\/wp-json\/wp\/v2\/media?parent=5049"}],"wp:term":[{"taxonomy":"category","embeddable":true,"href":"https:\/\/tejidohistorico.afrodescendientes.com\/index.php\/wp-json\/wp\/v2\/categories?post=5049"},{"taxonomy":"post_tag","embeddable":true,"href":"https:\/\/tejidohistorico.afrodescendientes.com\/index.php\/wp-json\/wp\/v2\/tags?post=5049"}],"curies":[{"name":"wp","href":"https:\/\/api.w.org\/{rel}","templated":true}]}}