{"id":514,"date":"2010-08-26T20:18:48","date_gmt":"2010-08-26T20:18:48","guid":{"rendered":"http:\/\/www2.nasaacin.org\/index.php\/2010\/08\/26\/asesinado-joven-indigena-en-jambalo\/"},"modified":"2010-08-26T20:18:48","modified_gmt":"2010-08-26T20:18:48","slug":"asesinado-joven-indigena-en-jambalo","status":"publish","type":"post","link":"https:\/\/tejidohistorico.afrodescendientes.com\/index.php\/2010\/08\/26\/asesinado-joven-indigena-en-jambalo\/","title":{"rendered":"Asesinado joven ind\u00edgena en Jambal\u00f3"},"content":{"rendered":"<div class=\"fuentefecha\"><strong> <\/strong><\/div>\n<p>\u201cA Jhon Edinson Mosquera nunca se le conocieron problemas en la vereda, por lo tanto solicitamos el esclarecimiento del homicidio del joven\u201d, se\u00f1al\u00f3 el presidente de la Junta de Acci\u00f3n Comunal, quien al igual que la comunidad, lamenta la muerte del joven y espera se conozca la realidad de los hechos, puesto que se desconocen los motivos de su muerte.<\/p>\n<p>  <!--more-->  <\/p>\n<p>\u00a0<\/p>\n<p><strong>Avanza plan de muerte en el territorio ancestral de Jambal\u00f3 <\/strong><\/p>\n<p>Del 19\u00a0 al 21 de agosto de 2010 en J\u00e1mbalo Cauca se conmemoraron  los 14 a\u00f1os del fallecimiento del primer alcalde ind\u00edgena, Marden  Arnulfo Betancur, acto que cont\u00f3 con participaci\u00f3n de la autoridad  tradicional y de comunidad de diferentes veredas de dicha localidad.<\/p>\n<p>En  este espacio donde se encontraba la comunidad reunida se conoci\u00f3 del  lamentable\u00a0 homicidio de Jhon Edinson Mosquera, a quien algunos  comuneros lograron identificar el d\u00eda 17 de agosto. El cabildo y los  comuneros que hac\u00edan presencia en el evento rechazaron este acto de  vulneraci\u00f3n del derecho fundamental como es la vida, que constantemente  es arrebatada por los actores armados legales e ilegales y las bandas  emergentes.<\/p>\n<p>La v\u00edctima fue encontrada el 17 de agosto a eso de  las 3: 15 p.m.\u00a0 en la orilla de la v\u00eda, que de la Mina conduce a  Santander de Quilichao, en la Quebrada la Catalina, la cual limita con  las veredas de Chimicueto y El Trapiche, zona media del resguardo de  J\u00e1mbalo. Las investigaciones deducen que el hecho se cometi\u00f3 cuando Jhon  Edinson Mosquera se dirig\u00eda a la casa de su compa\u00f1era, luego de haber  cumplido la jornada de trabajo en su vereda natal.<em><br \/><\/em><br \/><strong>\u00bfQui\u00e9n era Edinson?<\/strong><\/p>\n<p>El  creci\u00f3 y se form\u00f3 con el calor de su madre, realiz\u00f3\u00a0 estudios de b\u00e1sica  primaria en la vereda Chimicueto, despu\u00e9s realiz\u00f3 el bachillerato en  Santander de Quilichao. Aport\u00f3 en los trabajos comunitarios de la  vereda: en el 2007 ejerci\u00f3 el cargo de autoridad tradicional de la  vereda Chimicueto, y en el 2009 trabaj\u00f3 como\u00a0 ayudante\u00a0 de un veh\u00edculo  para el transporte p\u00fablico.<\/p>\n<p>El joven era hijo de Custodia Diz\u00fa  docente de la vereda El Tabl\u00f3n.\u00a0 Edinson este 23 de agosto apenas iba a  cumplir 21 a\u00f1os de edad. Conviv\u00eda con una joven, la cual qued\u00f3 viuda y  con cinco meses de embarazo. Ella y su beb\u00e9 pasan a engrosar\u00a0 la larga  lista de viudas y hu\u00e9rfanos en Colombia como consecuencia de esta guerra  sin sentido.<br \/><strong><br \/>Reacciones de la comunidad<\/strong><br \/> <em><br \/>\u201cA  Jhon Edinson nunca se le conocieron problemas en la vereda, por lo  tanto solicitamos el esclarecimiento del homicidio del joven\u201d, se\u00f1al\u00f3 el  presidente de la Junta de Acci\u00f3n Comunal, quien al igual que la  comunidad, lamenta la muerte del joven y espera se conozca la realidad  de los hechos, puesto que se desconocen los motivos de su muerte.<\/em><\/p>\n<p>La  autoridad tradicional del Resguardo de Jambal\u00f3, a trav\u00e9s de los  jur\u00eddicos inici\u00f3 un proceso de investigaci\u00f3n\u00a0 para esclarecer este  hecho. Se espera que estas indagaciones permitan hallar a los autores  materiales e intelectuales de este crimen.<\/p>\n<p>La comunidad reunida  en asamblea del Proyecto Global, solicit\u00f3 que entre nosotros nos  cuidemos para as\u00ed cuidar el territorio. \u201cLas autoridades y la comunidad  del resguardo rechazamos una vez m\u00e1s la violaci\u00f3n\u00a0 de los derechos  humanos\u201d, agregaron en la asamblea.<\/p>\n<p><strong> [ <span>Autor: Cabildo Ind\u00edgena de Jambal\u00f3\/Proyecto Global<\/span>]<\/strong><\/p>\n","protected":false},"excerpt":{"rendered":"<p>\u201cA Jhon Edinson Mosquera nunca se le conocieron problemas en la vereda, por lo tanto solicitamos el esclarecimiento del homicidio del joven\u201d, se\u00f1al\u00f3 el presidente de la Junta de Acci\u00f3n Comunal, quien [&hellip;]<\/p>\n","protected":false},"author":1,"featured_media":0,"comment_status":"open","ping_status":"open","sticky":false,"template":"","format":"standard","meta":[],"categories":[3],"tags":[],"_links":{"self":[{"href":"https:\/\/tejidohistorico.afrodescendientes.com\/index.php\/wp-json\/wp\/v2\/posts\/514"}],"collection":[{"href":"https:\/\/tejidohistorico.afrodescendientes.com\/index.php\/wp-json\/wp\/v2\/posts"}],"about":[{"href":"https:\/\/tejidohistorico.afrodescendientes.com\/index.php\/wp-json\/wp\/v2\/types\/post"}],"author":[{"embeddable":true,"href":"https:\/\/tejidohistorico.afrodescendientes.com\/index.php\/wp-json\/wp\/v2\/users\/1"}],"replies":[{"embeddable":true,"href":"https:\/\/tejidohistorico.afrodescendientes.com\/index.php\/wp-json\/wp\/v2\/comments?post=514"}],"version-history":[{"count":0,"href":"https:\/\/tejidohistorico.afrodescendientes.com\/index.php\/wp-json\/wp\/v2\/posts\/514\/revisions"}],"wp:attachment":[{"href":"https:\/\/tejidohistorico.afrodescendientes.com\/index.php\/wp-json\/wp\/v2\/media?parent=514"}],"wp:term":[{"taxonomy":"category","embeddable":true,"href":"https:\/\/tejidohistorico.afrodescendientes.com\/index.php\/wp-json\/wp\/v2\/categories?post=514"},{"taxonomy":"post_tag","embeddable":true,"href":"https:\/\/tejidohistorico.afrodescendientes.com\/index.php\/wp-json\/wp\/v2\/tags?post=514"}],"curies":[{"name":"wp","href":"https:\/\/api.w.org\/{rel}","templated":true}]}}