{"id":5209,"date":"2013-03-07T23:04:09","date_gmt":"2013-03-07T23:04:09","guid":{"rendered":"http:\/\/www2.nasaacin.org\/index.php\/2013\/03\/07\/willinton-guetio-con-los-jovenes-y-comunicacion-no-se-pudo288\/"},"modified":"2013-03-07T23:04:09","modified_gmt":"2013-03-07T23:04:09","slug":"willinton-guetio-con-los-jovenes-y-comunicacion-no-se-pudo288","status":"publish","type":"post","link":"https:\/\/tejidohistorico.afrodescendientes.com\/index.php\/2013\/03\/07\/willinton-guetio-con-los-jovenes-y-comunicacion-no-se-pudo288\/","title":{"rendered":"Willinton Guetio: con los j\u00f3venes y comunicaci\u00f3n no se pudo"},"content":{"rendered":"<p> \t&ldquo;Con los j\u00f3venes no se pudo articular porque nos criticaron que recibi\u00e9ramos recursos de USAID&#8230; Y com comunicaci\u00f3n tampoco se pudo porque la ACIN necesita es una agencia de prensa para visibilizar lo que hace la consejer\u00eda, lo que hacen los tejidos, lo que hacen los cabildos, pero em esa p\u00e1gina no se ve&rdquo;, asegur\u00f3 Willinton Guetio, exconsejero de la ACIN.<\/p>\n<p> <a href=\"http:\/\/www.podcaster.cl\/wp-content\/uploads\/2013\/03\/willintonjovenescomunicacion.mp3\"><strong>Descargue el audio<\/strong><\/a><\/div>\n<\/p><\/div>\n<p> \t\u00a0<\/p>\n","protected":false},"excerpt":{"rendered":"<p>&ldquo;Con los j\u00f3venes no se pudo articular porque nos criticaron que recibi\u00e9ramos recursos de USAID&#8230; Y com comunicaci\u00f3n tampoco se pudo porque la ACIN necesita es una agencia de prensa para visibilizar [&hellip;]<\/p>\n","protected":false},"author":2,"featured_media":0,"comment_status":"open","ping_status":"open","sticky":false,"template":"","format":"standard","meta":[],"categories":[47],"tags":[],"_links":{"self":[{"href":"https:\/\/tejidohistorico.afrodescendientes.com\/index.php\/wp-json\/wp\/v2\/posts\/5209"}],"collection":[{"href":"https:\/\/tejidohistorico.afrodescendientes.com\/index.php\/wp-json\/wp\/v2\/posts"}],"about":[{"href":"https:\/\/tejidohistorico.afrodescendientes.com\/index.php\/wp-json\/wp\/v2\/types\/post"}],"author":[{"embeddable":true,"href":"https:\/\/tejidohistorico.afrodescendientes.com\/index.php\/wp-json\/wp\/v2\/users\/2"}],"replies":[{"embeddable":true,"href":"https:\/\/tejidohistorico.afrodescendientes.com\/index.php\/wp-json\/wp\/v2\/comments?post=5209"}],"version-history":[{"count":0,"href":"https:\/\/tejidohistorico.afrodescendientes.com\/index.php\/wp-json\/wp\/v2\/posts\/5209\/revisions"}],"wp:attachment":[{"href":"https:\/\/tejidohistorico.afrodescendientes.com\/index.php\/wp-json\/wp\/v2\/media?parent=5209"}],"wp:term":[{"taxonomy":"category","embeddable":true,"href":"https:\/\/tejidohistorico.afrodescendientes.com\/index.php\/wp-json\/wp\/v2\/categories?post=5209"},{"taxonomy":"post_tag","embeddable":true,"href":"https:\/\/tejidohistorico.afrodescendientes.com\/index.php\/wp-json\/wp\/v2\/tags?post=5209"}],"curies":[{"name":"wp","href":"https:\/\/api.w.org\/{rel}","templated":true}]}}