{"id":5291,"date":"2013-04-02T15:37:58","date_gmt":"2013-04-02T15:37:58","guid":{"rendered":"http:\/\/www2.nasaacin.org\/index.php\/2013\/04\/02\/ellos-necesitan-solidaridad-no-soldadosh322\/"},"modified":"2013-04-02T15:37:58","modified_gmt":"2013-04-02T15:37:58","slug":"ellos-necesitan-solidaridad-no-soldadosh322","status":"publish","type":"post","link":"https:\/\/tejidohistorico.afrodescendientes.com\/index.php\/2013\/04\/02\/ellos-necesitan-solidaridad-no-soldadosh322\/","title":{"rendered":"Ellos necesitan solidaridad no soldados!"},"content":{"rendered":"<div> \t<\/div>\n<div> \tQueridos amigos y amigas. Acabo de llegar de un viaje a Hait\u00ed. Fui a participar en un congreso del movimiento campesino haitiano y aprovech\u00e9 la ocasi\u00f3n para visitar varias regiones del pa\u00eds y los proyectos que la brigada de la V\u00eda Campesina\/ALBA, est\u00e1 desarrollando en solidaridad con el pueblo de Hait\u00ed.<\/div>\n<p>  <!--more-->  <\/p>\n<div> \t\u00a0<\/div>\n<div> \t<span style=\"font-size:14px;\">Me gustar\u00eda comenzar mi carta, comentando las caracter\u00edsticas principales de esta naci\u00f3n. Es un pa\u00eds del tama\u00f1o de Alagoas (27 mil Km2), todo \u00e9l monta\u00f1oso, como Minas Gerais, y con las monta\u00f1as totalmente devastadas, o sea sin cobertura vegetal, pues los campesinos, en el transcurso de varias d\u00e9cadas, tuvieron que recurrir al carb\u00f3n como \u00fanica fuente de energ\u00eda y de renta. Toda la alimentaci\u00f3n de Hait\u00ed es preparada con carb\u00f3n. No hay cocinas a gas en el pa\u00eds, con la salvedad de los barrios ricos de Puerto Pr\u00edncipe. El clima es semi-\u00e1rido en todo el pa\u00eds. Llueve s\u00f3lo tres meses por a\u00f1o, y despu\u00e9s aquella sequ\u00eda nordestina&#8230; Y la poblaci\u00f3n es de diez millones de personas, en ese peque\u00f1o territorio superpoblado, con un 95% de afrodescendientes y 5% de mulatos.<\/span><\/div>\n<div> \t\u00a0<\/div>\n<div> \t<span style=\"font-size:14px;\">Ellos son los herederos de la primera gran revoluci\u00f3n social de Am\u00e9rica Latina, cuando en 1804, se rebelaron contra los colonizadores franceses que los explotaban como esclavos, y los condenaban a tener una esperanza de vida de solo 35 a\u00f1os. Expulsaron a todos los colonizadores, eliminaron la esclavitud y distribuyeron las tierras. Y como sab\u00edan que los colonizadores podr\u00edan volver a\u00fan m\u00e1s armados, subieron a las monta\u00f1as, en donde viven hasta hoy.<\/span><\/div>\n<div> \t\u00a0<\/div>\n<div> \t<span style=\"font-size:14px;\">Los colonizadores volvieron, pero ya no eran los franceses, ahora vinieron los capitalistas de Estados Unidos que ocuparon el pa\u00eds durante las primeras d\u00e9cadas del siglo XX. Y cuando salieron, dejaron la dictadura de Duvalier, pro-estadounidense que aterroriz\u00f3 a la poblaci\u00f3n de 1957 a 1986. Luego siguieron gobiernos temporales.<\/span><\/div>\n<div> \t\u00a0<\/div>\n<div> \t<span style=\"font-size:14px;\">En 1990, eligieron al padre Ar\u00edstide, adherente a la teolog\u00eda de la liberaci\u00f3n. \u00c9l no renunci\u00f3, los americanos lo derrocaron y lo llevaron a Washington, para darle clases de neoliberalismo. Volvi\u00f3 domesticado para cumplir otro mandato.<\/span><\/div>\n<div> \t\u00a0<\/div>\n<div> \t<span style=\"font-size:14px;\">Despu\u00e9s eligieron al Presidente Preval, que logr\u00f3 cumplir su mandato, pero sin ning\u00fan cambio democr\u00e1tico. Y ahora, eligieron un gobierno t\u00edtere de los estadounidenses, que gast\u00f3 25 millones de d\u00f3lares en la campa\u00f1a electoral. Todos saben en Hait\u00ed, que el pueblo no lo eligi\u00f3.<\/span><\/div>\n<div> \t\u00a0<\/div>\n<div> \t<span style=\"font-size:14px;\">Deber\u00eda haber elecciones para el parlamento, cuyo mandato expir\u00f3 hace m\u00e1s de seis meses. Pero nadie habla de eso. Por tanto, ya no existe parlamento legalmente constituido, aunque funcione. En la pr\u00e1ctica \u00a1el poder real es ejercido por las tropas de las Naciones Unidas, llamadas Minustah!<\/span><\/div>\n<div> \t\u00a0<\/div>\n<div> \t<span style=\"font-size:14px;\">Por tanto, a pesar de haberse liberado de la esclavitud, el pueblo haitiano vivi\u00f3 pocos a\u00f1os de democracia (burguesa).<\/span><\/div>\n<div> \t\u00a0<\/div>\n<div> \t<span style=\"font-size:14px;\">El pueblo vive en pobreza extrema, con carencias de comida y bienes materiales. Pobreza que se agrav\u00f3 con el terremoto de enero de 2010, que mat\u00f3 a miles de personas y destruy\u00f3 pr\u00e1cticamente toda la ciudad de Puerto Pr\u00edncipe. Pero es un pueblo que se mantiene con dignidad y altivez, unido por la cultura, por el idioma creole, que en el mundo s\u00f3lo hablan ellos, y por el vud\u00fa (equivalente a nuestro candombl\u00e9), practicado por casi toda poblaci\u00f3n, aunque mantengan un sincretismo religioso, en el estilo: los domingos a la misa y los viernes a la fiesta.<\/span><\/div>\n<div> \t\u00a0<\/div>\n<div> \t<span style=\"font-size:14px;\">En las regiones rurales, no hay escuelas. El 70% de la poblaci\u00f3n vive en el medio rural. El analfabetismo afecta al 65% de la poblaci\u00f3n. No hay energ\u00eda el\u00e9ctrica en el interior, s\u00f3lo en Puerto Pr\u00edncipe. Hay s\u00f3lo tres carreteras nacionales asfaltadas. Y no hay agua potable. Todo el mundo necesita comprar agua potable, a precios internacionales.<\/span><\/div>\n<div> \t\u00a0<\/div>\n<div> \t<span style=\"font-size:14px;\">El a\u00f1o pasado, por primera vez en su historia, hubo una epidemia de c\u00f3lera, que mat\u00f3 a centenares de personas. La enfermedad medieval fue tra\u00edda por las tropas de Nepal, que hac\u00edan sus necesidades en el principal r\u00edo del pa\u00eds. \u00bfAlg\u00fan tribunal internacional se anima a procesar a las Naciones Unidas por esas muertes?<\/span><\/div>\n<div> \t\u00a0<\/div>\n<div> \t<span style=\"font-size:14px;\">M\u00e1s del 65% de todos los alimentos son importados o llegan en forma de donaci\u00f3n, que son apropiados por una burgues\u00eda comercial negra, que explota a la poblaci\u00f3n.<\/span><\/div>\n<div> \t\u00a0<\/div>\n<div> \t<span style=\"font-size:14px;\">Cuando las familias consiguen tener alg\u00fan recurso para comprar los productos que vienen de la vecina Republicana Dominicana, es porque reciben ayudas de parientes que trabajan en los Estados Unidos.<\/span><\/div>\n<div> \t\u00a0<\/div>\n<div> \t<span style=\"font-size:14px;\">Ch\u00e1vez salv\u00f3 al pueblo de Hait\u00ed del caos, al suministrar petr\u00f3leo a trav\u00e9s de Petrocaribe, y propuso que el gobierno local destinara los recursos recibidos a proyectos sociales. El combustible es vendido en los surtidores, pero el gobierno nunca explic\u00f3 al pueblo d\u00f3nde est\u00e1 invirtiendo esa renta.<\/span><\/div>\n<div> \t\u00a0<\/div>\n<div> \t<span style=\"font-size:14px;\">En un escenario como el descrito, no es dif\u00edcil imaginar cu\u00e1ndo vendr\u00e1n las pr\u00f3ximas revueltas populares. Pero no se asusten, all\u00e1 est\u00e1n 12 mil soldados de muchos pa\u00edses del mundo coordinados por el ej\u00e9rcito brasile\u00f1o, con el membrete de las Naciones Unidas, para contener posibles revueltas. Desfilan en convoyes fuertemente armados, s\u00f3lo para decir al pueblo: No se olviden, \u00a1estamos aqu\u00ed para mantener el orden! El orden de la pobreza y de la nueva esclavitud. All\u00e1 no hay guerra, ni violencia (las tasas de homicidios son las m\u00e1s bajas de Am\u00e9rica Latina), los soldados est\u00e1n all\u00e1 solo como polic\u00edas.<\/span><\/div>\n<div> \t\u00a0<\/div>\n<div> \t<span style=\"font-size:14px;\">Pregunt\u00e9 a los soldados brasile\u00f1os porque est\u00e1n all\u00e1, pues ni siquiera dominan el creole para comunicarse con la poblaci\u00f3n. La \u00fanica respuesta que obtuve fue que si salieran entrar\u00edan los estadounidenses, \u00a1que son mucho m\u00e1s violentos!<\/span><\/div>\n<div> \t\u00a0<\/div>\n<div> \t<span style=\"font-size:14px;\">El pueblo de Hait\u00ed no necesita de soldados armados. El pueblo de Hait\u00ed necesita de solidaridad para desarrollar las fuerzas productivas de su territorio y producir los bienes que requiere para satisfacer las inmensas necesidades que padece.<\/span><\/div>\n<div> \t\u00a0<\/div>\n<div> \t<span style=\"font-size:14px;\">El pueblo de Hait\u00ed necesita de apoyo para tener energ\u00eda el\u00e9ctrica, para tener una red de gas para cocinar y evitar la deforestaci\u00f3n. Necesita de una red de agua potable y de escuelas en todos los niveles, en todos los poblados. Necesitan de semillas y herramientas. Del resto ellos saben muy bien c\u00f3mo hacer. Est\u00e1n all\u00e1 desde 1804, como pueblo libre, sobreviviendo y multiplic\u00e1ndose a pesar de tantos expoliadores extranjeros.<\/span><\/div>\n<div> \t\u00a0<\/div>\n<div> \t<span style=\"font-size:14px;\">Felizmente, hay otras visiones en el relacionamiento con el pueblo de Hait\u00ed. El gobierno de Bahia envi\u00f3 cisternas para almacenar agua lluvia, que para el pueblo de all\u00e1 es muy grato. Petrobras nos ayud\u00f3 a traer 77 j\u00f3venes campesinos para estudiar agro-ecolog\u00eda en Brasil. La iglesia cat\u00f3lica de Minas Gerais hizo una colecta especial en todas las parroquias que ahora financia proyectos de desarrollo agr\u00edcola por all\u00e1, desde huertas, crianza de gallinas y cabras, hasta multiplicaci\u00f3n de semillas.<\/span><\/div>\n<div> \t\u00a0<\/div>\n<div> \t<span style=\"font-size:14px;\">Y los movimientos sociales de la V\u00eda Campesina Brasil, con los pocos recursos que tenemos, mantenemos en Hait\u00ed una brigada permanente de j\u00f3venes voluntarios desde hace m\u00e1s de 6 a\u00f1os, que est\u00e1 desarrollando proyectos de agricultura, de cisternas y de educaci\u00f3n.<\/span><\/div>\n<div> \t\u00a0<\/div>\n<div> \t<span style=\"font-size:14px;\">Tengan muy en cuenta que el pueblo de Hait\u00ed est\u00e1 indignado con las tropas de la Minustah. Si las Naciones Unidas quisieran enviar soldados, podr\u00edan haber seguido el ejemplo de Ecuador y de Venezuela: sus soldados no andan armados, y est\u00e1n construyendo casas, carreteras y almacenes. O seguir el ejemplo de Cuba que mantiene all\u00e1 m\u00e1s de 5 mil m\u00e9dicos voluntarios en el \u00fanico servicio p\u00fablico de salud que existe en el pa\u00eds, que es atendido por esos m\u00e9dicos humanistas, que dan ejemplo de la pr\u00e1ctica del socialismo.<\/span><\/div>\n<div> \t\u00a0<\/div>\n<div> \t<span style=\"font-size:14px;\">Creo que nuestra obligaci\u00f3n como hermanos del pueblo de Hait\u00ed, es seguir protestando y pidiendo que las tropas se retiren de Hait\u00ed, como no desear\u00edamos que estuvieran en Brasil o en cualquier otro pa\u00eds del mundo. Y seguir apoyando, con proyectos de desarrollo econ\u00f3mico y social. (Traducci\u00f3n ALAI)<\/span><\/div>\n<div> \t\u00a0<\/div>\n<div> \t<span style=\"font-size:14px;\">&#8211; <strong>Jo\u00e3o Pedro Stedile,<\/strong> miembro de la Coordinaci\u00f3n Nacional del MST y de la V\u00eda Campesina Brasil<\/span><\/div>\n<div> \t<a href=\"http:\/\/alainet.org\/active\/62927\">http:\/\/alainet.org\/active\/62927<\/a><\/div>\n","protected":false},"excerpt":{"rendered":"<p>Queridos amigos y amigas. Acabo de llegar de un viaje a Hait\u00ed. Fui a participar en un congreso del movimiento campesino haitiano y aprovech\u00e9 la ocasi\u00f3n para visitar varias regiones del pa\u00eds [&hellip;]<\/p>\n","protected":false},"author":2,"featured_media":0,"comment_status":"open","ping_status":"open","sticky":false,"template":"","format":"standard","meta":[],"categories":[3],"tags":[],"_links":{"self":[{"href":"https:\/\/tejidohistorico.afrodescendientes.com\/index.php\/wp-json\/wp\/v2\/posts\/5291"}],"collection":[{"href":"https:\/\/tejidohistorico.afrodescendientes.com\/index.php\/wp-json\/wp\/v2\/posts"}],"about":[{"href":"https:\/\/tejidohistorico.afrodescendientes.com\/index.php\/wp-json\/wp\/v2\/types\/post"}],"author":[{"embeddable":true,"href":"https:\/\/tejidohistorico.afrodescendientes.com\/index.php\/wp-json\/wp\/v2\/users\/2"}],"replies":[{"embeddable":true,"href":"https:\/\/tejidohistorico.afrodescendientes.com\/index.php\/wp-json\/wp\/v2\/comments?post=5291"}],"version-history":[{"count":0,"href":"https:\/\/tejidohistorico.afrodescendientes.com\/index.php\/wp-json\/wp\/v2\/posts\/5291\/revisions"}],"wp:attachment":[{"href":"https:\/\/tejidohistorico.afrodescendientes.com\/index.php\/wp-json\/wp\/v2\/media?parent=5291"}],"wp:term":[{"taxonomy":"category","embeddable":true,"href":"https:\/\/tejidohistorico.afrodescendientes.com\/index.php\/wp-json\/wp\/v2\/categories?post=5291"},{"taxonomy":"post_tag","embeddable":true,"href":"https:\/\/tejidohistorico.afrodescendientes.com\/index.php\/wp-json\/wp\/v2\/tags?post=5291"}],"curies":[{"name":"wp","href":"https:\/\/api.w.org\/{rel}","templated":true}]}}