{"id":5389,"date":"2013-04-27T00:34:02","date_gmt":"2013-04-27T00:34:02","guid":{"rendered":"http:\/\/www2.nasaacin.org\/index.php\/2013\/04\/27\/san-jose-de-apartado-continuan-la-infamia-y-la-crueldad-del-estado\/"},"modified":"2013-04-27T00:34:02","modified_gmt":"2013-04-27T00:34:02","slug":"san-jose-de-apartado-continuan-la-infamia-y-la-crueldad-del-estado","status":"publish","type":"post","link":"https:\/\/tejidohistorico.afrodescendientes.com\/index.php\/2013\/04\/27\/san-jose-de-apartado-continuan-la-infamia-y-la-crueldad-del-estado\/","title":{"rendered":"San Jos\u00e9 de Apartad\u00f3: Contin\u00faan la infamia y la crueldad del Estado"},"content":{"rendered":"<div> \t<\/div>\n<div> \tNuevamente nuestra Comunidad de Paz se ve en la obligaci&oacute;n de dejar constancias ante la humanidad y la historia de los horrores a que es sometida en sus integrantes y en la poblaci&oacute;n campesina de su entorno. Los hechos de los &uacute;ltimos d&iacute;as que entregamos al juicio de la historia son los siguientes:<\/div>\n<p>  <!--more-->  <\/p>\n<div> \t&nbsp;<\/div>\n<div> \t<span style=\"font-size:16px;\"><strong>El viernes 12 de abril de 2013<\/strong>, hacia las 17:00 horas, se present&oacute; un nuevo combate en la vereda La Linda del corregimiento de San Jos&eacute; de Apartad&oacute;, entre tropas del ej&eacute;rcito nacional y guerrilleros de las FARC. Este cruce de disparos se mantuvo por cerca de una hora, colocando en grave riesgo a la poblaci&oacute;n civil del entorno.<\/span><\/div>\n<div> \t&nbsp;<\/div>\n<div> \t<span style=\"font-size:16px;\"><strong>El s&aacute;bado 13 de abril de 2013<\/strong>, hacia las 5:10 horas, un grupo de aproximadamente 40 paramilitares lleg&oacute; a la vivienda de un miembro de nuestra Comunidad en la vereda Arenas Bajas donde acamparon durante varias horas. Cerca de este lugar se encontraban tropas del ej&eacute;rcito nacional, las cuales proteg&iacute;an a los paramilitares en sus movimientos.<\/span><\/div>\n<div> \t&nbsp;<\/div>\n<div> \t<span style=\"font-size:16px;\"><strong>El martes 16 de abril de 2013,<\/strong> hacia las 14:00 horas, en la vereda Arenas Altas, junto al asentamiento de nuestra Comunidad, fue retenido por tropas del ej&eacute;rcito adscritas a la Brigada M&oacute;vil No. 24, JHON FREDY &Uacute;SUGA, miembro de nuestra Comunidad de Paz y coordinador en la vereda Arenas Altas. Los militares lo insultaron y lo maltrataron verbalmente acus&aacute;ndolo de ser guerrillero. Cuando John Fredy les pidi&oacute; a los uniformados identificarse, ellos se opusieron, en abierta violaci&oacute;n de la ley, alegando que no pod&iacute;an dar esa informaci&oacute;n porque la Comunidad de Paz los denunciaba. Con los militares se encontraban algunos encapuchados, presumiblemente paramilitares, cuya identidad quer&iacute;an ocultar. Los uniformados manifestaron en forma airada su inconformidad por la muerte del paramilitar Dairo de Jes&uacute;s Rodr&iacute;guez alias &ldquo;LALO&rdquo;, quien hab&iacute;a sido asesinado por las FARC en el casco urbano de San Jos&eacute; el 23 de noviembre de 2009; seg&uacute;n los militares, &nbsp;eran muy amigos de alias &ldquo;Lalo&rdquo; y depart&iacute;an continuamente en la casa de dicho paramilitar.<\/span><\/div>\n<div> \t&nbsp;<\/div>\n<div> \t<span style=\"font-size:16px;\"><strong>El mismo martes 16 de abril de 2013<\/strong>, hacia las 17:20 horas, fue retenido por la misma tropa y en el mismo lugar el campesino EDUARDO BORJA CASTA&Ntilde;EDA quien se trasladaba de San Jos&eacute; a la vereda Arenas Altas. Los militares lo golpearon a patadas y lo insultaron. Si bien el Se&ntilde;or Borja no es miembro de nuestra Comunidad, s&iacute; es parte de la poblaci&oacute;n civil de la zona.<\/span><\/div>\n<div> \t&nbsp;<\/div>\n<div> \t<span style=\"font-size:16px;\"><strong>El jueves 18 de abril de 2013<\/strong>, funcionarios del CTI o Cuerpo T&eacute;cnico de Investigaciones de la Fiscal&iacute;a de Apartad&oacute;, le manifestaron a una persona cercana a nuestra Comunidad que &ldquo;la Comunidad de Paz, especialmente san Josecito, es la sede principal de la guerrilla&rdquo;. Estas mismas declaraciones calumniosas e irresponsables se repitieron por parte de los servidores p&uacute;blicos el viernes 19 de abril de 2013.<\/span><\/div>\n<div> \t&nbsp;<\/div>\n<div> \t<span style=\"font-size:16px;\"><strong>El viernes 19 de abril de 2013<\/strong>, en horas de la ma&ntilde;ana, en la vereda la Linda del Corregimiento de San Jos&eacute;, fue retenido ilegalmente por tropas del ej&eacute;rcito, por espacio de 4 horas, el campesino WILLIAN CARDONA. Durante la retenci&oacute;n fue sometido a chantajes y amenazas, se&ntilde;al&aacute;ndolo de ser colaborador de la guerrilla. De igual forma los militares, a trav&eacute;s de su propio celular, lo obligaron a hablar con alias SAMIR, un desmovilizado de las FARC quien desde 2008 se haya ilegalmente domiciliado en la Brigada XVII y se ha prestado para todo tipo de calumnias y montajes sin ser procesado por las decenas de asesinatos de campesinos de la zona ordenados por &eacute;l. Tambi&eacute;n se movilizaba con dicha tropa el paramilitar LUIS &Aacute;NGEL G CEBALLOS, ampliamente conocido por haber vivido en la zona, quien hab&iacute;a hecho presencia, encapuchado y en compa&ntilde;&iacute;a de otros paramilitares, en la vereda Miramar, el d&iacute;a 19 de febrero de este mismo a&ntilde;o. &nbsp;WILLIAN CARDONA ya hab&iacute;a sido agredido con violencia por parte de agentes ilegales del Estado el pasado 25 de enero de 2013, cuando un grupo paramilitar lo priv&oacute; de la libertad y lo someti&oacute; a ultrajes en la vereda La Cristalina.<\/span><\/div>\n<div> \t&nbsp;<\/div>\n<div> \t<span style=\"font-size:16px;\"><strong>El domingo 21 de abril de 2013<\/strong>, tropas del ej&eacute;rcito irrumpieron en la propiedad privada de nuestra Comunidad de Paz, en la Aldea de Paz ubicada en la vereda Mulatos, donde se estacionaron acampando junto a las viviendas de las familias de la Comunidad; inclusive varios de ellos ingresaron en la noche a la escuelita de la comunidad en la misma Aldea de Paz, realizando espionajes. La presencia de los militares junto a las viviendas de las familias de la Comunidad han impedido las labores agr&iacute;colas de las familias all&iacute; y han colocado en riesgo a la poblaci&oacute;n civil, pisoteando adem&aacute;s los principios b&aacute;sicos de la Comunidad de Paz de no permitir paso de armas por los espacios de vida y de trabajo de las familias de nuestra Comunidad. <\/span><\/div>\n<div> \t&nbsp;<\/div>\n<div> \t<span style=\"font-size:16px;\">Este mismo d&iacute;a all&iacute; mismo fue retenido DIEGO CEBALLOS, miembro de nuestra Comunidad y sometido a chantajes e insultos; lo obligaron a vaciar en el piso las cosas que &eacute;l llevaba, ya que a esa hora &eacute;l regresaba de San Josecito a la Aldea de Paz en Mulatos.<\/span><\/div>\n<div> \t&nbsp;<\/div>\n<div> \t<span style=\"font-size:16px;\">Pese a todo este accionar de exterminio, de injusticia y de persecuci&oacute;n ensa&ntilde;ada que se ha prolongado por 16 a&ntilde;os contra nosotros, los criminales del Estado se vuelven a equivocar, pues la Comunidad no retrocede ante la injusticia, la infamia y la crueldad de un Estado criminal que se ensa&ntilde;a contra quienes defienden el valor supremo de la Paz.<\/span><\/div>\n<div> \t&nbsp;<\/div>\n<div> \t<span style=\"font-size:16px;\">Reiteramos nuestro agradecimiento a todas las personas solidarias con nosotros en el pa&iacute;s y en el mundo; a todas las que han cre&iacute;do y han estado all&iacute; con las v&iacute;ctimas, sus sue&ntilde;os y vivencias y sus b&uacute;squedas de un mundo diferente. Esto nos alienta a seguir construyendo un mundo distinto. Creemos en la vida y esta no podr&aacute; extinguirse cuando se camina por sendas de paz y de acciones alternativas como las que construimos diariamente.<\/span><\/div>\n<div> \t&nbsp;<\/div>\n<div> \t<strong><span style=\"font-size:16px;\">Comunidad de Paz de San Jos&eacute; de Apartad&oacute;<\/span><\/strong><\/div>\n<div> \t<span style=\"font-size:16px;\">26 de abril de 2013<\/span><\/div>\n<div> \t<a href=\"http:\/\/www.cdpsanjose.org\/\"><span style=\"font-size: 16px;\">http:\/\/www.cdpsanjose.org<\/span><\/a><\/div>\n","protected":false},"excerpt":{"rendered":"<p>Nuevamente nuestra Comunidad de Paz se ve en la obligaci&oacute;n de dejar constancias ante la humanidad y la historia de los horrores a que es sometida en sus integrantes y en la [&hellip;]<\/p>\n","protected":false},"author":2,"featured_media":0,"comment_status":"open","ping_status":"open","sticky":false,"template":"","format":"standard","meta":[],"categories":[75],"tags":[],"_links":{"self":[{"href":"https:\/\/tejidohistorico.afrodescendientes.com\/index.php\/wp-json\/wp\/v2\/posts\/5389"}],"collection":[{"href":"https:\/\/tejidohistorico.afrodescendientes.com\/index.php\/wp-json\/wp\/v2\/posts"}],"about":[{"href":"https:\/\/tejidohistorico.afrodescendientes.com\/index.php\/wp-json\/wp\/v2\/types\/post"}],"author":[{"embeddable":true,"href":"https:\/\/tejidohistorico.afrodescendientes.com\/index.php\/wp-json\/wp\/v2\/users\/2"}],"replies":[{"embeddable":true,"href":"https:\/\/tejidohistorico.afrodescendientes.com\/index.php\/wp-json\/wp\/v2\/comments?post=5389"}],"version-history":[{"count":0,"href":"https:\/\/tejidohistorico.afrodescendientes.com\/index.php\/wp-json\/wp\/v2\/posts\/5389\/revisions"}],"wp:attachment":[{"href":"https:\/\/tejidohistorico.afrodescendientes.com\/index.php\/wp-json\/wp\/v2\/media?parent=5389"}],"wp:term":[{"taxonomy":"category","embeddable":true,"href":"https:\/\/tejidohistorico.afrodescendientes.com\/index.php\/wp-json\/wp\/v2\/categories?post=5389"},{"taxonomy":"post_tag","embeddable":true,"href":"https:\/\/tejidohistorico.afrodescendientes.com\/index.php\/wp-json\/wp\/v2\/tags?post=5389"}],"curies":[{"name":"wp","href":"https:\/\/api.w.org\/{rel}","templated":true}]}}