{"id":554,"date":"2010-07-01T21:17:25","date_gmt":"2010-07-01T21:17:25","guid":{"rendered":"http:\/\/www2.nasaacin.org\/index.php\/2010\/07\/01\/fortalecimiento-productivo-en-guavito-corinto-2\/"},"modified":"2010-07-01T21:17:25","modified_gmt":"2010-07-01T21:17:25","slug":"fortalecimiento-productivo-en-guavito-corinto-2","status":"publish","type":"post","link":"https:\/\/tejidohistorico.afrodescendientes.com\/index.php\/2010\/07\/01\/fortalecimiento-productivo-en-guavito-corinto-2\/","title":{"rendered":"Fortalecimiento Productivo en Guavito Corinto"},"content":{"rendered":"<div class=\"fuentefecha\"><strong> <\/strong><\/div>\n<p>La comunidad de Pilamo est\u00e1\u00a0 desarrollando unos proyectos que  son importantes para mejorar la calidad de vida de la comunidad, como  cultivos\u00a0 de pl\u00e1tano,\u00a0 yuca, pasto de corte y un proyecto porc\u00edcola que  genera buenas expectativas en relaci\u00f3n a la econom\u00eda\u00a0 de las familias y  la comunidad\u00a0 en general.<\/p>\n<p>  <!--more-->  <\/p>\n<p>\u00a0<\/p>\n<p>De esta manera se est\u00e1n buscando alternativas econ\u00f3micas  para\u00a0 seguir trabajando\u00a0 y fortaleciendo\u00a0 la comunidad y con ello apoyar  a los j\u00f3venes, mujeres y a los mayores.<\/p>\n<p>Otra de las buenas noticias son los grupos asociados, que vienen  desarrollando actividades puntuales con cultivos de pi\u00f1a y la trasforman  en productos como mermelada y dem\u00e1s derivados. Tambi\u00e9n se cuenta con la  construcci\u00f3n de un Centro de Acopio con la iniciativa de dos grupos  asociados en Kwesx Mama Kiwe, para comercializar todo lo que tiene que  ver con frutas existentes en el resguardo.<\/p>\n<p>Hay familias organizadas en\u00a0 proyectos como\u00a0 pollos de engorde,  piscicultura, ganader\u00eda, caf\u00e9 org\u00e1nico en la parte alta del resguardo,  ganader\u00eda, ca\u00f1a panelera y arroz en la comunidad de L\u00f3pez Adentro.<\/p>\n<p>Un asunto importante es la autoridad que hemos logrado constituir  desde hace 18 meses hasta hoy porque se siente mayor respaldo en la  gesti\u00f3n, orientaci\u00f3n y acompa\u00f1amiento por la directiva\u00a0 y dem\u00e1s  programas existentes en las\u00a0 comunidades y el resguardo.<\/p>\n<p>De todo lo anterior hay algunas situaciones que han afectado nuestro  proceso organizativo como es la contradicci\u00f3n de algunos comuneros  ind\u00edgenas que se identifican como campesinos y ahora est\u00e1n en contra de  los ideales de la organizaci\u00f3n causando da\u00f1os en\u00a0 los terrenos de los  comuneros del Guavito.<\/p>\n<p>\u00a0<\/p>\n<p><strong>[ <span>Autor: Aide Ilamo<\/span>]<\/strong><\/p>\n","protected":false},"excerpt":{"rendered":"<p>La comunidad de Pilamo est\u00e1\u00a0 desarrollando unos proyectos que son importantes para mejorar la calidad de vida de la comunidad, como cultivos\u00a0 de pl\u00e1tano,\u00a0 yuca, pasto de corte y un proyecto porc\u00edcola [&hellip;]<\/p>\n","protected":false},"author":1,"featured_media":0,"comment_status":"open","ping_status":"open","sticky":false,"template":"","format":"standard","meta":[],"categories":[63],"tags":[],"_links":{"self":[{"href":"https:\/\/tejidohistorico.afrodescendientes.com\/index.php\/wp-json\/wp\/v2\/posts\/554"}],"collection":[{"href":"https:\/\/tejidohistorico.afrodescendientes.com\/index.php\/wp-json\/wp\/v2\/posts"}],"about":[{"href":"https:\/\/tejidohistorico.afrodescendientes.com\/index.php\/wp-json\/wp\/v2\/types\/post"}],"author":[{"embeddable":true,"href":"https:\/\/tejidohistorico.afrodescendientes.com\/index.php\/wp-json\/wp\/v2\/users\/1"}],"replies":[{"embeddable":true,"href":"https:\/\/tejidohistorico.afrodescendientes.com\/index.php\/wp-json\/wp\/v2\/comments?post=554"}],"version-history":[{"count":0,"href":"https:\/\/tejidohistorico.afrodescendientes.com\/index.php\/wp-json\/wp\/v2\/posts\/554\/revisions"}],"wp:attachment":[{"href":"https:\/\/tejidohistorico.afrodescendientes.com\/index.php\/wp-json\/wp\/v2\/media?parent=554"}],"wp:term":[{"taxonomy":"category","embeddable":true,"href":"https:\/\/tejidohistorico.afrodescendientes.com\/index.php\/wp-json\/wp\/v2\/categories?post=554"},{"taxonomy":"post_tag","embeddable":true,"href":"https:\/\/tejidohistorico.afrodescendientes.com\/index.php\/wp-json\/wp\/v2\/tags?post=554"}],"curies":[{"name":"wp","href":"https:\/\/api.w.org\/{rel}","templated":true}]}}