{"id":562,"date":"2010-07-13T21:32:15","date_gmt":"2010-07-13T21:32:15","guid":{"rendered":"http:\/\/www2.nasaacin.org\/index.php\/2010\/07\/13\/socializando-con-la-comunidad-en-jambalo85\/"},"modified":"2010-07-13T21:32:15","modified_gmt":"2010-07-13T21:32:15","slug":"socializando-con-la-comunidad-en-jambalo85","status":"publish","type":"post","link":"https:\/\/tejidohistorico.afrodescendientes.com\/index.php\/2010\/07\/13\/socializando-con-la-comunidad-en-jambalo85\/","title":{"rendered":"Socializando con la Comunidad en Jambal\u00f3"},"content":{"rendered":"<div class=\"fuentefecha\"><strong> <\/strong><\/div>\n<p>Los videos los socialic\u00e9 con mi familia, algunos amigos, y vecinos de mi vereda, el Trapiche, Jambal\u00f3, porque hay que empezar por casa para ir tomando conciencia y entender la realidad que vivimos y el futuro que nos espera si no actuamos ya.<\/p>\n<p>  <!--more-->  <\/p>\n<p>\u00a0<\/p>\n<p>Me manifestaron que les hab\u00edan gustado los videos, que eran muy  buenos porque mostraban el pensar y el sentir de las comunidades, que  eran la mejor herramienta para cautivar, sensibilizar y crear verdadera  conciencia, ya que viendo es como se tocan los sentimientos y de este  modo se aprende, se despierta o estamos perdidos, esto en lo referente  al video de la Minga.<\/p>\n<p>La videoconferencia de Manuel Rozental  gust\u00f3 mucho, aprovecho para enviarle un saludo de hermandad, mis  respetos \u00a1qu\u00e9 gran l\u00edder! Nos ense\u00f1a a ser cr\u00edticos y reflexivos.<\/p>\n<p>Tambi\u00e9n  me expresaron que personas como \u00e9l son las que necesitamos porque habla  con claridad y conocimiento. Para nosotras(os) las futuras  comunicadoras es pieza fundamental, pues nos ense\u00f1a a ser h\u00e1biles  investigadoras, anal\u00edticas, cr\u00edticas y capaces de denunciar cuando hay  que hacerlo, y esto nos sirve a todas las comunidades para tenerlo como  ejemplo aprovechando sus conocimientos y as\u00ed entender la verdadera  autonom\u00eda.<\/p>\n<p>Les pregunt\u00e9 que si ten\u00edan claro \u00bfQu\u00e9 era Autonom\u00eda?,  manifestaron dudas porque se dice que somos aut\u00f3nomos tenemos autoridad,  territorios, organizaci\u00f3n y plan de vida propios y ni siquiera en  nuestras comunidades a veces nos permiten hablar o criticar de manera  positiva y proponer soluciones porque dicen que estamos en contra del  Movimiento Ind\u00edgena, ojal\u00e1 nuestras comunicadoras(os) nos ayuden dando a  conocer lo que pensamos y queremos todo bajo al respeto a nuestras  Comunidades y Autoridades.<\/p>\n<p>ILSE NAVIA <br \/>RESGUARDO JAMBAL\u00d3 CAUCA<br \/>GRACIAS\u2026<\/p>\n","protected":false},"excerpt":{"rendered":"<p>Los videos los socialic\u00e9 con mi familia, algunos amigos, y vecinos de mi vereda, el Trapiche, Jambal\u00f3, porque hay que empezar por casa para ir tomando conciencia y entender la realidad que [&hellip;]<\/p>\n","protected":false},"author":1,"featured_media":0,"comment_status":"open","ping_status":"open","sticky":false,"template":"","format":"standard","meta":[],"categories":[63],"tags":[],"_links":{"self":[{"href":"https:\/\/tejidohistorico.afrodescendientes.com\/index.php\/wp-json\/wp\/v2\/posts\/562"}],"collection":[{"href":"https:\/\/tejidohistorico.afrodescendientes.com\/index.php\/wp-json\/wp\/v2\/posts"}],"about":[{"href":"https:\/\/tejidohistorico.afrodescendientes.com\/index.php\/wp-json\/wp\/v2\/types\/post"}],"author":[{"embeddable":true,"href":"https:\/\/tejidohistorico.afrodescendientes.com\/index.php\/wp-json\/wp\/v2\/users\/1"}],"replies":[{"embeddable":true,"href":"https:\/\/tejidohistorico.afrodescendientes.com\/index.php\/wp-json\/wp\/v2\/comments?post=562"}],"version-history":[{"count":0,"href":"https:\/\/tejidohistorico.afrodescendientes.com\/index.php\/wp-json\/wp\/v2\/posts\/562\/revisions"}],"wp:attachment":[{"href":"https:\/\/tejidohistorico.afrodescendientes.com\/index.php\/wp-json\/wp\/v2\/media?parent=562"}],"wp:term":[{"taxonomy":"category","embeddable":true,"href":"https:\/\/tejidohistorico.afrodescendientes.com\/index.php\/wp-json\/wp\/v2\/categories?post=562"},{"taxonomy":"post_tag","embeddable":true,"href":"https:\/\/tejidohistorico.afrodescendientes.com\/index.php\/wp-json\/wp\/v2\/tags?post=562"}],"curies":[{"name":"wp","href":"https:\/\/api.w.org\/{rel}","templated":true}]}}