{"id":57,"date":"2010-06-02T21:35:42","date_gmt":"2010-06-02T21:35:42","guid":{"rendered":"http:\/\/www2.nasaacin.org\/index.php\/2010\/06\/02\/ddhh17\/"},"modified":"2010-06-02T21:35:42","modified_gmt":"2010-06-02T21:35:42","slug":"ddhh17","status":"publish","type":"post","link":"https:\/\/tejidohistorico.afrodescendientes.com\/index.php\/2010\/06\/02\/ddhh17\/","title":{"rendered":"Continuan las amenazas en medio de la negligencia del Estado"},"content":{"rendered":"<p>El Director del Comit\u00e9 Permanente por la Defensa de los Derechos Humanos CPDH Nari\u00f1o, JAVIER DORADO ROSERO, recibe nuevas amenazas, cuando realizaba una labor de promoci\u00f3n de los derechos humanos en el municipio de Samaniego.<\/p>\n","protected":false},"excerpt":{"rendered":"<p>El Director del Comit\u00e9 Permanente por la Defensa de los Derechos Humanos CPDH Nari\u00f1o, JAVIER DORADO ROSERO, recibe nuevas amenazas, cuando realizaba una labor de promoci\u00f3n de los derechos humanos en el [&hellip;]<\/p>\n","protected":false},"author":1,"featured_media":0,"comment_status":"open","ping_status":"open","sticky":false,"template":"","format":"standard","meta":[],"categories":[61],"tags":[],"_links":{"self":[{"href":"https:\/\/tejidohistorico.afrodescendientes.com\/index.php\/wp-json\/wp\/v2\/posts\/57"}],"collection":[{"href":"https:\/\/tejidohistorico.afrodescendientes.com\/index.php\/wp-json\/wp\/v2\/posts"}],"about":[{"href":"https:\/\/tejidohistorico.afrodescendientes.com\/index.php\/wp-json\/wp\/v2\/types\/post"}],"author":[{"embeddable":true,"href":"https:\/\/tejidohistorico.afrodescendientes.com\/index.php\/wp-json\/wp\/v2\/users\/1"}],"replies":[{"embeddable":true,"href":"https:\/\/tejidohistorico.afrodescendientes.com\/index.php\/wp-json\/wp\/v2\/comments?post=57"}],"version-history":[{"count":0,"href":"https:\/\/tejidohistorico.afrodescendientes.com\/index.php\/wp-json\/wp\/v2\/posts\/57\/revisions"}],"wp:attachment":[{"href":"https:\/\/tejidohistorico.afrodescendientes.com\/index.php\/wp-json\/wp\/v2\/media?parent=57"}],"wp:term":[{"taxonomy":"category","embeddable":true,"href":"https:\/\/tejidohistorico.afrodescendientes.com\/index.php\/wp-json\/wp\/v2\/categories?post=57"},{"taxonomy":"post_tag","embeddable":true,"href":"https:\/\/tejidohistorico.afrodescendientes.com\/index.php\/wp-json\/wp\/v2\/tags?post=57"}],"curies":[{"name":"wp","href":"https:\/\/api.w.org\/{rel}","templated":true}]}}