{"id":5731,"date":"2013-07-02T20:41:00","date_gmt":"2013-07-02T20:41:00","guid":{"rendered":"http:\/\/www2.nasaacin.org\/index.php\/2013\/07\/02\/el-manejo-del-idioma-propio-nos-lleva-a-conocer-mas-alla\/"},"modified":"2013-07-02T20:41:00","modified_gmt":"2013-07-02T20:41:00","slug":"el-manejo-del-idioma-propio-nos-lleva-a-conocer-mas-alla","status":"publish","type":"post","link":"https:\/\/tejidohistorico.afrodescendientes.com\/index.php\/2013\/07\/02\/el-manejo-del-idioma-propio-nos-lleva-a-conocer-mas-alla\/","title":{"rendered":"&#8220;El manejo del idioma propio nos lleva a conocer m\u00e1s all\u00e1&#8221;"},"content":{"rendered":"<div> \tEn un intercambio con las comunidades Mapuche, en Chile, el Tejido de Comunicaci\u00f3n habl\u00f3 con Jose Paillan, ind\u00edgena Mapuche, quien nos habla de la importancia de fortalecer el idioma propio en nuestras comunidades.<\/div>\n<p> \t<embed bgcolor=\"#FFFFFF\" flashvars=\"meta=http:\/\/www.podcaster.cl\/get_podcast?id=78994\" height=\"62\" id=\"podplayer\" name=\"podplayer\" quality=\"high\" src=\"http:\/\/www.podcaster.cl\/i\/player.swf\" type=\"application\/x-shockwave-flash\" width=\"327\" wmode=\"transparent\"><\/embed><\/p>\n<p> \t<a href=\"http:\/\/www.podcaster.cl\/wp-content\/uploads\/2013\/07\/mapuche.mp3\" target=\"_blank\" rel=\"noopener noreferrer\"><strong>Descargar Audio<\/strong><\/a><\/p>\n","protected":false},"excerpt":{"rendered":"<p>En un intercambio con las comunidades Mapuche, en Chile, el Tejido de Comunicaci\u00f3n habl\u00f3 con Jose Paillan, ind\u00edgena Mapuche, quien nos habla de la importancia de fortalecer el idioma propio en nuestras [&hellip;]<\/p>\n","protected":false},"author":2,"featured_media":0,"comment_status":"open","ping_status":"open","sticky":false,"template":"","format":"standard","meta":[],"categories":[47],"tags":[],"_links":{"self":[{"href":"https:\/\/tejidohistorico.afrodescendientes.com\/index.php\/wp-json\/wp\/v2\/posts\/5731"}],"collection":[{"href":"https:\/\/tejidohistorico.afrodescendientes.com\/index.php\/wp-json\/wp\/v2\/posts"}],"about":[{"href":"https:\/\/tejidohistorico.afrodescendientes.com\/index.php\/wp-json\/wp\/v2\/types\/post"}],"author":[{"embeddable":true,"href":"https:\/\/tejidohistorico.afrodescendientes.com\/index.php\/wp-json\/wp\/v2\/users\/2"}],"replies":[{"embeddable":true,"href":"https:\/\/tejidohistorico.afrodescendientes.com\/index.php\/wp-json\/wp\/v2\/comments?post=5731"}],"version-history":[{"count":0,"href":"https:\/\/tejidohistorico.afrodescendientes.com\/index.php\/wp-json\/wp\/v2\/posts\/5731\/revisions"}],"wp:attachment":[{"href":"https:\/\/tejidohistorico.afrodescendientes.com\/index.php\/wp-json\/wp\/v2\/media?parent=5731"}],"wp:term":[{"taxonomy":"category","embeddable":true,"href":"https:\/\/tejidohistorico.afrodescendientes.com\/index.php\/wp-json\/wp\/v2\/categories?post=5731"},{"taxonomy":"post_tag","embeddable":true,"href":"https:\/\/tejidohistorico.afrodescendientes.com\/index.php\/wp-json\/wp\/v2\/tags?post=5731"}],"curies":[{"name":"wp","href":"https:\/\/api.w.org\/{rel}","templated":true}]}}