{"id":5733,"date":"2013-07-02T23:26:51","date_gmt":"2013-07-02T23:26:51","guid":{"rendered":"http:\/\/www2.nasaacin.org\/index.php\/2013\/07\/02\/mapuche-gente-de-la-tierra\/"},"modified":"2013-07-02T23:26:51","modified_gmt":"2013-07-02T23:26:51","slug":"mapuche-gente-de-la-tierra","status":"publish","type":"post","link":"https:\/\/tejidohistorico.afrodescendientes.com\/index.php\/2013\/07\/02\/mapuche-gente-de-la-tierra\/","title":{"rendered":"Mapuche, gente de la tierra"},"content":{"rendered":"<p> \t<strong>El Tejido de Comunicaci\u00f3<\/strong>n habl\u00f3 con Rodrigo Huenchullan de la Comunidad Aut\u00f3noma Temucuicui, en la Provincia de Malleco de la IX de la Aracaun\u00eda &#8211; Chile. La comunidad Mapuche se encuentra invadida por las empresas forestales, se les ha arrebatado sus tierras y que en estos momentos est\u00e1n recuperando su territorio. El estado chileno ha agredido a la comunidades Mapuche por sus diferentes acciones pol\u00edticas, los ha se\u00f1alando de terroristas y ha encarcelado a ni\u00f1os, j\u00f3venes, mujeres y dirigentes. Hacen el llamado de seguir defendiendo a la Madre Tierra porque la vida del Mapuche depende de la Tierra.<\/p>\n<p> \t<iframe loading=\"lazy\" frameborder=\"no\" height=\"166\" scrolling=\"no\" src=\"https:\/\/w.soundcloud.com\/player\/?url=https%3A\/\/api.soundcloud.com\/tracks\/115854450\" width=\"100%\"><\/iframe><\/p>\n<p> \t&nbsp;<\/p>\n","protected":false},"excerpt":{"rendered":"<p>El Tejido de Comunicaci\u00f3n habl\u00f3 con Rodrigo Huenchullan de la Comunidad Aut\u00f3noma Temucuicui, en la Provincia de Malleco de la IX de la Aracaun\u00eda &#8211; Chile. La comunidad Mapuche se encuentra invadida [&hellip;]<\/p>\n","protected":false},"author":2,"featured_media":0,"comment_status":"open","ping_status":"open","sticky":false,"template":"","format":"standard","meta":[],"categories":[47],"tags":[],"_links":{"self":[{"href":"https:\/\/tejidohistorico.afrodescendientes.com\/index.php\/wp-json\/wp\/v2\/posts\/5733"}],"collection":[{"href":"https:\/\/tejidohistorico.afrodescendientes.com\/index.php\/wp-json\/wp\/v2\/posts"}],"about":[{"href":"https:\/\/tejidohistorico.afrodescendientes.com\/index.php\/wp-json\/wp\/v2\/types\/post"}],"author":[{"embeddable":true,"href":"https:\/\/tejidohistorico.afrodescendientes.com\/index.php\/wp-json\/wp\/v2\/users\/2"}],"replies":[{"embeddable":true,"href":"https:\/\/tejidohistorico.afrodescendientes.com\/index.php\/wp-json\/wp\/v2\/comments?post=5733"}],"version-history":[{"count":0,"href":"https:\/\/tejidohistorico.afrodescendientes.com\/index.php\/wp-json\/wp\/v2\/posts\/5733\/revisions"}],"wp:attachment":[{"href":"https:\/\/tejidohistorico.afrodescendientes.com\/index.php\/wp-json\/wp\/v2\/media?parent=5733"}],"wp:term":[{"taxonomy":"category","embeddable":true,"href":"https:\/\/tejidohistorico.afrodescendientes.com\/index.php\/wp-json\/wp\/v2\/categories?post=5733"},{"taxonomy":"post_tag","embeddable":true,"href":"https:\/\/tejidohistorico.afrodescendientes.com\/index.php\/wp-json\/wp\/v2\/tags?post=5733"}],"curies":[{"name":"wp","href":"https:\/\/api.w.org\/{rel}","templated":true}]}}