{"id":5735,"date":"2013-07-03T01:28:24","date_gmt":"2013-07-03T01:28:24","guid":{"rendered":"http:\/\/www2.nasaacin.org\/index.php\/2013\/07\/03\/vigesima-novena-asamblea-del-movimiento-juvenil-alvaro-ulcue-chocue-del-norte-del-cauca-2013\/"},"modified":"2013-07-03T01:28:24","modified_gmt":"2013-07-03T01:28:24","slug":"vigesima-novena-asamblea-del-movimiento-juvenil-alvaro-ulcue-chocue-del-norte-del-cauca-2013","status":"publish","type":"post","link":"https:\/\/tejidohistorico.afrodescendientes.com\/index.php\/2013\/07\/03\/vigesima-novena-asamblea-del-movimiento-juvenil-alvaro-ulcue-chocue-del-norte-del-cauca-2013\/","title":{"rendered":"Vig\u00e9sima novena asamblea del Movimiento Juvenil &#8220;\u00c1lvaro Ulcu\u00e9 Chocu\u00e9&#8221; del norte del Cauca 2013"},"content":{"rendered":"<div> \t\u201cJ\u00f3venes unidos en comunidad en busca del fortalecimiento de la armon\u00eda espiritual en defensa de nuestro territorio\u201c. En el&nbsp;Resguardo ind\u00edgena de Miranda &#8211; Cauca, en la vereda La Cilia. Los d\u00edas 04 al 07 de julio 2013.<\/div>\n<p>  <!--more-->  <\/p>\n<div> \t&nbsp;<\/div>\n<div> \t<strong>INTRODUCCI\u00d3N<\/strong><\/div>\n<div> \t&nbsp;<\/div>\n<div> \tComo en los a\u00f1os anteriores esta vez tenemos la alegr\u00eda y el gusto de compartir con ustedes la vig\u00e9sima novena asamblea juvenil, \u201dJ\u00f3venes unidos en comunidad, en busca del fortalecimiento de la armon\u00eda, espiritual en defensa de nuestro territorio\u201d, en donde todos y todas nos daremos cita con el prop\u00f3sito de evaluar y discutir las diferentes problem\u00e1ticas que hay dentro de nuestro territorio, compartir e intercambiar productos y experiencias para continuar el fortalecimiento de nuestro plan de vida.&nbsp;<\/div>\n<div> \t&nbsp;<\/div>\n<div> \tYa que es necesario que cada uno de nosotros en compa\u00f1\u00eda de nuestros mayores aportemos a la construcci\u00f3n de una juventud critica, anal\u00edtica y propositiva.&nbsp;<\/div>\n<div> \t&nbsp;<\/div>\n<div> \tDe esta manera esperamos que cada uno de nosotros participemos en la asamblea juvenil No 29, con responsabilidad y aportemos decididamente al proceso que es m\u00edo, tuyo y de todos.<\/div>\n<div> \t&nbsp;<\/div>\n<div> \t<strong>JUSTIFICACI\u00d3N<\/strong><\/div>\n<div> \t&nbsp;<\/div>\n<div> \tEn el territorio Nasa en el norte del Cauca, perviven comunidades que afrontan las distintas problem\u00e1ticas y necesidades, que trae consigo el conflicto armado, el narcotr\u00e1fico, violencia intrafamiliar, que a su vez lleva a los menores al abandono de las aulas escolares y al mal uso del tiempo libre.&nbsp;<\/div>\n<div> \t&nbsp;<\/div>\n<div> \tHoy los adolescentes y j\u00f3venes seguimos con la resistencia y pervivencia milenaria, pero a su vez tenemos varios retos y responsabilidades, uno de ellos es ayudar a los ni\u00f1os, ni\u00f1as, adolescentes, j\u00f3venes, hombres y mujeres, que viven dentro del conflicto armado, por medio de conferencias y charlas formativas.<\/div>\n<div> \t&nbsp;<\/div>\n<div> \t<strong>OBJETIVO GENERAL&nbsp;<\/strong><\/div>\n<div> \t&nbsp;<\/div>\n<div> \tGenerar conciencia y espacios de reflexi\u00f3n en la comunidad, sobre las diferentes problem\u00e1ticas existentes y a su vez crear estrategias que nos lleven a la soluci\u00f3n de dichas problem\u00e1ticas.&nbsp;<\/div>\n<div> \t&nbsp;<\/div>\n<div> \t&nbsp;<\/div>\n<div> \t<strong>OBJETIVOS ESPEC\u00cdFICOS&nbsp;<\/strong><\/div>\n<div> \t&nbsp;<\/div>\n<div> \tIntegrar a los ni\u00f1os, ni\u00f1as, adolecentes, j\u00f3venes y mayores, en las diferentes discusiones planteadas en la tem\u00e1tica.&nbsp;<\/div>\n<div> \t&nbsp;<\/div>\n<div> \tAnalizar y contextualizar los temas familiares, pol\u00edticos, sociales y econ\u00f3micos dentro del territorio.&nbsp;<\/div>\n<div> \t&nbsp;<\/div>\n<div> \tRealizar el intercambio de productos y saberes propios de la comunidad \u201ctrueque\u201d&nbsp;<\/div>\n<div> \t&nbsp;<\/div>\n<div> \tRealizar encuentros culturales y recreativos en busca de la integraci\u00f3n y el fortalecimiento de los participantes.&nbsp;<\/div>\n<div> \t&nbsp;<\/div>\n<div> \t<strong>CRITERIOS DE PARTICIPACI\u00d3N<\/strong><\/div>\n<div> \t&nbsp;<\/div>\n<div> \tCada delegaci\u00f3n debe traer el aporte de revuelto, plato, cuchara, colchoneta, cobija, implementos deportivos, carteleras, pancartas, vallas con mensajes alusivos al proceso juvenil, organizativo y comunitario.<\/div>\n<div> \t&nbsp;<\/div>\n<div> \tActos culturales para presentarlos durante los d\u00edas del encuentro.<\/div>\n<div> \t&nbsp;<\/div>\n<div> \tTener voluntad de participar, colaborar y respetar los criterios de la asamblea como el no consumo de bebidas embriagantes.<\/div>\n<div> \t&nbsp;<\/div>\n<div> \tEl personal debe ser activo y capaz de llevar el mensaje a la comunidad y dem\u00e1s j\u00f3venes.<\/div>\n<div> \t&nbsp;<\/div>\n<div> \tDisponibilidad para integrarse y compartir con los dem\u00e1s j\u00f3venes, mayores y personal de otras organizaciones.&nbsp;<\/div>\n<div> \t&nbsp;<\/div>\n<div> \t<strong>Primer d\u00eda &#8211; jueves 04 de julio&nbsp;<\/strong><\/div>\n<div> \t2:00 pm Llegada de las delegaciones a la vereda El Cabildo\u2014 Miranda&nbsp;<\/div>\n<div> \t4:00 pm\u20145:30 pm Instalaci\u00f3n de cocinas y alojamientos&nbsp;<\/div>\n<div> \t5:30 pm\u2014 6:30 pm Comida&nbsp;<\/div>\n<div> \t7:00 pm 10:00 pm Instalaci\u00f3n del evento&nbsp;<\/div>\n<div> \t&nbsp;<\/div>\n<div> \t<strong>Segundo d\u00eda viernes 05 de julio&nbsp;<\/strong><\/div>\n<div> \t5:00 am Despertar de la comunidad&nbsp;<\/div>\n<div> \t6:30 am &#8211; 7:30 am Desayuno&nbsp;<\/div>\n<div> \t8:00 am &#8211; 8:30 am Himnos de la organizaci\u00f3n y saludo de autoridades&nbsp;<\/div>\n<div> \t8:30 am &#8211; 10:30 am Ponencia conflicto armado&nbsp;<\/div>\n<div> \t10:30 am &#8211; 11:00 am Intervenci\u00f3n musical&nbsp;<\/div>\n<div> \t11:00: am &#8211; 12:30 pm Socializaci\u00f3n de la comisi\u00f3n de paz\u2014ACIN&nbsp;<\/div>\n<div> \t12:30 pm &#8211; 2:00 pm Almuerzo&nbsp;<\/div>\n<div> \t2:00 pm &#8211; 6: 00 pm Encuentros deportivos&nbsp;<\/div>\n<div> \t6:00 pm 7:00 pm Comida&nbsp;<\/div>\n<div> \t7:30 pm 10:00 pm Actos culturales y reinado cultural masculino&nbsp;<\/div>\n<div> \t&nbsp;<\/div>\n<div> \t<strong>Tercer d\u00eda s\u00e1bado 06 de julio&nbsp;<\/strong><\/div>\n<div> \t5:00 am Despertar de la comunidad&nbsp;<\/div>\n<div> \t6:30 am &#8211; 7:30 am Desayuno&nbsp;<\/div>\n<div> \t8:00 am &#8211; 10:00 am Ponencia Narcotr\u00e1fico por Alcib\u00edades Escu\u00e9&nbsp;<\/div>\n<div> \t10:00 am 10:30 am Intervenci\u00f3n musical&nbsp;<\/div>\n<div> \t10:30 am &#8211; 12:030 pm Ponencia consecuencias de la fumigaci\u00f3n por Tejido de Comunicaci\u00f3n &#8211; ACIN&nbsp;<\/div>\n<div> \t12:30 pm &#8211; 2:00 pm Almuerzo&nbsp;<\/div>\n<div> \t2:00 pm &#8211; 6:00 pm Encuentros deportivos<\/div>\n<div> \t6:00 pm &#8211; 7:00 pm Comida&nbsp;<\/div>\n<div> \t7:00 pm &#8211; 10:00 pm Actos culturales y reinado cultural femenino&nbsp;<\/div>\n<div> \t&nbsp;<\/div>\n<div> \t<strong>Cuarto d\u00eda domingo 07 de julio&nbsp;<\/strong><\/div>\n<div> \t5:00 am Despertar de la comunidad&nbsp;<\/div>\n<div> \t6:30 am &#8211; 7:30 am Desayuno&nbsp;<\/div>\n<div> \t8:00 am &#8211; 10:30 am Trabajo en comisiones&nbsp;<\/div>\n<div> \t10:30 am 12:30 pm Plenaria y s\u00edntesis&nbsp;<\/div>\n<div> \t12:30pm &#8211; 1:00pm Elecci\u00f3n de nuevo lugar de la trig\u00e9sima asamblea juvenil \u201c\u00c1lvaro Ulcu\u00e9\u201d&nbsp;<\/div>\n<div> \t1:00 pm 2:00 pm Almuerzo y arreglo del sitio de asamblea&nbsp;<\/div>\n<div> \t2:00 pm Salida de las de las delegaciones para sus sitios de origen.<\/div>\n<div> \t&nbsp;<\/div>\n<div> \t<strong>MOVIMIENTO JUVENIL &#8220;\u00c1LVARO ULCU\u00c9 CHOCU\u00c9&#8221; DE LA ZONA NORTE DEL CAUCA<\/strong><\/div>\n","protected":false},"excerpt":{"rendered":"<p>\u201cJ\u00f3venes unidos en comunidad en busca del fortalecimiento de la armon\u00eda espiritual en defensa de nuestro territorio\u201c. En el&nbsp;Resguardo ind\u00edgena de Miranda &#8211; Cauca, en la vereda La Cilia. Los d\u00edas 04 [&hellip;]<\/p>\n","protected":false},"author":2,"featured_media":5734,"comment_status":"open","ping_status":"open","sticky":false,"template":"","format":"standard","meta":[],"categories":[73],"tags":[],"_links":{"self":[{"href":"https:\/\/tejidohistorico.afrodescendientes.com\/index.php\/wp-json\/wp\/v2\/posts\/5735"}],"collection":[{"href":"https:\/\/tejidohistorico.afrodescendientes.com\/index.php\/wp-json\/wp\/v2\/posts"}],"about":[{"href":"https:\/\/tejidohistorico.afrodescendientes.com\/index.php\/wp-json\/wp\/v2\/types\/post"}],"author":[{"embeddable":true,"href":"https:\/\/tejidohistorico.afrodescendientes.com\/index.php\/wp-json\/wp\/v2\/users\/2"}],"replies":[{"embeddable":true,"href":"https:\/\/tejidohistorico.afrodescendientes.com\/index.php\/wp-json\/wp\/v2\/comments?post=5735"}],"version-history":[{"count":0,"href":"https:\/\/tejidohistorico.afrodescendientes.com\/index.php\/wp-json\/wp\/v2\/posts\/5735\/revisions"}],"wp:featuredmedia":[{"embeddable":true,"href":"https:\/\/tejidohistorico.afrodescendientes.com\/index.php\/wp-json\/wp\/v2\/media\/5734"}],"wp:attachment":[{"href":"https:\/\/tejidohistorico.afrodescendientes.com\/index.php\/wp-json\/wp\/v2\/media?parent=5735"}],"wp:term":[{"taxonomy":"category","embeddable":true,"href":"https:\/\/tejidohistorico.afrodescendientes.com\/index.php\/wp-json\/wp\/v2\/categories?post=5735"},{"taxonomy":"post_tag","embeddable":true,"href":"https:\/\/tejidohistorico.afrodescendientes.com\/index.php\/wp-json\/wp\/v2\/tags?post=5735"}],"curies":[{"name":"wp","href":"https:\/\/api.w.org\/{rel}","templated":true}]}}