{"id":5737,"date":"2013-07-03T15:56:29","date_gmt":"2013-07-03T15:56:29","guid":{"rendered":"http:\/\/www2.nasaacin.org\/index.php\/2013\/07\/03\/pronunciamiento-de-solidaridad-con-evo-morales-y-condena-al-imperialismo\/"},"modified":"2013-07-03T15:56:29","modified_gmt":"2013-07-03T15:56:29","slug":"pronunciamiento-de-solidaridad-con-evo-morales-y-condena-al-imperialismo","status":"publish","type":"post","link":"https:\/\/tejidohistorico.afrodescendientes.com\/index.php\/2013\/07\/03\/pronunciamiento-de-solidaridad-con-evo-morales-y-condena-al-imperialismo\/","title":{"rendered":"Pronunciamiento de Solidaridad con Evo Morales y condena al imperialismo"},"content":{"rendered":"<p> \t<font face=\"Helvetica, Arial, sans-serif\">La Red de Intelectuales y Artistas en Defensa de la Humanidad manifiesta su indignaci\u00f3n ante el atentado criminal perpetrado en la tarde de este martes 3 de julio contra el Presidente boliviano Evo Morales Ayma, de parte del gobierno de los Estados Unidos y con la clara complicidad de varios estados europeos.<\/font><\/p>\n<p>  <!--more-->  <\/p>\n<p> \t<font face=\"Helvetica, Arial, sans-serif\">La negaci\u00f3n de pasar por espacio a\u00e9reo o de hacer uso del derecho de un repostaje t\u00e9cnico del avi\u00f3n FAB-001 del Presidente del Estado Plurinacional de Bolivia por algunos pa\u00edses europeos, no solo es una ofensa contra el primer presidente ind\u00edgena de Am\u00e9rica Latina, sino contra el proceso de integraci\u00f3n y construcci\u00f3n de la Patria Grande que est\u00e1 recuperando su soberan\u00eda y dejando atr\u00e1s su condici\u00f3n de \u201cpatio trasero\u201d de los Estados Unidos.<\/p>\n<p> \tBolivia, en la figura de Evo Morales, un campesino cocalero que enfrent\u00f3 a la DEA en su etapa como sindicalista, y que expuls\u00f3 al embajador de Estados Unidos y a USAID en su condici\u00f3n de Presidente, es el claro ejemplo de c\u00f3mo se pueden construir procesos de cambio en favor de las mayor\u00edas populares desde posiciones claramente anticoloniales y antiimperialistas.<\/p>\n<p> \tLa cobarde y criminal agresi\u00f3n contra Evo Morales es una se\u00f1al de amenaza de lo dispuesto que est\u00e1 el imperialismo para acabar con los presidentes y pueblos dignos de Am\u00e9rica Latina, para destruir la dignidad y soberan\u00eda recuperadas y para volverse a apropiar de nuestros recursos naturales.<\/p>\n<p> \tLlamamos a los pueblos y gobiernos de Am\u00e9rica Latina, pero tambi\u00e9n a los pueblos de Europa que sufren la embestida de sus elites pol\u00edticas y econ\u00f3micas, a denunciar y condenar esta actitud neocolonial de Espa\u00f1a, Francia, Portugal e Italia, colonias de una potencia decadente.<\/p>\n<p> \t<strong>Ya no es tiempo de imperios ni colonias, es tiempo de pueblos y dignidad!<\/strong><\/p>\n<p> \t<strong>Adhesiones a: <\/strong><\/font><strong>evorehendelimperio@gmail.com<a href=\"Pronunciamiento de Solidaridad con Evo Morales y condena al imperialismo\"><br \/> \t<\/a><\/strong><\/p>\n<div>\n<div data-tooltip=\"Muestra el contenido reducido\" id=\":ef\" role=\"button\" tabindex=\"0\"> \t\t<strong><a href=\"Pronunciamiento de Solidaridad con Evo Morales y condena al imperialismo\"><img src=\"https:\/\/mail.google.com\/mail\/u\/0\/images\/cleardot.gif\" \/><\/a><\/strong><\/div>\n<\/p><\/div>\n","protected":false},"excerpt":{"rendered":"<p>La Red de Intelectuales y Artistas en Defensa de la Humanidad manifiesta su indignaci\u00f3n ante el atentado criminal perpetrado en la tarde de este martes 3 de julio contra el Presidente boliviano [&hellip;]<\/p>\n","protected":false},"author":2,"featured_media":5736,"comment_status":"open","ping_status":"open","sticky":false,"template":"","format":"standard","meta":[],"categories":[3],"tags":[],"_links":{"self":[{"href":"https:\/\/tejidohistorico.afrodescendientes.com\/index.php\/wp-json\/wp\/v2\/posts\/5737"}],"collection":[{"href":"https:\/\/tejidohistorico.afrodescendientes.com\/index.php\/wp-json\/wp\/v2\/posts"}],"about":[{"href":"https:\/\/tejidohistorico.afrodescendientes.com\/index.php\/wp-json\/wp\/v2\/types\/post"}],"author":[{"embeddable":true,"href":"https:\/\/tejidohistorico.afrodescendientes.com\/index.php\/wp-json\/wp\/v2\/users\/2"}],"replies":[{"embeddable":true,"href":"https:\/\/tejidohistorico.afrodescendientes.com\/index.php\/wp-json\/wp\/v2\/comments?post=5737"}],"version-history":[{"count":0,"href":"https:\/\/tejidohistorico.afrodescendientes.com\/index.php\/wp-json\/wp\/v2\/posts\/5737\/revisions"}],"wp:featuredmedia":[{"embeddable":true,"href":"https:\/\/tejidohistorico.afrodescendientes.com\/index.php\/wp-json\/wp\/v2\/media\/5736"}],"wp:attachment":[{"href":"https:\/\/tejidohistorico.afrodescendientes.com\/index.php\/wp-json\/wp\/v2\/media?parent=5737"}],"wp:term":[{"taxonomy":"category","embeddable":true,"href":"https:\/\/tejidohistorico.afrodescendientes.com\/index.php\/wp-json\/wp\/v2\/categories?post=5737"},{"taxonomy":"post_tag","embeddable":true,"href":"https:\/\/tejidohistorico.afrodescendientes.com\/index.php\/wp-json\/wp\/v2\/tags?post=5737"}],"curies":[{"name":"wp","href":"https:\/\/api.w.org\/{rel}","templated":true}]}}