{"id":5894,"date":"2013-08-02T17:09:45","date_gmt":"2013-08-02T17:09:45","guid":{"rendered":"http:\/\/www2.nasaacin.org\/index.php\/2013\/08\/02\/por-que-la-onu-critica-la-ley-antiterrorista-de-chile\/"},"modified":"2013-08-02T17:09:45","modified_gmt":"2013-08-02T17:09:45","slug":"por-que-la-onu-critica-la-ley-antiterrorista-de-chile","status":"publish","type":"post","link":"https:\/\/tejidohistorico.afrodescendientes.com\/index.php\/2013\/08\/02\/por-que-la-onu-critica-la-ley-antiterrorista-de-chile\/","title":{"rendered":"Por qu\u00e9 la ONU critica la Ley Antiterrorista de Chile"},"content":{"rendered":"<div> \tNaciones Unidas puso el ojo sobre uno de los conflictos m\u00e1s longevos y delicados en Chile, que ha expuesto al pa\u00eds a fuertes denuncias por parte de organismos defensores de los derechos humanos: la aplicaci\u00f3n de la Ley del Terrorismo a miembros de la comunidad mapuche acusados por hechos de violencia.<\/div>\n<div> \t&nbsp;<\/div>\n<p>  <!--more-->  <\/p>\n<div> \t&nbsp;<\/div>\n<div> \tSeg\u00fan el Relator Especial de Derechos Humanos y Contraterrorismo de la ONU, Ben Emmerson, el Estado chileno discrimina repetidamente a los mapuches al aplicarles la legislaci\u00f3n antiterrorista &#8220;de una manera confusa y arbitraria que termina generando una verdadera injusticia&#8221;.<\/div>\n<div> \t&nbsp;<\/div>\n<div> \tEsta ha sido una de las cr\u00edticas de m\u00e1s alto nivel que ha recibido el gobierno chileno por su manejo del conflicto de tierras en el sur del pa\u00eds -donde se concentra la comunidad mapuche-, que desde hace siglos ha sido escenario de fuertes disputas entre originarios y propietarios de tierras o fuerzas de seguridad.<\/div>\n<div> \t&nbsp;<\/div>\n<div> \t&#8220;La situaci\u00f3n en (las provincias de) la Araucan\u00eda y B\u00edo B\u00edo es extremadamente vol\u00e1til&#8221;, afirma Emmerson.<\/div>\n<div> \t&#8220;Ante la ausencia de r\u00e1pida y efectiva acci\u00f3n a nivel nacional, esta situaci\u00f3n podr\u00eda escalar aceleradamente a un estado de desorden y violencia&#8221;, agreg\u00f3.<\/div>\n<div> \t&nbsp;<\/div>\n<div> \tSobre todo -advirti\u00f3- porque la polic\u00eda chilena &#8220;sistem\u00e1ticamente apela al uso excesivo de la fuerza&#8221;. En la \u00faltima d\u00e9cada, tres manifestantes mapuches fueron abatidos a tiros por la polic\u00eda en distintos incidentes.<\/div>\n<div> \t&nbsp;<\/div>\n<div> \t<strong>Disputas<\/strong><\/div>\n<div> \t&nbsp;<\/div>\n<div> \tEn a\u00f1os recientes, algunos miembros de la comunidad mapuche del sur del pa\u00eds \u2013que representa a un 9% de la poblaci\u00f3n chilena- se han visto envueltos en actos de violencia como parte de una campa\u00f1a para recuperar tierras cedidas por el Estado en el siglo XIX.<\/div>\n<div> \t&nbsp;<\/div>\n<div> \tLos mapuches, desde antes de la llegada de los espa\u00f1oles en el siglo XVI, habitaban estas regiones del sur de Chile.<\/div>\n<div> \tConocidos por su ferocidad, los mapuches lograron resistir con \u00e9xito la conquista espa\u00f1ola. Pero hace unos dos siglos fueron doblegados y divididos en peque\u00f1as comunidades, mientras que sus tierras fueron vendidas a terratenientes y empresas forestales: desde entonces pujan por recuperar lo perdido.<\/div>\n<div> \t&nbsp;<\/div>\n<div> \tSus recientes formas de protesta han incluido marchas de calle, la ocupaci\u00f3n de edificios gubernamentales, cortes de ruta, ocupaci\u00f3n de tierras en disputa y \u2013quiz\u00e1s el m\u00e9todo m\u00e1s criticado- ataques con incendios provocados.<\/div>\n<div> \t&nbsp;<\/div>\n<div> \tUno de estos incendios provocados \u2013por parte de un grupo no identificado- ocurri\u00f3 en enero de este a\u00f1o en una vivienda particular, en el sur del pa\u00eds. Los due\u00f1os, una pareja de la tercera edad conocida por su mala relaci\u00f3n con los vecinos mapuches, murieron en las llamas.<\/div>\n<div> \t&nbsp;<\/div>\n<div> \tLa respuesta de las autoridades ha sido aplicarles a los involucrados la Ley Antiterrorismo que impuls\u00f3 en 1984 el exgobernante militar del pa\u00eds, Augusto Pinochet, cuyo objetivo inicial era eliminar cualquier oposici\u00f3n a su r\u00e9gimen.<\/div>\n<div> \t&nbsp;<\/div>\n<div> \t<strong>Recomendaciones<\/strong><\/div>\n<div> \t&nbsp;<\/div>\n<div> \tPero, para la ONU (y muchas organizaciones defensoras de los derechos humanos), la norma es una de las m\u00e1s rigurosas en el sistema penal.<\/div>\n<div> \t&nbsp;<\/div>\n<div> \tPrincipalmente porque duplica los t\u00e9rminos de cualquier sentencia y permite que se sostengan condenas sobre la base de testimonios de testigos an\u00f3nimos.<\/div>\n<div> \t&nbsp;<\/div>\n<div> \tPor eso, Emmerson, tras dos semanas de visita en Chile por invitaci\u00f3n del gobierno de Sebasti\u00e1n Pi\u00f1era, emiti\u00f3 un documento con recomendaciones al Estado:<\/div>\n<div> \t&nbsp;<\/div>\n<div> \tQue se adopte una estrategia nacional para manejar el conflicto mapuche &#8220;con un objetivo definido y de corto plazo&#8221;. Pero esto, advierte el relator, &#8220;requerir\u00e1 de un viraje importante en la voluntad pol\u00edtica&#8221;.<\/div>\n<div> \t&nbsp;<\/div>\n<div> \tQue se d\u00e9 fin al uso de la Ley Antiterrorismo en casos que involucren disputas de tierras mapuches y que, sobre todo, se revisen las condenas de aquellos ya sentenciados por testimonios an\u00f3nimos.<\/div>\n<div> \t&nbsp;<\/div>\n<div> \tQue se establezca un nuevo organismo que investigue las denuncias de excesivo uso de la fuerza policial contra miembros de la comunidad mapuche. Seg\u00fan Emmerson, el actual ente encargado de esto &#8220;ha fallado en su tarea de garantizar el cumplimiento de la ley&#8221; para atender estas denuncias.<\/div>\n<div> \t&nbsp;<\/div>\n<div> \tEl gobierno chileno a\u00fan no ha respondido a las recomendaciones del relator de la ONU.<\/div>\n<div> \t&nbsp;<\/div>\n<div> \tPero la situaci\u00f3n mapuche en Chile contin\u00faa siendo delicada, y la controvertida Ley Antiterrorista ha llevado a huelgas de hambre por parte de miembros de la comunidad mapuche.<\/div>\n<div> \t&nbsp;<\/div>\n<div> \tY aunque el gobierno de Pi\u00f1era anunci\u00f3 reformas a dicha legislaci\u00f3n en 2010, para la mayor\u00eda de la naci\u00f3n mapuche (o Mapudungun, en su idioma nativo), estos cambios no han sido suficientes.<\/div>\n<div> \t&nbsp;<\/div>\n<div>\n<div> \t\tPor Gideon Long<\/div>\n<div> \t\tFuente: www.bbc.co.uk<\/div>\n<div> \t\t<a href=\"http:\/\/www.mapuexpress.net\/?act=news&amp;id=10724\">http:\/\/www.mapuexpress.net\/?act=news&amp;id=10724<\/a><\/div>\n<\/p><\/div>\n","protected":false},"excerpt":{"rendered":"<p>Naciones Unidas puso el ojo sobre uno de los conflictos m\u00e1s longevos y delicados en Chile, que ha expuesto al pa\u00eds a fuertes denuncias por parte de organismos defensores de los derechos [&hellip;]<\/p>\n","protected":false},"author":2,"featured_media":5591,"comment_status":"open","ping_status":"open","sticky":false,"template":"","format":"standard","meta":[],"categories":[3],"tags":[],"_links":{"self":[{"href":"https:\/\/tejidohistorico.afrodescendientes.com\/index.php\/wp-json\/wp\/v2\/posts\/5894"}],"collection":[{"href":"https:\/\/tejidohistorico.afrodescendientes.com\/index.php\/wp-json\/wp\/v2\/posts"}],"about":[{"href":"https:\/\/tejidohistorico.afrodescendientes.com\/index.php\/wp-json\/wp\/v2\/types\/post"}],"author":[{"embeddable":true,"href":"https:\/\/tejidohistorico.afrodescendientes.com\/index.php\/wp-json\/wp\/v2\/users\/2"}],"replies":[{"embeddable":true,"href":"https:\/\/tejidohistorico.afrodescendientes.com\/index.php\/wp-json\/wp\/v2\/comments?post=5894"}],"version-history":[{"count":0,"href":"https:\/\/tejidohistorico.afrodescendientes.com\/index.php\/wp-json\/wp\/v2\/posts\/5894\/revisions"}],"wp:featuredmedia":[{"embeddable":true,"href":"https:\/\/tejidohistorico.afrodescendientes.com\/index.php\/wp-json\/wp\/v2\/media\/5591"}],"wp:attachment":[{"href":"https:\/\/tejidohistorico.afrodescendientes.com\/index.php\/wp-json\/wp\/v2\/media?parent=5894"}],"wp:term":[{"taxonomy":"category","embeddable":true,"href":"https:\/\/tejidohistorico.afrodescendientes.com\/index.php\/wp-json\/wp\/v2\/categories?post=5894"},{"taxonomy":"post_tag","embeddable":true,"href":"https:\/\/tejidohistorico.afrodescendientes.com\/index.php\/wp-json\/wp\/v2\/tags?post=5894"}],"curies":[{"name":"wp","href":"https:\/\/api.w.org\/{rel}","templated":true}]}}