{"id":5915,"date":"2013-08-06T00:28:25","date_gmt":"2013-08-06T00:28:25","guid":{"rendered":"http:\/\/www2.nasaacin.org\/index.php\/2013\/08\/06\/la-defensa-de-la-madre-tierra-debe-ser-un-compromiso-de-las-comunidades-afros-campesinas-e-indigenas\/"},"modified":"2013-08-06T00:28:25","modified_gmt":"2013-08-06T00:28:25","slug":"la-defensa-de-la-madre-tierra-debe-ser-un-compromiso-de-las-comunidades-afros-campesinas-e-indigenas","status":"publish","type":"post","link":"https:\/\/tejidohistorico.afrodescendientes.com\/index.php\/2013\/08\/06\/la-defensa-de-la-madre-tierra-debe-ser-un-compromiso-de-las-comunidades-afros-campesinas-e-indigenas\/","title":{"rendered":"Cauca: &#8220;La defensa de la Madre Tierra debe ser un compromiso de las comunidades afros, campesinas e ind\u00edgenas&#8221;"},"content":{"rendered":"<div> \t<\/div>\n<div> \tA inicios del 2013, las comunidades ind\u00edgenas, campesinas y afros del norte del Cauca han sido afectadas por el conflicto armado entre el ej\u00e9rcito colombiano y la guerrilla de las Farc. Una zona de dif\u00edcil acceso es la zona occidente, donde se encuentran los municipios de Buenos Aires y Su\u00e1rez. Ah\u00ed se encuentran los resguardos ind\u00edgenas de Pueblo Nuevo Ceral y Cerro Tijeras. Estas comunidades siempre han manifestado las problem\u00e1ticas de estar en medio de la guerra.&nbsp;<\/div>\n<p>  <!--more-->  <\/p>\n<div> \t&nbsp;<\/div>\n<div> \tEl conflicto no ha cesado, al contrario se ha agravado, aparentemente en esta zona no pasa nada pero sus habitantes est\u00e1n en permanente lucha por la defensa de su territorio: \u201cDesde enero hay constantemente ametrallamientos, se escuchan las avionetas y helic\u00f3pteros. A cualquier hora del d\u00eda se escuchan y en especial en las horas de la madrugada, bombardean, a veces es muy dif\u00edcil y preocupante\u201d, dijo un Presidente de Junta de Acci\u00f3n Comunal en la <a href=\"http:\/\/www.nasaacin.org\/index.php\/informativo-nasaacin\/nuestra-palabra-kueta-susuza-2013\/5971-cauca-no-vienen-por-la-coca-ni-por-la-guerrilla-vienen-por-nuestro-territorio\" target=\"_blank\" rel=\"noopener noreferrer\">asamblea n\u00famero de 16 del Plan de Vida Sa`th Fxinxi Kiwe,<\/a> en la Finca Cascajal ubicada en Pueblo Nuevo Ceral, que se realiz\u00f3 los d\u00edas 25 y 26 de julio.&nbsp;<\/div>\n<div> \t&nbsp;<\/div>\n<div> \tEn esta zona monta\u00f1osa y de caminos estrechos, transitan los arrieros con sus mulas. En los \u00faltimos hechos ocurridos fueron heridos varios animales y personas con esquirlas de los bombardeos que hay entre los grupos armados. En Patio Bonito, en la cordillera occidental, se dice que hay tres casas abandonadas y que han sido afectadas; y en el Despunte tambi\u00e9n hay otra casa impactada. &nbsp;&nbsp;<\/div>\n<div> \t&nbsp;<\/div>\n<div> \tEsta estrategia de militarizaci\u00f3n no es solamente por el narcotr\u00e1fico y por la guerrilla como lo dicen los medios, \u201ces por la riqueza de la Madre Tierra\u201d. En este territorio ya se han adue\u00f1ado del agua por medio de las represas, hay monocultivos de pino y eucalipto, hay miner\u00eda y sitios de exploraci\u00f3n. Les hacen promesas de pavimentaci\u00f3n, de abrir carreteras, de construir escuelas, de proyectos y proyectos pero nada de esto se cumple, esas son las frases de las multinacionales para poder entrar a los territorios. Pero las comunidades \u201cya no comen cuento\u201d, ya saben que quieren desplazarlos por medio del conflicto armado para abrirles el camino a las multinacionales y que estas se puedan adue\u00f1ar de estas riquezas naturales.<\/div>\n<div> \t&nbsp;<\/div>\n<div> \tEl pasado 23 y 24 de julio, las comunidades afros hicieron control territorial, impidieron que personas extra\u00f1as entraran hacer mediciones para construir una represa en el sitio Mary L\u00f3pez, en el r\u00edo Timba. \u201cEl martes 23 de julio llegaron unos ingenieros, estaban midiendo y hab\u00edan buscado gente del territorio para que los ayudara. Estaban midiendo para hacer la cortina de la represa pero la \u2018Comisi\u00f3n en Defensa del Territorio\u2019, han estado alerta ante la llegada de las multinacionales, menos mal los afros estaban alertas ante esta situaci\u00f3n\u201d, dijo un dirigente ind\u00edgena.&nbsp;<\/div>\n<div> \t&nbsp;<\/div>\n<div> \tUna referencia para las comunidades afros es el pueblo nasa por su organizaci\u00f3n a la hora de actuar cuando se siente amenazado el territorio y cuando hay personas extra\u00f1as que quieren generar desarmon\u00eda y desequilibrio en la comunidad. Los afros en su ejercicio de autonom\u00eda impidieron que los ingenieros continuaran con el trabajo de hacer medici\u00f3n. Les quitaron las herramientas, se llam\u00f3 a la personer\u00eda municipal y a la Comisi\u00f3n de en Defensa del Territorio para solucionar este problema por v\u00eda pac\u00edfica. Ese martes se tapon\u00f3 la carretera, no hab\u00eda tr\u00e1nsito para nadie, todo con el fin de defender su territorio.<\/div>\n<div> \t&nbsp;<\/div>\n<div> \tEl mi\u00e9rcoles 24 de julio, las comunidades de la parte alta de la cordillera, los corregimientos del Porvenir, El Ceral y El Naya, se unieron a esta acci\u00f3n de control territorial. En esta toma de la carretera hab\u00eda campesinos, afros e ind\u00edgenas, participaron aproximadamente unas 1500 personas en el sitio. Ese d\u00eda se reuni\u00f3 toda la comunidad con los ingenieros, en Mary L\u00f3pez, \u201cellos (los ingenieros) estaban sorprendidos al ver tanta gente. Nos transportamos en una chiva y ellos ten\u00edan desconfianza, pero nosotros and\u00e1bamos con la Guardia Ind\u00edgena y no hab\u00eda que temer. Los ingenieros al ver tanta multitud, se asustaron y dijeron \u201cs\u00ed es de esta manera, nosotros por ac\u00e1 no volvemos, anulamos lo que \u00edbamos a hacer y nosotros sabemos que ustedes est\u00e1n en defensa de su territorio\u201d. Pero nosotros no le comemos cuento ante sus explicaciones, ellos nos dijeron que vendr\u00e1n otros que est\u00e1n interesados en su territorio, ante esto vamos a continuar en asamblea permanente y lo que toca es unirse\u201d, expres\u00f3 muy preocupado un Presidente de Junta de Acci\u00f3n Comunal.<\/div>\n<div> \t&nbsp;<\/div>\n<div> \tAmenazas hay muchas, el ejercicio de hacer control territorial no es bien visto por el estado y ni por los grupos armados (ej\u00e9rcito y guerrilla), todos ellos quieren mandar pero se olvidan que hay autoridades leg\u00edtimas como son los cabildos ind\u00edgenas que se han construido con el esfuerzo de toda comunidad consciente que lo \u00fanico que quiere es defender la vida. \u201cHay personas se\u00f1aladas por enfrentar a la polic\u00eda de Timba y a las Farc que transitan por estos territorios. En una reuni\u00f3n que hizo el ej\u00e9rcito, donde hablaron de la erradicaci\u00f3n y explicaron el Plan de Consolidaci\u00f3n Territorial, explicaron que ellos tra\u00edan proyectos de pollos, cerdos, caf\u00e9 y de capacitaci\u00f3n (talleres de mec\u00e1nica y de alimentos, por medio del SENA) y nosotros decimos que son proyectos de miseria; y como autoridades no aceptamos esta clase de proyectos. Pedimos que el Estado invierta con proyectos de verdad, esa miseria no es una soluci\u00f3n para uno sobrevivir. Por ser cr\u00edticos nos tildan de guerrilleros o los otros dicen que somos colaboradores del ej\u00e9rcito. &nbsp;De esa manera se cuestiona y si morimos y si nos asesinan es por la defensa de los territorios, aqu\u00ed en Colombia la gente que reclama los derechos dicen que son terroristas, lo \u00fanico que nos queda en trabajar en unidad para defender el territorio\u201d, manifest\u00f3 un l\u00edder ind\u00edgena.&nbsp;<\/div>\n<div> \t&nbsp;<\/div>\n<div> \tLas comunidades de la zona occidente del norte del Cauca, hacen un llamado a \u201corganizarnos ya no solamente como ind\u00edgenas sino con los campesinos y afros. Las comunidades afros han tomado la iniciativa y hay que apoyarlos, siempre con el sentido de defender nuestro territorio\u201d. Le hacen el llamado al CRIC, a la ACIN y al Plan de Vida Sa\u00b4th Fxinxi Kiwe para que socialicen m\u00e1s los temas coyunturales y visiten m\u00e1s estas comunidades, de esta forma se crea m\u00e1s conciencia y se entiende m\u00e1s a fondo estos problemas. Discutiendo entre todos estas problem\u00e1ticas se buscan soluciones y salidas a la agudizaci\u00f3n del conflicto que se vive a diario, \u201cPorque el gobierno quiere ver a los ind\u00edgenas, a los campesinos y a los afros por aparte, nos quieren ver divididos\u201d<\/div>\n<div> \t&nbsp;<\/div>\n<div> \t<strong>Tejido de Comunicaci\u00f3n &#8211; ACIN<\/strong><\/div>\n","protected":false},"excerpt":{"rendered":"<p>A inicios del 2013, las comunidades ind\u00edgenas, campesinas y afros del norte del Cauca han sido afectadas por el conflicto armado entre el ej\u00e9rcito colombiano y la guerrilla de las Farc. Una [&hellip;]<\/p>\n","protected":false},"author":2,"featured_media":5914,"comment_status":"open","ping_status":"open","sticky":false,"template":"","format":"standard","meta":[],"categories":[73],"tags":[],"_links":{"self":[{"href":"https:\/\/tejidohistorico.afrodescendientes.com\/index.php\/wp-json\/wp\/v2\/posts\/5915"}],"collection":[{"href":"https:\/\/tejidohistorico.afrodescendientes.com\/index.php\/wp-json\/wp\/v2\/posts"}],"about":[{"href":"https:\/\/tejidohistorico.afrodescendientes.com\/index.php\/wp-json\/wp\/v2\/types\/post"}],"author":[{"embeddable":true,"href":"https:\/\/tejidohistorico.afrodescendientes.com\/index.php\/wp-json\/wp\/v2\/users\/2"}],"replies":[{"embeddable":true,"href":"https:\/\/tejidohistorico.afrodescendientes.com\/index.php\/wp-json\/wp\/v2\/comments?post=5915"}],"version-history":[{"count":0,"href":"https:\/\/tejidohistorico.afrodescendientes.com\/index.php\/wp-json\/wp\/v2\/posts\/5915\/revisions"}],"wp:featuredmedia":[{"embeddable":true,"href":"https:\/\/tejidohistorico.afrodescendientes.com\/index.php\/wp-json\/wp\/v2\/media\/5914"}],"wp:attachment":[{"href":"https:\/\/tejidohistorico.afrodescendientes.com\/index.php\/wp-json\/wp\/v2\/media?parent=5915"}],"wp:term":[{"taxonomy":"category","embeddable":true,"href":"https:\/\/tejidohistorico.afrodescendientes.com\/index.php\/wp-json\/wp\/v2\/categories?post=5915"},{"taxonomy":"post_tag","embeddable":true,"href":"https:\/\/tejidohistorico.afrodescendientes.com\/index.php\/wp-json\/wp\/v2\/tags?post=5915"}],"curies":[{"name":"wp","href":"https:\/\/api.w.org\/{rel}","templated":true}]}}