{"id":5923,"date":"2013-08-06T16:27:36","date_gmt":"2013-08-06T16:27:36","guid":{"rendered":"http:\/\/www2.nasaacin.org\/index.php\/2013\/08\/06\/rios-vivos-repudia-el-asesinato-de-noe-vasquez-defensor-de-derechos-humanos-en-mexico-y-afectado-por-represas\/"},"modified":"2013-08-06T16:27:36","modified_gmt":"2013-08-06T16:27:36","slug":"rios-vivos-repudia-el-asesinato-de-noe-vasquez-defensor-de-derechos-humanos-en-mexico-y-afectado-por-represas","status":"publish","type":"post","link":"https:\/\/tejidohistorico.afrodescendientes.com\/index.php\/2013\/08\/06\/rios-vivos-repudia-el-asesinato-de-noe-vasquez-defensor-de-derechos-humanos-en-mexico-y-afectado-por-represas\/","title":{"rendered":"Rios Vivos Repudia el asesinato de Noe Vasquez Defensor de derechos humanos en M\u00e9xico y afectado por represas"},"content":{"rendered":"<div> \tPor la presente expresamos nuestro profundo rechazo y consternaci\u00f3n ante el asesinato de No\u00e9 V\u00e1zquez Ortiz en Amatl\u00e1n de los Reyes, estado de Veracruz, durante el inicio del X Aniversario del Movimiento Mexicano de Afectadas y Afectados por las Presas y en Defensa de los R\u00edos (MAPDER), e instar a que se tomen medidas para que haya justicia en este caso, as\u00ed como para que se garantice la seguridad de todas aquellas compa\u00f1eras y compa\u00f1eros que se plantan en defensa de los r\u00edos y sus comunidades.<\/div>\n<div> \t&nbsp;<\/div>\n<p>  <!--more-->  <\/p>\n<div> \t&nbsp;<\/div>\n<div> \t&nbsp;<\/div>\n<div> \tAGOSTO 05 DE 2013<\/div>\n<div> \t&nbsp;<\/div>\n<div> \tSe\u00f1ores<\/div>\n<div> \t<strong>EMBAJADA DE MEXICO EN COLOMBIA<\/strong><\/div>\n<div> \tL.C.<\/div>\n<div> \tCordial saludo.<\/div>\n<div> \t&nbsp;<\/div>\n<div> \tPor la presente expresamos nuestro profundo rechazo y consternaci\u00f3n ante el asesinato de No\u00e9 V\u00e1zquez Ortiz en Amatl\u00e1n de los Reyes, estado de Veracruz, durante el inicio del X Aniversario del Movimiento Mexicano de Afectadas y Afectados por las Presas y en Defensa de los R\u00edos (MAPDER), e instar a que se tomen medidas para que haya justicia en este caso, as\u00ed como para que se garantice la seguridad de todas aquellas compa\u00f1eras y compa\u00f1eros que se plantan en defensa de los r\u00edos y sus comunidades.<\/div>\n<div> \t&nbsp;<\/div>\n<div> \tNo\u00e9 integraba el Colectivo Defensa Verde Naturaleza para Siempre y el MAPDER. Fue asesinado a pedradas la ma\u00f1ana del viernes 2 de agosto de 2013 por dos presuntos pobladores locales mientras preparaba la ceremonia que ofrecer\u00eda como inicio a la inauguraci\u00f3n del X Aniversario del MAPDER.<\/div>\n<div> \t&nbsp;<\/div>\n<div> \tTanto el gobierno federal como el estatal y municipal fueron informados con tiempo de la realizaci\u00f3n del X Aniversario, sin embargo lejos de garantizar su seguridad, los convocados fueron recibidos con el asesinato de No\u00e9 V\u00e1zquez Ortiz.<\/div>\n<div> \t&nbsp;<\/div>\n<div> \tSolicitamos con vehemencia a las autoridades federales, estatales y municipales que se investiguen los hechos y que haya justicia por el asesinato del compa\u00f1ero No\u00e9 V\u00e1zquez Ortiz.<\/div>\n<div> \t&nbsp;<\/div>\n<div> \tTambi\u00e9n solicitamos sean garantizadas la seguridad de la familia V\u00e1zquez Ortiz; la seguridad del ni\u00f1o testigo que lo acompa\u00f1aba en el momento de su asesinato , as\u00ed como tambi\u00e9n la de sus familiares; y la de todos los miembros del Colectivo Defensa Verde Naturaleza para Siempre; del pueblo de Amatl\u00e1n de los Reyes; de todas personas de pueblos, comunidades y organizaciones nacionales e internacionales asistentes al X Aniversario Nacional del MAPDER.<\/div>\n<div> \t&nbsp;<\/div>\n<div> \tAtentamente,<\/div>\n<div> \t&nbsp;<\/div>\n<div> \t<strong>MOVIMIENTO COLOMBIANO RIOS VIVOS<\/strong><\/div>\n<div> \tDE AGUASPARALAVIDA AGOSTO 6, 2013<\/div>\n<div> \thttp:\/\/defensaterritorios.wordpress.com\/2013\/08\/06\/rios-vivos-repudia-el-asesinato-de-noe-vasquez-defensor-de-derechos-humanos-en-mexico-y-afectado-por-represas\/<\/div>\n","protected":false},"excerpt":{"rendered":"<p>Por la presente expresamos nuestro profundo rechazo y consternaci\u00f3n ante el asesinato de No\u00e9 V\u00e1zquez Ortiz en Amatl\u00e1n de los Reyes, estado de Veracruz, durante el inicio del X Aniversario del Movimiento [&hellip;]<\/p>\n","protected":false},"author":2,"featured_media":5922,"comment_status":"open","ping_status":"open","sticky":false,"template":"","format":"standard","meta":[],"categories":[3],"tags":[],"_links":{"self":[{"href":"https:\/\/tejidohistorico.afrodescendientes.com\/index.php\/wp-json\/wp\/v2\/posts\/5923"}],"collection":[{"href":"https:\/\/tejidohistorico.afrodescendientes.com\/index.php\/wp-json\/wp\/v2\/posts"}],"about":[{"href":"https:\/\/tejidohistorico.afrodescendientes.com\/index.php\/wp-json\/wp\/v2\/types\/post"}],"author":[{"embeddable":true,"href":"https:\/\/tejidohistorico.afrodescendientes.com\/index.php\/wp-json\/wp\/v2\/users\/2"}],"replies":[{"embeddable":true,"href":"https:\/\/tejidohistorico.afrodescendientes.com\/index.php\/wp-json\/wp\/v2\/comments?post=5923"}],"version-history":[{"count":0,"href":"https:\/\/tejidohistorico.afrodescendientes.com\/index.php\/wp-json\/wp\/v2\/posts\/5923\/revisions"}],"wp:featuredmedia":[{"embeddable":true,"href":"https:\/\/tejidohistorico.afrodescendientes.com\/index.php\/wp-json\/wp\/v2\/media\/5922"}],"wp:attachment":[{"href":"https:\/\/tejidohistorico.afrodescendientes.com\/index.php\/wp-json\/wp\/v2\/media?parent=5923"}],"wp:term":[{"taxonomy":"category","embeddable":true,"href":"https:\/\/tejidohistorico.afrodescendientes.com\/index.php\/wp-json\/wp\/v2\/categories?post=5923"},{"taxonomy":"post_tag","embeddable":true,"href":"https:\/\/tejidohistorico.afrodescendientes.com\/index.php\/wp-json\/wp\/v2\/tags?post=5923"}],"curies":[{"name":"wp","href":"https:\/\/api.w.org\/{rel}","templated":true}]}}