{"id":5934,"date":"2013-08-07T23:12:57","date_gmt":"2013-08-07T23:12:57","guid":{"rendered":"http:\/\/www2.nasaacin.org\/index.php\/2013\/08\/07\/el-gobierno-de-veracruz-es-responsable-del-asesinato-de-noe-vazquez-ortiz-y-de-violaciones-al-estado-de-derecho\/"},"modified":"2013-08-07T23:12:57","modified_gmt":"2013-08-07T23:12:57","slug":"el-gobierno-de-veracruz-es-responsable-del-asesinato-de-noe-vazquez-ortiz-y-de-violaciones-al-estado-de-derecho","status":"publish","type":"post","link":"https:\/\/tejidohistorico.afrodescendientes.com\/index.php\/2013\/08\/07\/el-gobierno-de-veracruz-es-responsable-del-asesinato-de-noe-vazquez-ortiz-y-de-violaciones-al-estado-de-derecho\/","title":{"rendered":"El Gobierno de Veracruz es responsable del asesinato de No\u00e9 V\u00e1zquez Ortiz y de violaciones al Estado de Derecho"},"content":{"rendered":"<p> \t<strong>Recrudecen las irregularidades, hostigamiento y represi\u00f3n contra integrantes del MAPDER en Amatl\u00e1n, Veracruz, M\u00e9xico<\/strong>.&nbsp;El Gobernador del Estado de Veracruz, Javier Duarte, confirm\u00f3 d\u00edas antes en una reuni\u00f3n con miembros del Mapder que la seguridad del X Aniversario estaba garantizada.<\/p>\n<p>  <!--more-->  <\/p>\n<p> \tAl mismo tiempo, en esos d\u00edas publicaba el Decreto de \u00c1rea Natural Protegida de la regi\u00f3n que impedir\u00eda la construcci\u00f3n del Proyecto Hidroel\u00e9ctrico El Naranjal, cuyos due\u00f1os, los empresarios de Constructo, Claudio X. Gonz\u00e1lez y Gerardo Gonz\u00e1lez Guajardo, han sido acusados de corromper autoridades y presionar a la poblaci\u00f3n para que aceptara el proyecto de la represa.<\/p>\n<p> \tCon mayor informaci\u00f3n a la obtenida pocas horas antes del asesinato, el Mapder corrige que el cuerpo de No\u00e9 V\u00e1zquez fue entregado a sus familiares con 46 pu\u00f1aladas en la cabeza, degollado con un machete y quien fue encontrado amarrado de tobillos y mu\u00f1ecas por la espalda, boca abajo y en una posici\u00f3n ritual\u00edstica en el campo cercano a la sede del X Aniversario del Mapder, al parecer en alusi\u00f3n al ritual de bienvenida que dar\u00eda pocas horas despu\u00e9s. Los asesinos consignados son Jonathan Contreras Jim\u00e9nez, Luis Enrique de la Cruz Mart\u00ednez y Armando Tlaxcala Hern\u00e1ndez; el taxista Manuel Ram\u00edrez Reyes fue liberado.<\/p>\n<p> \tPese a la enorme presi\u00f3n nacional e internacional que demanda el esclarecimiento del asesinato del miembro del Mapder, No\u00e9 V\u00e1zquez Ortiz, las autoridades de procuraci\u00f3n de justicia del estado de Veracruz han actuado en una serie de violaciones a la ley y al Estado de Derecho:<\/p>\n<p> \t1) El Ministerio P\u00fablico de Amatl\u00e1n se neg\u00f3 a recibir la denuncia de hechos el d\u00eda del crimen, 2 de agosto.<\/p>\n<p> \t2) Se presion\u00f3 a los familiares de No\u00e9 al condicionar la entrega del cuerpo del fallecido si el menor, testigo del crimen, no declaraba.<\/p>\n<p> \t3) El s\u00e1bado 3 de agosto se presentaron de manera ilegal agentes de la Agencia de Investigaciones Veracruzana (AVI) para interrogar por segunda ocasi\u00f3n, pero ahora en su domicilio, al menor de edad testigo del homicidio, sin autorizaci\u00f3n expresa para hacerlo, sin presencia de sus padres, de su abogado ni sic\u00f3logo. Los anteriores son algunos de los procedimientos que violan los Derechos Humanos del Ni\u00f1o as\u00ed como los instrumentos internacionales en la materia.<\/p>\n<p> \t4) Los peri\u00f3dicos de la regi\u00f3n publican fotograf\u00edas periciales y minimizan los hechos como delincuencia com\u00fan.<\/p>\n<p> \tEste lunes se realiz\u00f3 la audiencia de Control de Detenci\u00f3n ante el Juez de Control en la Sala de Juicios Orales en el Penal de La Toma, ubicado en el municipio de Amatl\u00e1n de los Reyes, Veracruz, en donde se observaron las siguientes irregularidades:<\/p>\n<p> \t1) No se notific\u00f3 sobre esta audiencia a la parte ofendida, aun cuando ya exist\u00edan dentro del expediente de investigaci\u00f3n datos de identificaci\u00f3n de la esposa de No\u00e9 donde pod\u00eda ser notificada; as\u00ed como el se\u00f1alamiento de un asesor jur\u00eddico que tampoco fue debidamente notificado.<\/p>\n<p> \t2) La forma en la que se enteraron de la audiencia fue a trav\u00e9s de una nota en el peri\u00f3dico donde el Procurador General de Justicia del Estado de Veracruz, daba instrucciones al juzgado del penal de La Toma para que se realizara la imputaci\u00f3n formal del delito de homicidio doloso y se hiciera la solicitud de vinculaci\u00f3n a proceso de los detenidos. Es importante destacar que se trata de una audiencia de primordial importancia en donde se determinar\u00e1 seguir juicio en contra de los se\u00f1alados como responsables.<\/p>\n<p> \t3) Guadalupe, esposa de No\u00e9, lleg\u00f3 a la sala de juicios orales a un costado del penal de La Toma a las 10:00 de la ma\u00f1ana, hora en que comenzaba esta diligencia. De forma inmediata le negaron la entrada argumentando que la sala estaba llena. Las personas que le negaron la entrada no quisieron identificarse. Frente a este hecho el auxiliar del Ministerio P\u00fablico Genaro Hern\u00e1ndez argument\u00f3 a Guadalupe que ignoraba el por qu\u00e9 no hab\u00eda sido notificada y agreg\u00f3 que en el receso de la audiencia har\u00edan lo posible para que pudiera ingresar; sin embargo, el MP en el receso habl\u00f3 con la abogada (asesora jur\u00eddica de la parte ofendida) sin intervenir para que fuera posible su ingreso, y solo por presi\u00f3n de las organizaciones que la acompa\u00f1aban en ese momento fue posible que presenciara el resto de la audiencia. Sin embargo, fue solo en car\u00e1cter de p\u00fablico, pasando por alto los derechos que le corresponden como parte ofendida dentro del juicio oral, ya que no ha sido oportunamente informada del procedimiento.<\/p>\n<p> \tPese a que el gobierno del estado ha designado a Arturo Mej\u00eda Garc\u00eda, de la subsecretar\u00eda de Gobierno, para garantizar la seguridad y el debido proceso, el clima de violencia en Amatl\u00e1n no cesa:<\/p>\n<p> \t1)&nbsp;&nbsp;&nbsp;&nbsp;&nbsp; El domingo 4, despu\u00e9s de retiradas las delegaciones participantes en el d\u00e9cimo encuentro MAPDER, 20 ni\u00f1os de entre 12 y 16 a\u00f1os de edad ocuparon la plaza del pueblo queriendo golpear a un menor cercano al Colectivo Defensa Verde Naturaleza para Siempre que estuvo en una manifestaci\u00f3n con pancartas exigiendo justicia, sin que el presidente municipal de Amatl\u00e1n, Eduardo Rojas Camacho, haga algo para garantizar su seguridad; de igual manera, las autoridades no han realizado ninguna investigaci\u00f3n o acci\u00f3n para garantizar la seguridad de la comunidad, dej\u00e1ndolos en un estado de vulnerabilidad.<\/p>\n<p> \t2) Los integrantes del Colectivo han estado vigilados abiertamente todo el tiempo.<\/p>\n<p> \tLas investigaciones del Ministerio P\u00fablico deben ir m\u00e1s all\u00e1 de los autores materiales, para encontrar a los autores intelectuales en vista de que el menor testigo, en su declaraci\u00f3n, da cuenta de que los homicidas se\u00f1alan que \u201cas\u00ed es su chamba\u201d, por lo que se sugiere que han sido pagados para matar a No\u00e9 V\u00e1zquez Ortiz.<\/p>\n<p> \tPor ello, el MAPDER, el Colectivo Defensa Verde Naturaleza para Siempre y las Organizaciones de Derechos Humanos que acompa\u00f1an a Guadalupe y a los familiares de No\u00e9, exigimos:<\/p>\n<p> \t1) Al Poder Judicial del Estado de Veracruz, a las autoridades municipales, estatales y federales que cesen las irregularidades en este proceso y se conduzcan conforme a derecho.<\/p>\n<p> \t2) Que el gobierno estatal y federal garanticen de forma inmediata la seguridad del menor testigo de los hechos, de la familia de No\u00e9 V\u00e1zquez Ortiz, de los miembros del Colectivo Defensa Verde, Naturaleza para Siempre, de la poblaci\u00f3n en general y de las organizaciones que los acompa\u00f1an.<\/p>\n<p> \t3) Investigaci\u00f3n con debido proceso de los responsables materiales e intelectuales del asesinato de No\u00e9 V\u00e1zquez Ortiz.<\/p>\n<p> \t4) La CANCELACION INMEDIATA DEL PROYECTO HIDROELECTRICO EL NARANJAL.<\/p>\n<p> \t<strong>Atentamente:<\/p>\n<p> \tMovimiento Mexicano de Afectados por las Presas y en Defensa de los R\u00edos (MAPDER)<\/p>\n<p> \tM\u00e9xico, a 7 de agosto de 2013.<\/p>\n<p> \thttp:\/\/www.mapder.lunasexta.org\/?p=2580<\/strong><\/p>\n","protected":false},"excerpt":{"rendered":"<p>Recrudecen las irregularidades, hostigamiento y represi\u00f3n contra integrantes del MAPDER en Amatl\u00e1n, Veracruz, M\u00e9xico.&nbsp;El Gobernador del Estado de Veracruz, Javier Duarte, confirm\u00f3 d\u00edas antes en una reuni\u00f3n con miembros del Mapder que [&hellip;]<\/p>\n","protected":false},"author":2,"featured_media":0,"comment_status":"open","ping_status":"open","sticky":false,"template":"","format":"standard","meta":[],"categories":[3],"tags":[],"_links":{"self":[{"href":"https:\/\/tejidohistorico.afrodescendientes.com\/index.php\/wp-json\/wp\/v2\/posts\/5934"}],"collection":[{"href":"https:\/\/tejidohistorico.afrodescendientes.com\/index.php\/wp-json\/wp\/v2\/posts"}],"about":[{"href":"https:\/\/tejidohistorico.afrodescendientes.com\/index.php\/wp-json\/wp\/v2\/types\/post"}],"author":[{"embeddable":true,"href":"https:\/\/tejidohistorico.afrodescendientes.com\/index.php\/wp-json\/wp\/v2\/users\/2"}],"replies":[{"embeddable":true,"href":"https:\/\/tejidohistorico.afrodescendientes.com\/index.php\/wp-json\/wp\/v2\/comments?post=5934"}],"version-history":[{"count":0,"href":"https:\/\/tejidohistorico.afrodescendientes.com\/index.php\/wp-json\/wp\/v2\/posts\/5934\/revisions"}],"wp:attachment":[{"href":"https:\/\/tejidohistorico.afrodescendientes.com\/index.php\/wp-json\/wp\/v2\/media?parent=5934"}],"wp:term":[{"taxonomy":"category","embeddable":true,"href":"https:\/\/tejidohistorico.afrodescendientes.com\/index.php\/wp-json\/wp\/v2\/categories?post=5934"},{"taxonomy":"post_tag","embeddable":true,"href":"https:\/\/tejidohistorico.afrodescendientes.com\/index.php\/wp-json\/wp\/v2\/tags?post=5934"}],"curies":[{"name":"wp","href":"https:\/\/api.w.org\/{rel}","templated":true}]}}