{"id":5995,"date":"2013-08-19T17:06:22","date_gmt":"2013-08-19T17:06:22","guid":{"rendered":"http:\/\/www2.nasaacin.org\/index.php\/2013\/08\/19\/quienes-hablan-de-paz-y-se-benefician-de-la-guerra-asesinan-a-un-comunero-indigena-en-tacueyo-del-municipio-de-toribio-cauca\/"},"modified":"2013-08-19T17:06:22","modified_gmt":"2013-08-19T17:06:22","slug":"quienes-hablan-de-paz-y-se-benefician-de-la-guerra-asesinan-a-un-comunero-indigena-en-tacueyo-del-municipio-de-toribio-cauca","status":"publish","type":"post","link":"https:\/\/tejidohistorico.afrodescendientes.com\/index.php\/2013\/08\/19\/quienes-hablan-de-paz-y-se-benefician-de-la-guerra-asesinan-a-un-comunero-indigena-en-tacueyo-del-municipio-de-toribio-cauca\/","title":{"rendered":"Quienes hablan de paz y se benefician de la guerra, asesinan a un comunero ind\u00edgena en Tacuey\u00f3 del municipio de Toribio &#8211; Cauca"},"content":{"rendered":"<div> \t<\/div>\n<div> \tDesde el pasado martes 13 y mi\u00e9rcoles 14 de agosto, en la vereda el Dami\u00e1n del de resguardo de Tacuey\u00f3, municipio de Toribio, se iniciaron las confrontaciones armadas entre la guerrilla y el ej\u00e9rcito poniendo en grave riesgo a los ni\u00f1os y ni\u00f1as del centro educativo el Dami\u00e1n, el personal docente y toda la comunidad que habita esta vereda. El director de la instituci\u00f3n educativa el Dami\u00e1n relat\u00f3 los hechos ocurridos a trav\u00e9s de un comunicado enviado a la direcci\u00f3n de n\u00facleo educativo de Toribio &#8211; Cauca.<\/div>\n<p>  <!--more-->  <\/p>\n<div> \t&nbsp;<\/div>\n<div> \t<strong>HECHOS<\/strong><\/div>\n<div> \t&nbsp;<\/div>\n<div> \tSiendo aproximadamente las 10:30 de la ma\u00f1ana del d\u00eda martes 13 de agosto ,se ubic\u00f3 un grupo armado a menos de 80 metros del per\u00edmetro escolar realizando descargas de fusil y siendo estas tambi\u00e9n respondidas de otro sector del \u00e1rea escolar. Se coloc\u00f3 en peligro ante el fuego cruzado la vida de 117 estudiantes, 7 docentes, una manipuladora de alimentos y padres de familia que acudieron inmediatamente por sus hijos. Tambi\u00e9n se afect\u00f3 las instalaciones del plantel, present\u00e1ndose tres (3) impactos de bala en el techos de las aulas de clases de los grados primero, segundo y grado cuarto donde se hall\u00f3 un proyectil, al igual que se afect\u00f3 la cancha de recreaci\u00f3n donde se encontraron impactos de balas y las redes de energ\u00eda que pasan por encima del restaurante.&nbsp;<\/div>\n<div> \t&nbsp;<\/div>\n<div> \tEste enfrentamiento se extendi\u00f3 por toda el \u00e1rea escolar donde se encuentra ubicadas las dos sedes antes mencionadas, afectando tambi\u00e9n a 18 ni\u00f1os, la docente y manipuladora de la sede educativa de la Mar\u00eda. Durante este tiempo los docentes salvaguardaron la integridad de los estudiantes, ubic\u00e1ndolos en la parte menos riesgosa para ellos, ya que los disparos cruzaban todo el per\u00edmetro del Centro.<\/div>\n<div> \t&nbsp;<\/div>\n<div> \tPor otro parte, teniendo en cuenta el plan de gesti\u00f3n de riesgo donde se determin\u00f3 realizar las llamadas pertinentes para informar sobre la dif\u00edcil situaci\u00f3n que se estaba presentando (alcald\u00eda, Secretario de Gobierno, Direcci\u00f3n de N\u00facleo, presidente de J.A. Comunal y otros), adem\u00e1s de comunicarnos con padres de familia para que tuvieran las medidas preventivas antes y despu\u00e9s de ir a recoger a sus hijo. Se logr\u00f3 hacer la evacuaci\u00f3n de un grupo de estudiantes con los docentes utilizando los distintivos del Centro, como banderas, otro grupo de estudiantes permaneci\u00f3 hasta tanto pasara &nbsp;dicho enfrentamiento y sus padres vinieran por ellos. Comunicado director centro docente el Dami\u00e1n Tacuey\u00f3.<\/div>\n<div> \t&nbsp;<\/div>\n<div> \tEn la madrugada del s\u00e1bado 16 de agosto en la vereda la Mar\u00eda del resguardo de Tacuey\u00f3, nuevamente se presentaron fuertes confrontaciones obligando a 15 familias aproximadamente a desplazarse hacia las viviendas vecinas. Una comunera de la vereda la Mar\u00eda relat\u00f3 que se encontraba en su vivienda en compa\u00f1\u00eda de sus dos hijos, resguard\u00e1ndose de las balas, en ese momento lleg\u00f3 el ej\u00e9rcito y los enca\u00f1on\u00f3 diciendo \u201cHay dos guerrilleros\u201d, la madre de los j\u00f3venes tuvo que explicarles insistentemente &nbsp;que eran sus hijos para que no les dispararan.<\/div>\n<div> \t&nbsp;<\/div>\n<div> \tEn la parte alta de la vereda la Mar\u00eda resguardo de Tacuey\u00f3, se encuentra ubicado un batall\u00f3n de alta monta\u00f1a desde el a\u00f1o 2011, lo que solamente ha tra\u00eddo a la comunidad zozobra y desarmon\u00eda, pues constantemente se presentan confrontaciones armadas que ponen en alto riesgo a todo la comunidad de esta vereda y sus alrededores, adem\u00e1s del da\u00f1o ambiental, la deforestaci\u00f3n y la contaminaci\u00f3n que en este sector se genera.<\/div>\n<div> \t&nbsp;<\/div>\n<div> \tDurante el d\u00eda domingo 18 de agosto se presentaron fuertes confrontaciones y bombardeos en la vereda Santo Domingo del resguardo de Tacuey\u00f3, municipio de Toribio donde fue asesinado el comunero ind\u00edgena Luis Faber Valencia Mesa socio de una de las fincas comunitaria del resguardo de Tacuey\u00f3, de igual manera desde el cabildo ind\u00edgena han reportado heridos y da\u00f1os en viviendas de esta comunidad sin aun cuantificar. En el momento se encuentran m\u00e1s de 120 personas desplazadas en los sitios de asamblea permanente de la vereda la Fonda y Santo Domingo. Las autoridades ind\u00edgenas denuncian que el ej\u00e9rcito ha bombardeado indiscriminadamente el lugar, muy cerca donde las comunidades se encuentran resguardadas.&nbsp;<\/div>\n<div> \t&nbsp;<\/div>\n<div> \tLas autoridad ind\u00edgena del cabildo de Tacuey\u00f3, municipio de Toribio, ha declarado en asamblea permanente la vereda Santo Domingo y la Fonda por los hechos ocurridos, exigen a la guerrilla y al ej\u00e9rcito no acercarse a los lugares declarados como sitios de asamblea permanente donde se resguarda la comunidad que ha debido desplazarse a causa de los combates. Hacen un llamado urgente al gobierno nacional para que cesen las confrontaciones en el territorio y el da\u00f1o a las comunidades como una m\u00ednima muestra para que haya una verdadera intenci\u00f3n de paz, a los organismos defensores de los Derechos Humanos piden tomar medidas prontas y eficaces frentes a los hechos ocurridos y a todas las instituciones gubernamentales prestar la atenci\u00f3n y el apoyo inmediato que requiere la comunidad.<\/div>\n<div> \t&nbsp;<\/div>\n<div> \t<strong>PROGRAMA POL\u00cdTICO DEL CONSEJO REGIONAL IND\u00cdGENA DEL CAUCA &#8211; CRIC<\/strong><\/div>\n<div> \t&nbsp;<\/div>\n","protected":false},"excerpt":{"rendered":"<p>Desde el pasado martes 13 y mi\u00e9rcoles 14 de agosto, en la vereda el Dami\u00e1n del de resguardo de Tacuey\u00f3, municipio de Toribio, se iniciaron las confrontaciones armadas entre la guerrilla y [&hellip;]<\/p>\n","protected":false},"author":2,"featured_media":5994,"comment_status":"open","ping_status":"open","sticky":false,"template":"","format":"standard","meta":[],"categories":[73],"tags":[],"_links":{"self":[{"href":"https:\/\/tejidohistorico.afrodescendientes.com\/index.php\/wp-json\/wp\/v2\/posts\/5995"}],"collection":[{"href":"https:\/\/tejidohistorico.afrodescendientes.com\/index.php\/wp-json\/wp\/v2\/posts"}],"about":[{"href":"https:\/\/tejidohistorico.afrodescendientes.com\/index.php\/wp-json\/wp\/v2\/types\/post"}],"author":[{"embeddable":true,"href":"https:\/\/tejidohistorico.afrodescendientes.com\/index.php\/wp-json\/wp\/v2\/users\/2"}],"replies":[{"embeddable":true,"href":"https:\/\/tejidohistorico.afrodescendientes.com\/index.php\/wp-json\/wp\/v2\/comments?post=5995"}],"version-history":[{"count":0,"href":"https:\/\/tejidohistorico.afrodescendientes.com\/index.php\/wp-json\/wp\/v2\/posts\/5995\/revisions"}],"wp:featuredmedia":[{"embeddable":true,"href":"https:\/\/tejidohistorico.afrodescendientes.com\/index.php\/wp-json\/wp\/v2\/media\/5994"}],"wp:attachment":[{"href":"https:\/\/tejidohistorico.afrodescendientes.com\/index.php\/wp-json\/wp\/v2\/media?parent=5995"}],"wp:term":[{"taxonomy":"category","embeddable":true,"href":"https:\/\/tejidohistorico.afrodescendientes.com\/index.php\/wp-json\/wp\/v2\/categories?post=5995"},{"taxonomy":"post_tag","embeddable":true,"href":"https:\/\/tejidohistorico.afrodescendientes.com\/index.php\/wp-json\/wp\/v2\/tags?post=5995"}],"curies":[{"name":"wp","href":"https:\/\/api.w.org\/{rel}","templated":true}]}}