{"id":614,"date":"2010-09-02T01:03:10","date_gmt":"2010-09-02T01:03:10","guid":{"rendered":"http:\/\/www2.nasaacin.org\/index.php\/2010\/09\/02\/chile-multitudinaria-marcha-en-arica-por-la-vida-y-el-agua\/"},"modified":"2010-09-02T01:03:10","modified_gmt":"2010-09-02T01:03:10","slug":"chile-multitudinaria-marcha-en-arica-por-la-vida-y-el-agua","status":"publish","type":"post","link":"https:\/\/tejidohistorico.afrodescendientes.com\/index.php\/2010\/09\/02\/chile-multitudinaria-marcha-en-arica-por-la-vida-y-el-agua\/","title":{"rendered":"Chile: Multitudinaria marcha en Arica \u201cPor la vida y el agua\u201d"},"content":{"rendered":"<p> El Monumento Natural \u201cSalar de Surire \u00a8se ve amenazado por lo que ser\u00eda  la instalaci\u00f3n de las empresas para obtener energ\u00eda geot\u00e9rmica, en la  marcha no pasaban desapercibidos los carteles: \u00a1Salvemos los flamencos!  \u00a1Surire Presente! Energ\u00eda Andina S.A. Nuestro territorio no tiene  precio!.<\/p>\n<p>  <!--more-->  <\/p>\n<p>\u2026<img src=\"..\/apc-aa-files\/7318ee9aa6969622010372e5c0e48665\/manifestacion22.JPG\" border=\"0\" align=\"left\" \/><\/p>\n<p align=\"center\"><strong>&#8212;\/\/&#8212; <\/strong><\/p>\n<p>El d\u00eda de s\u00e1bado 28 en Arica se llevo a cabo la multitudinaria  macha \u201cPor la vida y el agua\u201d, \u201cPOR UNA REGION LIBRE DE CONTAMINACION  AMBIENTAL\u201d.<\/p>\n<p>Organizada por La Red por la defensa del medio  ambiente de Arica y Parinacota, compuesta por diversas organizaciones;  sociales, ambientales, ind\u00edgenas, culturales, mujeres, j\u00f3venes,  trabajadores, estudiantes, pobladores afectados por los poli-metales y  ONGs.<\/p>\n<p><strong>El Monumento Natural \u201cSalar de Surire \u00a8se ve  amenazado por lo que ser\u00eda la instalaci\u00f3n de las empresas para obtener  energ\u00eda geot\u00e9rmica, en la marcha no pasaban desapercibidos los carteles:  \u00a1Salvemos los flamencos! \u00a1Surire Presente! Energ\u00eda Andina S.A. Nuestro  territorio no tiene precio!. \u2026 Vilma Castro Condore, de la comunidad de  Surire, manifest\u00f3: \u00a8la energ\u00eda geot\u00e9rmica no es renovable, es invasiva y  no es cien por ciento limpia, especialmente si no se tiene cuidado en  el manejo o producci\u00f3n de la energ\u00eda, disminuye las agua, las contamina,  afecta los suelos y la biodiversidad\u00a8<\/strong><\/p>\n<p>\u00a1No a la Miner\u00eda!  y la preocupaci\u00f3n de desafectar al Parque Lauca, fue una de las  principales consigan de los manifestantes: \u00a1Pi\u00f1era entiende el Parque  Lauca no se vende! Se o\u00eda con clamor. Recordando los anuncios del  presidente Sebasti\u00e1n Pi\u00f1era hechos en Arica, sobre el impulso de la gran  miner\u00eda en las provincias de Arica y Parinacota y las intenciones de  desafectar el Parque Nacional Lauca, \u00c1ngel Bola\u00f1os, presidente del  Consejo Aut\u00f3nomo Aymara (CAA), manifest\u00f3: \u00a8la gran Miner\u00eda afecta el  ancestral territorio ind\u00edgena se contrapone completamente con las  normativas internacionales vigentes en el pa\u00eds. La instalaci\u00f3n de la  miner\u00eda es una vulneraci\u00f3n al Convenio 169 de la OIT y a todo lo  relativo a los derechos territoriales, los recursos y el derecho a la  consulta\u00a8<\/p>\n<p>No estuvo ausente la solidaridad con el pueblo mapuche, en sus gritos y carteles \u00a1libertad a los presos pol\u00edticos mapuches!<\/p>\n<p>La  marcha culmino con un acto cultural en la afuera de la casa de la  cultura con la banda arique\u00f1a De Pelos, que hizo cantar y bailar a los  presentes con sus letras alusivas al tema medio ambiental,  principalmente con la canci\u00f3n \u00a8PROMEL\u00a8 canci\u00f3n que refleja la situaci\u00f3n  de la contaminaci\u00f3n por los poli metales y que no deja indiferente a la  ciudadan\u00eda \u00a8Gente muere de c\u00e1ncer y solo vive para sufrir, ni\u00f1os  contaminados por solo jugar, ars\u00e9nico en los huesos es lo que padece  este lugar\u00a8 \u00a1NO QUEREMOS MAS PLOMO!, \u00a1NO QUEREMOS MAS CONTAMINACION!,  dice su letra.<\/p>\n<p>\u00a0<\/p>\n<p><strong>[ <span>Fuente: <a href=\"http:\/\/consejoautonomoaymara.blogspot.com\/2010\/08\/multitudinaria-marcha-en-arica-por-la.html\" target=\"_blank\" rel=\"noopener noreferrer\">Consejo Aut\u00f3nomo Aymara<\/a><\/span> ]  [ <span>Autor: Hortencia Hidalgo C<\/span>]<\/strong><\/p>\n","protected":false},"excerpt":{"rendered":"<p>El Monumento Natural \u201cSalar de Surire \u00a8se ve amenazado por lo que ser\u00eda la instalaci\u00f3n de las empresas para obtener energ\u00eda geot\u00e9rmica, en la marcha no pasaban desapercibidos los carteles: \u00a1Salvemos los [&hellip;]<\/p>\n","protected":false},"author":1,"featured_media":0,"comment_status":"open","ping_status":"open","sticky":false,"template":"","format":"standard","meta":[],"categories":[3],"tags":[],"_links":{"self":[{"href":"https:\/\/tejidohistorico.afrodescendientes.com\/index.php\/wp-json\/wp\/v2\/posts\/614"}],"collection":[{"href":"https:\/\/tejidohistorico.afrodescendientes.com\/index.php\/wp-json\/wp\/v2\/posts"}],"about":[{"href":"https:\/\/tejidohistorico.afrodescendientes.com\/index.php\/wp-json\/wp\/v2\/types\/post"}],"author":[{"embeddable":true,"href":"https:\/\/tejidohistorico.afrodescendientes.com\/index.php\/wp-json\/wp\/v2\/users\/1"}],"replies":[{"embeddable":true,"href":"https:\/\/tejidohistorico.afrodescendientes.com\/index.php\/wp-json\/wp\/v2\/comments?post=614"}],"version-history":[{"count":0,"href":"https:\/\/tejidohistorico.afrodescendientes.com\/index.php\/wp-json\/wp\/v2\/posts\/614\/revisions"}],"wp:attachment":[{"href":"https:\/\/tejidohistorico.afrodescendientes.com\/index.php\/wp-json\/wp\/v2\/media?parent=614"}],"wp:term":[{"taxonomy":"category","embeddable":true,"href":"https:\/\/tejidohistorico.afrodescendientes.com\/index.php\/wp-json\/wp\/v2\/categories?post=614"},{"taxonomy":"post_tag","embeddable":true,"href":"https:\/\/tejidohistorico.afrodescendientes.com\/index.php\/wp-json\/wp\/v2\/tags?post=614"}],"curies":[{"name":"wp","href":"https:\/\/api.w.org\/{rel}","templated":true}]}}