{"id":616,"date":"2010-09-02T01:07:22","date_gmt":"2010-09-02T01:07:22","guid":{"rendered":"http:\/\/www2.nasaacin.org\/index.php\/2010\/09\/02\/narino-exigimos-respeto-por-la-vida-de-nuestras-comunidades\/"},"modified":"2010-09-02T01:07:22","modified_gmt":"2010-09-02T01:07:22","slug":"narino-exigimos-respeto-por-la-vida-de-nuestras-comunidades","status":"publish","type":"post","link":"https:\/\/tejidohistorico.afrodescendientes.com\/index.php\/2010\/09\/02\/narino-exigimos-respeto-por-la-vida-de-nuestras-comunidades\/","title":{"rendered":"Nari\u00f1o: exigimos respeto por la vida de nuestras comunidades"},"content":{"rendered":"<div class=\"fuentefecha\"><strong> <\/strong><\/div>\n<p style=\"text-align: justify;\">El pueblo de los Pastos y el Consejo Mayor de Educaci\u00f3n, se sienten  indignados por los actos de genocidio cometidos contra nuestros hermanos  ind\u00edgenas Tayta J<strong>esus Ramiro Inampues Quiguantar<\/strong> y su esposa <strong>Mar\u00eda Elina Galindres<\/strong>,  asesinados el d\u00eda 27 de Agosto del presente a\u00f1o, en la vereda el Corso,  Resguardo ind\u00edgena de Guachucal. Por lo anterior, exigimos a las  autoridades el pronto, efectivo y debida reparaci\u00f3n moral, social y  colectiva para el Pueblo de los Pastos, por este brutal hecho que  vulnera los derechos de los Pueblos originarios y en este caso del  Pueblo de los Pastos.<\/p>\n<p>  <!--more-->  <\/p>\n<p>\u00a0<\/p>\n<p>\u00a0<\/p>\n<div style=\"text-align: center;\"><strong>A LA OPINI\u00d3N P\u00daBLICA,  MEDIOS DE COMUNICACI\u00d3N, INSTITUCIONES DE DERECHOS HUMANOS, ORGANISMOS  GUBERNAMENTALES Y NO GUBERNAMENTALES \u00a0NACIONALES E INTERNACIONALES.<\/strong><\/div>\n<div style=\"text-align: center;\"><strong>EL CONSEJO MAYOR DE EDUCACI\u00d3N  IND\u00cdGENA DE NARI\u00d1O, RECONOCIDO POR LA SECRETARIA DE EDUCAC\u00d3N DE NARI\u00d1O  MEDIANTE \u00a0RESOLUCI\u00d3N 1299 DEL 26 DE AGOSTO DEL A\u00d1O 2003.<\/strong><\/div>\n<div><strong>El pueblo de los Pastos y el Consejo Mayor de Educaci\u00f3n,  se sienten indignados por los actos de genocidio cometidos contra  nuestros hermanos ind\u00edgenas Tayta <em>Jesus Ramiro Inampues Quiguantar<\/em> y su esposa <em>Mar\u00eda Elina Galindres<\/em>,  asesinados el d\u00eda 27 de Agosto del presente a\u00f1o, en la vereda el Corso,  Resguardo ind\u00edgena de Guachucal. Por lo anterior, exigimos a las  autoridades el pronto, efectivo y debida reparaci\u00f3n moral, social y  colectiva para el Pueblo de los Pastos, por este brutal hecho que  vulnera los derechos de los Pueblos originarios y en este caso del  Pueblo de los Pastos. <\/strong><\/div>\n<p>Hechos que no son nuevos para nuestro Pueblo ya que desde hace 517  a\u00f1os se vienen cometiendo en nuestros territorios y contra nuestras  comunidades, actos que son reprochables por la normatividad  internacional y nacional considerados actos de genocidio, ya que no s\u00f3lo  es la desaparici\u00f3n f\u00edsica, sino la vulneraci\u00f3n cultural, el peligro de  la vida colectiva y los derechos como pueblos ancestrales. Por lo tanto  exigimos respeto por la vida de nuestras comunidades y de nuestros  territorios, tal como lo establecen \u00a0las normas internas como  internacionales.<\/p>\n<p>Hoy de manera en\u00e9rgica e invocando la\u00a0sabidur\u00eda\u00a0ancestral nos  pronunciamos a la opini\u00f3n p\u00fablica para hacer un rechazo del vil  asesinato de nuestros l\u00edderes y compa\u00f1eros ind\u00edgenas, quienes fueron  personas reconocidas por su trabajo y defensores de los derechos de las  comunidades y en general del Pueblo de los Pastos, de una intachable e  integra moral y honradez. <strong>Tayta \u00a0Ramiro Inampues Quiguantar <\/strong>se  desempe\u00f1o como Gobernador del Cabildo Ind\u00edgena de Guachucal, candidato a  la alcald\u00eda del Municipio de Guachucal, avalado por el Movimiento de  Autoridades Ind\u00edgenas de Colombia AICO y en la actualidad se desempe\u00f1aba  como Concejal del Municipio de Guachucal avalado por la Alianza Social  Ind\u00edgena.<\/p>\n<div>\n<p>Hacemos un llamado al Gobierno, al Presidente Santos en  particular, que asuma sus obligaciones protegiendo a los pueblos  ind\u00edgenas, investigando los cr\u00edmenes en su contra y castigando  ejemplarmente a los responsables. A las instancias relacionadas con la  responsabilidad de salvaguardar la vida y honrra de los Colombianos,  para que se esclarezca prontamente este hecho que nuevamente enluta al  pueblo de los Pastos, que no se permita que este tipo de hechos queden  en silencio, en la m\u00e1s completa impunidad, como tantos otros.<\/p>\n<p>CONSEJO MAYOR DE EDUCACI\u00d3N IND\u00cdGENA DE NARI\u00d1O<\/p>\n<p>\u00a0<\/p>\n<p><strong>[ <span>Fuente: <a href=\"..\/\" target=\"_blank\" rel=\"noopener noreferrer\">Nari\u00f1o<\/a><\/span> ]  [ <span>Autor: Consejo Mayor de Educaci\u00f3n Ind\u00edgena de Nari\u00f1o<\/span>]<\/strong><\/p>\n<\/p><\/div>\n","protected":false},"excerpt":{"rendered":"<p>El pueblo de los Pastos y el Consejo Mayor de Educaci\u00f3n, se sienten indignados por los actos de genocidio cometidos contra nuestros hermanos ind\u00edgenas Tayta Jesus Ramiro Inampues Quiguantar y su esposa [&hellip;]<\/p>\n","protected":false},"author":1,"featured_media":0,"comment_status":"open","ping_status":"open","sticky":false,"template":"","format":"standard","meta":[],"categories":[3],"tags":[],"_links":{"self":[{"href":"https:\/\/tejidohistorico.afrodescendientes.com\/index.php\/wp-json\/wp\/v2\/posts\/616"}],"collection":[{"href":"https:\/\/tejidohistorico.afrodescendientes.com\/index.php\/wp-json\/wp\/v2\/posts"}],"about":[{"href":"https:\/\/tejidohistorico.afrodescendientes.com\/index.php\/wp-json\/wp\/v2\/types\/post"}],"author":[{"embeddable":true,"href":"https:\/\/tejidohistorico.afrodescendientes.com\/index.php\/wp-json\/wp\/v2\/users\/1"}],"replies":[{"embeddable":true,"href":"https:\/\/tejidohistorico.afrodescendientes.com\/index.php\/wp-json\/wp\/v2\/comments?post=616"}],"version-history":[{"count":0,"href":"https:\/\/tejidohistorico.afrodescendientes.com\/index.php\/wp-json\/wp\/v2\/posts\/616\/revisions"}],"wp:attachment":[{"href":"https:\/\/tejidohistorico.afrodescendientes.com\/index.php\/wp-json\/wp\/v2\/media?parent=616"}],"wp:term":[{"taxonomy":"category","embeddable":true,"href":"https:\/\/tejidohistorico.afrodescendientes.com\/index.php\/wp-json\/wp\/v2\/categories?post=616"},{"taxonomy":"post_tag","embeddable":true,"href":"https:\/\/tejidohistorico.afrodescendientes.com\/index.php\/wp-json\/wp\/v2\/tags?post=616"}],"curies":[{"name":"wp","href":"https:\/\/api.w.org\/{rel}","templated":true}]}}