{"id":6170,"date":"2013-09-05T16:45:25","date_gmt":"2013-09-05T16:45:25","guid":{"rendered":"http:\/\/www2.nasaacin.org\/index.php\/2013\/09\/05\/el-documental-9-70-ayudo-hacer-reflexion-antes-de-la-marcha-indigena-en-el-cauca\/"},"modified":"2013-09-05T16:45:25","modified_gmt":"2013-09-05T16:45:25","slug":"el-documental-9-70-ayudo-hacer-reflexion-antes-de-la-marcha-indigena-en-el-cauca","status":"publish","type":"post","link":"https:\/\/tejidohistorico.afrodescendientes.com\/index.php\/2013\/09\/05\/el-documental-9-70-ayudo-hacer-reflexion-antes-de-la-marcha-indigena-en-el-cauca\/","title":{"rendered":"El documental 9.70, ayud\u00f3 hacer reflexi\u00f3n antes de la marcha ind\u00edgena en el Cauca."},"content":{"rendered":"<p> \t&nbsp;<\/p>\n<p> \tDurante la concentraci\u00f3n de las comunidades ind\u00edgenas en la mar\u00eda Piendam\u00f3 el pasado 2 de Septiembre del presenta a\u00f1o, en horas de la noche, mientras las comunidades se alistaban para salir el d\u00eda siguiente a la gran minga en contra de los TLC y las diferentes pol\u00edticas&nbsp; estatales que afectan al pueblo colombiano.<\/p>\n<p>  <!--more-->  <\/p>\n<p> \tEl Tejido de comunicaci\u00f3n de la ACIN present\u00f3 uno de los documentales que ha dado mucho de qu\u00e9 hablar en Colombia frente a la privatizaci\u00f3n de las semillas; se trata del documental \u201c9.70\u201d realizado por la periodista Victoria Solano, quien ha puesto en la opini\u00f3n el debate sobre la resoluci\u00f3n 9.70 del 2010 del Instituto Colombiano Agropecuario ICA.<\/p>\n<p> \t&nbsp;<\/p>\n<p> \tEl documental se present\u00f3 en la gran caseta (Auditorio) del territorio de la Mar\u00eda Piendam\u00f3 y&nbsp; cont\u00f3 con la &nbsp;participaci\u00f3n de m\u00e1s 1200, entre ni\u00f1os, j\u00f3venes, mujeres, adultos y ancianos, provenientes de diferentes lugares de la geograf\u00eda del Cauca,.<\/p>\n<p> \t&nbsp;<\/p>\n<p> \tDe manera muy atenta la comunidad observ\u00f3 el documental y particip\u00f3 activamente en la reflexi\u00f3n sobre las problem\u00e1ticas que han tra\u00eddo los tratados de libre comercio en&nbsp; los pa\u00edses latinoamericanos.&nbsp; Por ejemplo, un comunero dijo que \u201cColombia ha firmado m\u00e1s de 17 tratados de libre comercio con pa\u00edses del supuesto desarrollo y en esos tratados est\u00e1n es negoci\u00e1ndolo todo, entre ellos las semillas nativas de nuestras comunidades, es decir, las multinacionales a trav\u00e9s de las patentes, est\u00e1n arriesgando la alimentaci\u00f3n de todos los pueblos que por muchos siglos han cuidado de las semillas como patrimonio esencial de la vida.\u201d<\/p>\n<p> \t&nbsp;<\/p>\n<p> \tDe la misma manera durante el dialogo del video foro se presentaron carteleras con mensajes de reflexi\u00f3n frente a los tratados de libre comercio, entre ellas una que ilustra claramente la privatizaci\u00f3n de las semillas, otras con caricaturas y s\u00e1tiras muy ingeniosas referidas a la situaci\u00f3n actual: paro agrario, militarizaci\u00f3n, miner\u00eda. Estos mensajes permitieron abordar con m\u00e1s dinamismo las cuestiones que se est\u00e1n en debate por el paro agrario nacional y las que se&nbsp; presentan el documental. Permiti\u00f3 una participaci\u00f3n activa de la comunidad en el foro, dejando unas reflexiones y aprendizajes muy valiosos.<\/p>\n<p> \t&nbsp;<\/p>\n<p> \tEntre las que se presentaron, resaltamos una reflexi\u00f3n que comparti\u00f3 un comunero afro: \u201cEl expresidente Uribe cuando inici\u00f3 las negociaciones del TLC con Estados Unidos nos vendi\u00f3 la idea de que&nbsp; este tratado de libre comercio estaba dise\u00f1ando para generar desarrollo y trabajo para la poblaci\u00f3n colombiana, por esta raz\u00f3n la sociedad que esta segada por los medios de comunicaci\u00f3n, se dejaron enga\u00f1ar por las palabras bonitas del presidente\u2026 y, ahora que ya estamos con el agua hasta el cuello, es que nos damos cuenta que las advertencias las hizo el movimiento ind\u00edgena en el a\u00f1o de 2005 cuando realizaron la consulta del TLC, en donde el 98% de la poblaci\u00f3n del Cauca dijo que no estaba de acuerdo con dicho tratado.\u201d<\/p>\n<p> \t&nbsp;<\/p>\n<p> \tDe la misma manera, muchos de los participantes manifestaron que les pareci\u00f3 muy interesante el video 9.70 porque les permiti\u00f3 entender parte de la problem\u00e1tica que viene afectando a diario a las comunidades, por tal motivo los espacios de reflexi\u00f3n por medio del videoforo se debe continuar haciendo en las comunidades para que la gente est\u00e9 en constantes espacios de reflexi\u00f3n, enterada y consciente de las problem\u00e1ticas que afectan a nuestros pueblos, que comprenda que tambi\u00e9n se viven en todo el pa\u00eds y el continente y sobre todo tengamos la claridad de salir a exigir nuestros derechos y a defender la vida.<\/p>\n<p> \t&nbsp;<\/p>\n<p> \t<strong>Tejido de Comunicaci\u00f3n-Pueblo nasa<\/strong><\/p>\n<p> \t<strong>Jueves 5 de 2013<\/strong><\/p>\n<p> \t&nbsp;<\/p>\n<p> \t&nbsp;<\/p>\n<p> \t&nbsp;<\/p>\n","protected":false},"excerpt":{"rendered":"<p>&nbsp; Durante la concentraci\u00f3n de las comunidades ind\u00edgenas en la mar\u00eda Piendam\u00f3 el pasado 2 de Septiembre del presenta a\u00f1o, en horas de la noche, mientras las comunidades se alistaban para salir [&hellip;]<\/p>\n","protected":false},"author":2,"featured_media":0,"comment_status":"open","ping_status":"open","sticky":false,"template":"","format":"standard","meta":[],"categories":[73],"tags":[],"_links":{"self":[{"href":"https:\/\/tejidohistorico.afrodescendientes.com\/index.php\/wp-json\/wp\/v2\/posts\/6170"}],"collection":[{"href":"https:\/\/tejidohistorico.afrodescendientes.com\/index.php\/wp-json\/wp\/v2\/posts"}],"about":[{"href":"https:\/\/tejidohistorico.afrodescendientes.com\/index.php\/wp-json\/wp\/v2\/types\/post"}],"author":[{"embeddable":true,"href":"https:\/\/tejidohistorico.afrodescendientes.com\/index.php\/wp-json\/wp\/v2\/users\/2"}],"replies":[{"embeddable":true,"href":"https:\/\/tejidohistorico.afrodescendientes.com\/index.php\/wp-json\/wp\/v2\/comments?post=6170"}],"version-history":[{"count":0,"href":"https:\/\/tejidohistorico.afrodescendientes.com\/index.php\/wp-json\/wp\/v2\/posts\/6170\/revisions"}],"wp:attachment":[{"href":"https:\/\/tejidohistorico.afrodescendientes.com\/index.php\/wp-json\/wp\/v2\/media?parent=6170"}],"wp:term":[{"taxonomy":"category","embeddable":true,"href":"https:\/\/tejidohistorico.afrodescendientes.com\/index.php\/wp-json\/wp\/v2\/categories?post=6170"},{"taxonomy":"post_tag","embeddable":true,"href":"https:\/\/tejidohistorico.afrodescendientes.com\/index.php\/wp-json\/wp\/v2\/tags?post=6170"}],"curies":[{"name":"wp","href":"https:\/\/api.w.org\/{rel}","templated":true}]}}