{"id":638,"date":"2010-09-11T18:57:44","date_gmt":"2010-09-11T18:57:44","guid":{"rendered":"http:\/\/www2.nasaacin.org\/index.php\/2010\/09\/11\/carta-de-recomendacion-para-postulacion-premio\/"},"modified":"2010-09-11T18:57:44","modified_gmt":"2010-09-11T18:57:44","slug":"carta-de-recomendacion-para-postulacion-premio","status":"publish","type":"post","link":"https:\/\/tejidohistorico.afrodescendientes.com\/index.php\/2010\/09\/11\/carta-de-recomendacion-para-postulacion-premio\/","title":{"rendered":"Carta de recomendaci\u00f3n para postulaci\u00f3n premio"},"content":{"rendered":"<p align=\"center\">\n<p class=\"Estilo1\"><strong>Carta de Oscar Olivera<\/strong><\/p>\n<p style=\"text-align: justify;\">\u201cA partir de un principio fundamental que  consiste en que la palabra debe ser libre y debe caminarse de manera  consecuente, dentro de su territorio, han asumido un car\u00e1cter cr\u00edtico y  reflexivo convencidos de que el debate y el reconocimiento y superaci\u00f3n  de contradicciones internas, fortalece el proceso ante las agresiones  externas al fomentar la apropiaci\u00f3n colectiva de las decisiones y el  sentido de la lucha\u201d, Oscar Olivera, Exsecretario Ejecutivo, Federaci\u00f3n  de Trabajadores Fabriles de Cochabamba (Bolivia).<\/p>\n<p>  <!--more-->  <\/p>\n<p>\u00a0<\/p>\n<p><a href=\"..\/uploads\/646f63756d656e746f732e2e2e2e2e2e\/Carta_TEJIDO_Oscar.pdf\">Ver texto completo&#8230; <\/a><\/p>\n<p class=\"Estilo1\"><strong>Carta de H\u00e9ctor Mondrag\u00f3n<\/strong><\/p>\n<p>\u201cAun m\u00e1s importante que el gran trabajo  period\u00edstico del Tejido, es su continuo tejer comunicaci\u00f3n, informaci\u00f3n,  conocimiento y sabidur\u00eda colectiva. El tejido no solamente se entrelaza  con las mov<\/p>\n<p>ilizaciones sino con todo el proceso de construcci\u00f3n y  organizaci\u00f3n Nasa, con los proyectos econ\u00f3micos de las comunidades y con  las relaciones solidarias de los Nasa con los dem\u00e1s sectores populares:  obreros de la ca\u00f1a de az\u00facar, afrocolombianos, campesinos, mujeres,  j\u00f3venes y pobladores urbanos\u201d. H\u00e9ctor Mondrag\u00f3n B\u00e1ez, Coordinador del  grupo de agricultura y comercio de la Alianza Social Continental  (Brasil).<\/p>\n<p><a href=\"..\/uploads\/646f63756d656e746f732e2e2e2e2e2e\/Apoyo_a_Candidatura_H_ctor_Mondrag_n.pdf\">Ver texto completo&#8230;<\/a><\/p>\n<div><img loading=\"lazy\" src=\"..\/imagenes\/foto_pos_bartolome6.png\" border=\"0\" width=\"400\" height=\"300\" style=\"float: right;\" \/><\/div>\n<p><strong><span class=\"Estilo1\">Carta de la Red Italiana de Solidaridad<\/span><\/strong><\/p>\n<p>\u201cAdjudicar este importante premio al Tejido de  Comunicaciones de la ACIN, implicar\u00eda contribuir a la protecci\u00f3n y  visibilizaci\u00f3n de sus integrantes y de su proceso; validar alternativas  noviolentas como \u00e9sta, en escenarios de fuerte conflicto armado;  fortalecer espacios para los j\u00f3venes, distintos a los ofrecidos por los  actores de la guerra; y hacer un justo reconocimiento a los esfuerzos  del pueblo Nasa por resistir civilmente a todos los actores del  conflicto y al mismo tiempo, construir proyectos de vida\u201d. Andrea  Proietti, Presidente Rete Italiana di Solidariet\u00e0 Colombia Vive  (Italia).<\/p>\n<p><a href=\"..\/uploads\/646f63756d656e746f732e2e2e2e2e2e\/Carta_de_apoyo_ACIN_al_Premio_Bartolom__de_las_Casas_2009.pdf\">Ver texto completo&#8230; <\/a><\/p>\n<p class=\"Estilo1\"><strong>Carta de la Alianza Social Continental<\/strong><\/p>\n<p>\u201cCreemos que su logro mayor y reconocimiento  m\u00e1ximo ser\u00e1 seguir contribuyendo a que pueblos conscientes caminen su  palabra, para que se proteja y se promueva la vida, el equilibrio y la  armon\u00eda. Ellos han derrotado el silencio y son semilla de vida. Lo han  logrado comunicando y tejiendo\u201d. Enrique Daza Gamba, Secretario General  de la Alianza Social Continental (Colombia).<\/p>\n<p><a href=\"..\/uploads\/646f63756d656e746f732e2e2e2e2e2e\/Apoyo_desde_ASC.pdf\">Ver texto completo&#8230; <\/a><\/p>\n<p class=\"Estilo1\"><strong>Carta del Colectivo \u2018La Chiva\u2019<\/strong><\/p>\n<p>\u201cSe llaman tejedoras y tejedores. Se llaman as\u00ed porque su labor es  crear un tejido de verdades, de dolores, de sabidur\u00eda, de esperanza, de  entendimiento com\u00fan y, en las palabras de ellas y ellos, un \u2018pa\u00eds de los  pueblos sin due\u00f1os\u2019. Todo esto se teje desde los pueblos mismos, de una  manera aut\u00f3noma y basada en los deseos y en los sue\u00f1os de las  comunidades\u201d. Miche\u00e1l \u00d3 Tuathail del Colectivo \u2018La Chiva\u2019 (Vancouver,  Canad\u00e1).<\/p>\n<p><a href=\"..\/uploads\/646f63756d656e746f732e2e2e2e2e2e\/CartaCHIVA_PremioBartolome2009.pdf\">Ver texto completo&#8230; <\/a><\/p>\n","protected":false},"excerpt":{"rendered":"<p>Carta de Oscar Olivera \u201cA partir de un principio fundamental que consiste en que la palabra debe ser libre y debe caminarse de manera consecuente, dentro de su territorio, han asumido un [&hellip;]<\/p>\n","protected":false},"author":1,"featured_media":0,"comment_status":"open","ping_status":"open","sticky":false,"template":"","format":"standard","meta":[],"categories":[69],"tags":[],"_links":{"self":[{"href":"https:\/\/tejidohistorico.afrodescendientes.com\/index.php\/wp-json\/wp\/v2\/posts\/638"}],"collection":[{"href":"https:\/\/tejidohistorico.afrodescendientes.com\/index.php\/wp-json\/wp\/v2\/posts"}],"about":[{"href":"https:\/\/tejidohistorico.afrodescendientes.com\/index.php\/wp-json\/wp\/v2\/types\/post"}],"author":[{"embeddable":true,"href":"https:\/\/tejidohistorico.afrodescendientes.com\/index.php\/wp-json\/wp\/v2\/users\/1"}],"replies":[{"embeddable":true,"href":"https:\/\/tejidohistorico.afrodescendientes.com\/index.php\/wp-json\/wp\/v2\/comments?post=638"}],"version-history":[{"count":0,"href":"https:\/\/tejidohistorico.afrodescendientes.com\/index.php\/wp-json\/wp\/v2\/posts\/638\/revisions"}],"wp:attachment":[{"href":"https:\/\/tejidohistorico.afrodescendientes.com\/index.php\/wp-json\/wp\/v2\/media?parent=638"}],"wp:term":[{"taxonomy":"category","embeddable":true,"href":"https:\/\/tejidohistorico.afrodescendientes.com\/index.php\/wp-json\/wp\/v2\/categories?post=638"},{"taxonomy":"post_tag","embeddable":true,"href":"https:\/\/tejidohistorico.afrodescendientes.com\/index.php\/wp-json\/wp\/v2\/tags?post=638"}],"curies":[{"name":"wp","href":"https:\/\/api.w.org\/{rel}","templated":true}]}}