{"id":639,"date":"2010-09-10T19:00:14","date_gmt":"2010-09-10T19:00:14","guid":{"rendered":"http:\/\/www2.nasaacin.org\/index.php\/2010\/09\/10\/otros-reconocimientos\/"},"modified":"2010-09-10T19:00:14","modified_gmt":"2010-09-10T19:00:14","slug":"otros-reconocimientos","status":"publish","type":"post","link":"https:\/\/tejidohistorico.afrodescendientes.com\/index.php\/2010\/09\/10\/otros-reconocimientos\/","title":{"rendered":"Otros Reconocimientos:"},"content":{"rendered":"<p><span class=\"Estilo1\">Mejor Medio Comunitario: Tejido de Comunicaci\u00f3n ACIN<\/span><br \/> [ 10\/08\/2007]<\/p>\n<div><\/div>\n<p>El Colectivo de Comunicaci\u00f3n de Montes de Mar\u00eda y  el Tejido de Comunicaci\u00f3n para la Verdad y la Vida de la Asociaci\u00f3n de  Cabildos Ind\u00edgenas del Norte del Cauca, fueron premiados como los  mejores medios comunitarios, el pasado jueves 4 de Octubre en Bogot\u00e1<\/p>\n<p>  <!--more-->  <\/p>\n<p>.  Los delegados de ambos medios colectivos quienes en el pasado  compartieron el Premio Nacional de Paz (Proyecto Nasa y Colectivo de  Montes de Mar\u00eda), expresaron una enorme alegr\u00eda por estar juntos una vez  m\u00e1s en el camino que comparten por una Colombia donde la palabra de los  pueblos se haga libre. &#8220;Nuestra mayor vocaci\u00f3n es la de compartir  nuestro Tejido al convertirlo en escuela de comunicaci\u00f3n popular para  aprender haciendo con otros pueblos y procesos de Colombia y del  continente Americano&#8221; declar\u00f3 Vilma Almendra a nombre del Tejido al  recibir el premio.<\/p>\n<p><a href=\"..\/noticias.shtml?x=6246\">Ir al enlace&#8230; <\/a><\/p>\n","protected":false},"excerpt":{"rendered":"<p>Mejor Medio Comunitario: Tejido de Comunicaci\u00f3n ACIN [ 10\/08\/2007] El Colectivo de Comunicaci\u00f3n de Montes de Mar\u00eda y el Tejido de Comunicaci\u00f3n para la Verdad y la Vida de la Asociaci\u00f3n de [&hellip;]<\/p>\n","protected":false},"author":1,"featured_media":0,"comment_status":"open","ping_status":"open","sticky":false,"template":"","format":"standard","meta":[],"categories":[69],"tags":[],"_links":{"self":[{"href":"https:\/\/tejidohistorico.afrodescendientes.com\/index.php\/wp-json\/wp\/v2\/posts\/639"}],"collection":[{"href":"https:\/\/tejidohistorico.afrodescendientes.com\/index.php\/wp-json\/wp\/v2\/posts"}],"about":[{"href":"https:\/\/tejidohistorico.afrodescendientes.com\/index.php\/wp-json\/wp\/v2\/types\/post"}],"author":[{"embeddable":true,"href":"https:\/\/tejidohistorico.afrodescendientes.com\/index.php\/wp-json\/wp\/v2\/users\/1"}],"replies":[{"embeddable":true,"href":"https:\/\/tejidohistorico.afrodescendientes.com\/index.php\/wp-json\/wp\/v2\/comments?post=639"}],"version-history":[{"count":0,"href":"https:\/\/tejidohistorico.afrodescendientes.com\/index.php\/wp-json\/wp\/v2\/posts\/639\/revisions"}],"wp:attachment":[{"href":"https:\/\/tejidohistorico.afrodescendientes.com\/index.php\/wp-json\/wp\/v2\/media?parent=639"}],"wp:term":[{"taxonomy":"category","embeddable":true,"href":"https:\/\/tejidohistorico.afrodescendientes.com\/index.php\/wp-json\/wp\/v2\/categories?post=639"},{"taxonomy":"post_tag","embeddable":true,"href":"https:\/\/tejidohistorico.afrodescendientes.com\/index.php\/wp-json\/wp\/v2\/tags?post=639"}],"curies":[{"name":"wp","href":"https:\/\/api.w.org\/{rel}","templated":true}]}}