{"id":64,"date":"2010-06-04T05:07:08","date_gmt":"2010-06-04T05:07:08","guid":{"rendered":"http:\/\/www2.nasaacin.org\/index.php\/2010\/06\/04\/videos19\/"},"modified":"2010-06-04T05:07:08","modified_gmt":"2010-06-04T05:07:08","slug":"videos19","status":"publish","type":"post","link":"https:\/\/tejidohistorico.afrodescendientes.com\/index.php\/2010\/06\/04\/videos19\/","title":{"rendered":"Pa\u00eds de los Pueblos sin Due\u00f1os"},"content":{"rendered":"<p style=\"margin: 0cm 0cm 0pt;\"><strong><span style=\"font-family: Arial; font-size: 12pt;\" lang=\"ES-AR\"> <\/span><\/strong><\/p>\n<p style=\"text-align: center;\"><span style=\"font-family: Arial; font-size: 12pt;\" lang=\"ES-AR\">Seguramente Colombia\u00a0 no ser\u00e1 la misma  despu\u00e9s de esos 61 d\u00edas de\u00a0 Minga Social y Comunitaria que se iniciaron  el 11 de Octubre de 2008 y culminaron en la plaza de Bol\u00edvar de Bogota.  Los testigos y protagonistas de esta historia est\u00e1n demasiado ocupados  haci\u00e9ndola, para poder comprender o anticipar el impacto de sus actos.  <\/span><\/p>\n<p style=\"text-align: center;\"><span style=\"font-family: Arial; font-size: 12pt;\" lang=\"ES-AR\">Desde el Cauca se levantaron los pueblos de pensamiento, de la\u00a0 palabra y  la dignidad para rechazar con la \u201cOtra Colombia\u201d\u00a0 unida, las pol\u00edticas  de Estado que con terror, somete al hambre y a la miseria.\u00a0 Como era de  esperar. El gobierno de Uribe respondi\u00f3 con terror a una movilizaci\u00f3n  pacifica dejando como saldo 2 muertos y 120 heridos.<img loading=\"lazy\" class=\" size-full wp-image-63\" src=\"http:\/\/www2.nasaacin.org\/wp-content\/uploads\/2010\/06\/dsc2566.jpg\" border=\"0\" width=\"421\" height=\"279\" srcset=\"https:\/\/tejidohistorico.afrodescendientes.com\/wp-content\/uploads\/2010\/06\/dsc2566.jpg 800w, https:\/\/tejidohistorico.afrodescendientes.com\/wp-content\/uploads\/2010\/06\/dsc2566-300x199.jpg 300w, https:\/\/tejidohistorico.afrodescendientes.com\/wp-content\/uploads\/2010\/06\/dsc2566-768x510.jpg 768w\" sizes=\"(max-width: 421px) 100vw, 421px\" \/> <\/span><\/p>\n<p style=\"text-align: center;\"><span style=\"font-family: Arial; font-size: 12pt;\" lang=\"ES-AR\">Los pueblos  resistieron embates de los medios comerciales, enga\u00f1os y mentira del  gobierno y la maquinaria del gobierno  activada\u00a0 en contra de su dignidad. \u00bfQu\u00e9 hace que los m\u00e1s pobres y  excluidos enfrenten sin armas al r\u00e9gimen\u00a0 m\u00e1s poderosos del Continente  Latinoamericano respaldado y orientado por el poder econ\u00f3mico, pol\u00edtico,  medi\u00e1tico y militar de EEUU y de las corporaciones transnacionales? La  respuesta aparece en la sabidur\u00eda de la agenda que motiva esta Minga y  que \u201cPa\u00eds de los Pueblos: sin Due\u00f1os\u201d presenta en las acciones  conmovedoras y ejemplares que<span style=\"color: white;\"> <\/span>libertad<\/span><span style=\"font-family: Arial; font-size: 8pt;\" lang=\"ES-AR\">.<\/span><\/p>\n","protected":false},"excerpt":{"rendered":"<p>Seguramente Colombia\u00a0 no ser\u00e1 la misma despu\u00e9s de esos 61 d\u00edas de\u00a0 Minga Social y Comunitaria que se iniciaron el 11 de Octubre de 2008 y culminaron en la plaza de Bol\u00edvar [&hellip;]<\/p>\n","protected":false},"author":1,"featured_media":62,"comment_status":"open","ping_status":"open","sticky":false,"template":"","format":"standard","meta":[],"categories":[17],"tags":[],"_links":{"self":[{"href":"https:\/\/tejidohistorico.afrodescendientes.com\/index.php\/wp-json\/wp\/v2\/posts\/64"}],"collection":[{"href":"https:\/\/tejidohistorico.afrodescendientes.com\/index.php\/wp-json\/wp\/v2\/posts"}],"about":[{"href":"https:\/\/tejidohistorico.afrodescendientes.com\/index.php\/wp-json\/wp\/v2\/types\/post"}],"author":[{"embeddable":true,"href":"https:\/\/tejidohistorico.afrodescendientes.com\/index.php\/wp-json\/wp\/v2\/users\/1"}],"replies":[{"embeddable":true,"href":"https:\/\/tejidohistorico.afrodescendientes.com\/index.php\/wp-json\/wp\/v2\/comments?post=64"}],"version-history":[{"count":0,"href":"https:\/\/tejidohistorico.afrodescendientes.com\/index.php\/wp-json\/wp\/v2\/posts\/64\/revisions"}],"wp:featuredmedia":[{"embeddable":true,"href":"https:\/\/tejidohistorico.afrodescendientes.com\/index.php\/wp-json\/wp\/v2\/media\/62"}],"wp:attachment":[{"href":"https:\/\/tejidohistorico.afrodescendientes.com\/index.php\/wp-json\/wp\/v2\/media?parent=64"}],"wp:term":[{"taxonomy":"category","embeddable":true,"href":"https:\/\/tejidohistorico.afrodescendientes.com\/index.php\/wp-json\/wp\/v2\/categories?post=64"},{"taxonomy":"post_tag","embeddable":true,"href":"https:\/\/tejidohistorico.afrodescendientes.com\/index.php\/wp-json\/wp\/v2\/tags?post=64"}],"curies":[{"name":"wp","href":"https:\/\/api.w.org\/{rel}","templated":true}]}}