{"id":642,"date":"2010-09-11T19:30:26","date_gmt":"2010-09-11T19:30:26","guid":{"rendered":"http:\/\/www2.nasaacin.org\/index.php\/2010\/09\/11\/tejido-de-comunicacion-acin-ganador-del-bartolome-de-las-casas\/"},"modified":"2010-09-11T19:30:26","modified_gmt":"2010-09-11T19:30:26","slug":"tejido-de-comunicacion-acin-ganador-del-bartolome-de-las-casas","status":"publish","type":"post","link":"https:\/\/tejidohistorico.afrodescendientes.com\/index.php\/2010\/09\/11\/tejido-de-comunicacion-acin-ganador-del-bartolome-de-las-casas\/","title":{"rendered":"Tejido de Comunicaci\u00f3n ACIN, Ganador del Bartolom\u00e9 de las Casas"},"content":{"rendered":"<p class=\"Estilo2\" style=\"text-align: justify;\">\u201cEl  premio se otorgar\u00e1 para distinguir a aquellas personas, instituciones u  organizaciones que se hayan destacado a lo largo del tiempo en la  defensa del entendimiento y concordia con los pueblos ind\u00edgenas de  Am\u00e9rica, en la protecci\u00f3n de sus derechos y el respeto de sus valores\u201d,  se\u00f1ala la Secretar\u00eda de Estado de Cooperaci\u00f3n Internacional y Casa de  Am\u00e9rica en Espa\u00f1a, qui\u00e9nes convocan el Premio Bartolom\u00e9 de las Casas.  Lea la postulaci\u00f3n<\/p>\n<p style=\"text-align: center;\">\n<p class=\"Estilo2\" style=\"text-align: justify;\">Respondiendo a la convocatoria,  el pasado mes de octubre de 2009, postulamos al Tejido de Comunicaci\u00f3n y  de Relaciones Externas para la Verdad y la Vida de la ACIN. Compartimos  esta postulaci\u00f3n de manera p\u00fablica, porque consideramos que es una  manera de compartir lo que creemos y hacemos y reiteramos que nuestro  mandato no es competir, sino construir y en ello nos empe\u00f1amos. La  postulaci\u00f3n ya nos hace sentirnos orgullosas y orgullosos de nuestro  empe\u00f1o, pero, ante todo, nos compromete a\u00fan m\u00e1s a ser coherentes con  nuestro mandato colectivo con humildad y firmeza. Contamos con el apoyo  de personas y organizaciones del \u00e1mbito nacional e internacional que  conocen y respaldan este proceso de comunicaci\u00f3n, qui\u00e9nes enviaron  cartas a la Casa de Am\u00e9rica sustentando por qu\u00e9, en su concepto, el  Tejido merece el premio. Dicha postulaci\u00f3n y las expresiones de  respaldo, responden a la firme intenci\u00f3n de que esta estrategia de  comunicaci\u00f3n se consolide y contin\u00fae aportando a la defensa del Plan de  Vida del Pueblo Nasa, de los pueblos ind\u00edgenas y a tejer y liberar la  \u201cpalabra que se hace camino por la dignidad y la vida en, desde y entre  los pueblos en resistencia por un pa\u00eds y un mundo posibles y  necesarios\u201d.<\/p>\n<p style=\"text-align: justify;\"><a href=\"noticias.htm?x=10956\">Ver texto completo&#8230;<\/a><\/p>\n","protected":false},"excerpt":{"rendered":"<p>\u201cEl premio se otorgar\u00e1 para distinguir a aquellas personas, instituciones u organizaciones que se hayan destacado a lo largo del tiempo en la defensa del entendimiento y concordia con los pueblos ind\u00edgenas [&hellip;]<\/p>\n","protected":false},"author":1,"featured_media":0,"comment_status":"open","ping_status":"open","sticky":false,"template":"","format":"standard","meta":[],"categories":[69],"tags":[],"_links":{"self":[{"href":"https:\/\/tejidohistorico.afrodescendientes.com\/index.php\/wp-json\/wp\/v2\/posts\/642"}],"collection":[{"href":"https:\/\/tejidohistorico.afrodescendientes.com\/index.php\/wp-json\/wp\/v2\/posts"}],"about":[{"href":"https:\/\/tejidohistorico.afrodescendientes.com\/index.php\/wp-json\/wp\/v2\/types\/post"}],"author":[{"embeddable":true,"href":"https:\/\/tejidohistorico.afrodescendientes.com\/index.php\/wp-json\/wp\/v2\/users\/1"}],"replies":[{"embeddable":true,"href":"https:\/\/tejidohistorico.afrodescendientes.com\/index.php\/wp-json\/wp\/v2\/comments?post=642"}],"version-history":[{"count":0,"href":"https:\/\/tejidohistorico.afrodescendientes.com\/index.php\/wp-json\/wp\/v2\/posts\/642\/revisions"}],"wp:attachment":[{"href":"https:\/\/tejidohistorico.afrodescendientes.com\/index.php\/wp-json\/wp\/v2\/media?parent=642"}],"wp:term":[{"taxonomy":"category","embeddable":true,"href":"https:\/\/tejidohistorico.afrodescendientes.com\/index.php\/wp-json\/wp\/v2\/categories?post=642"},{"taxonomy":"post_tag","embeddable":true,"href":"https:\/\/tejidohistorico.afrodescendientes.com\/index.php\/wp-json\/wp\/v2\/tags?post=642"}],"curies":[{"name":"wp","href":"https:\/\/api.w.org\/{rel}","templated":true}]}}