{"id":643,"date":"2010-09-11T19:33:39","date_gmt":"2010-09-11T19:33:39","guid":{"rendered":"http:\/\/www2.nasaacin.org\/index.php\/2010\/09\/11\/espana-reconoce-la-palabra-indigena-despues-de-518-anos\/"},"modified":"2010-09-11T19:33:39","modified_gmt":"2010-09-11T19:33:39","slug":"espana-reconoce-la-palabra-indigena-despues-de-518-anos","status":"publish","type":"post","link":"https:\/\/tejidohistorico.afrodescendientes.com\/index.php\/2010\/09\/11\/espana-reconoce-la-palabra-indigena-despues-de-518-anos\/","title":{"rendered":"Espa\u00f1a reconoce la Palabra Ind\u00edgena despu\u00e9s de 518 a\u00f1os"},"content":{"rendered":"<p align=\"justify\">El pr\u00f3ximo 9 de septiembre, la  Casa de Am\u00e9rica de Espa\u00f1a, entregar\u00e1 el Premio Bartolom\u00e9 de las Casas en  su XIX Edici\u00f3n, con el que hace un reconocimiento a la \u201clabor en el  \u00e1mbito de la informaci\u00f3n del Tejido de Comunicaci\u00f3n y Relaciones  Externas, que incorpora y articula las estrategias comunicativas  tradicionales con los medios tecnol\u00f3gicos para informar, reflexionar y  decidir con el prop\u00f3sito de defender la vida de las personas y la  pervivencia del territorio\u201d dentro del proceso organizativo liderado por  la ACIN en el norte del Cauca.<\/p>\n<p><a href=\"..\/noticias.shtml?x=12320\">Ver texto completo <\/a><\/p>\n","protected":false},"excerpt":{"rendered":"<p>El pr\u00f3ximo 9 de septiembre, la Casa de Am\u00e9rica de Espa\u00f1a, entregar\u00e1 el Premio Bartolom\u00e9 de las Casas en su XIX Edici\u00f3n, con el que hace un reconocimiento a la \u201clabor en [&hellip;]<\/p>\n","protected":false},"author":1,"featured_media":0,"comment_status":"open","ping_status":"open","sticky":false,"template":"","format":"standard","meta":[],"categories":[69],"tags":[],"_links":{"self":[{"href":"https:\/\/tejidohistorico.afrodescendientes.com\/index.php\/wp-json\/wp\/v2\/posts\/643"}],"collection":[{"href":"https:\/\/tejidohistorico.afrodescendientes.com\/index.php\/wp-json\/wp\/v2\/posts"}],"about":[{"href":"https:\/\/tejidohistorico.afrodescendientes.com\/index.php\/wp-json\/wp\/v2\/types\/post"}],"author":[{"embeddable":true,"href":"https:\/\/tejidohistorico.afrodescendientes.com\/index.php\/wp-json\/wp\/v2\/users\/1"}],"replies":[{"embeddable":true,"href":"https:\/\/tejidohistorico.afrodescendientes.com\/index.php\/wp-json\/wp\/v2\/comments?post=643"}],"version-history":[{"count":0,"href":"https:\/\/tejidohistorico.afrodescendientes.com\/index.php\/wp-json\/wp\/v2\/posts\/643\/revisions"}],"wp:attachment":[{"href":"https:\/\/tejidohistorico.afrodescendientes.com\/index.php\/wp-json\/wp\/v2\/media?parent=643"}],"wp:term":[{"taxonomy":"category","embeddable":true,"href":"https:\/\/tejidohistorico.afrodescendientes.com\/index.php\/wp-json\/wp\/v2\/categories?post=643"},{"taxonomy":"post_tag","embeddable":true,"href":"https:\/\/tejidohistorico.afrodescendientes.com\/index.php\/wp-json\/wp\/v2\/tags?post=643"}],"curies":[{"name":"wp","href":"https:\/\/api.w.org\/{rel}","templated":true}]}}