{"id":6457,"date":"2013-10-17T00:11:40","date_gmt":"2013-10-17T00:11:40","guid":{"rendered":"http:\/\/www2.nasaacin.org\/index.php\/2013\/10\/17\/minga-indigena-social-y-popular-por-la-vida-el-territorio-la-autonomia-y-la-soberania\/"},"modified":"2013-10-17T00:11:40","modified_gmt":"2013-10-17T00:11:40","slug":"minga-indigena-social-y-popular-por-la-vida-el-territorio-la-autonomia-y-la-soberania","status":"publish","type":"post","link":"https:\/\/tejidohistorico.afrodescendientes.com\/index.php\/2013\/10\/17\/minga-indigena-social-y-popular-por-la-vida-el-territorio-la-autonomia-y-la-soberania\/","title":{"rendered":"Minga ind\u00edgena, social y popular. Por la vida, el territorio, la autonom\u00eda  y la soberan\u00eda"},"content":{"rendered":"<p> \tSEGUNDO D\u00cdA: Toda la noche y la madrugada fue amenizada por el ruido de las delegaciones que llegaron a la minga. T\u00e1mesis, Valpara\u00edso, Chakiama, Murind\u00f3, Caramanta, Volcandoquera, entre otras comunidades, anunciaron su llegada con la algarab\u00eda propia de quienes desde la alegr\u00eda luchan por su dignidad como pueblos ancestrales. El camino fue largo y no ocup\u00f3 menos de 12 horas,&nbsp; lo que no impidi\u00f3 que su saludo al evento retumbara entre tambores, maracas y flautas.<\/p>\n<p>  <!--more-->  <\/p>\n<p> \tLuego de su arrivo, los compa\u00f1eros y compa\u00f1eras improvisaron con pl\u00e1sticos&nbsp; y cobijas un lugar de descanso, mientras otros, levantaban con guaduas reci\u00e9n cortas tambos improvisados, una inspirador paisaje de carpas y hamacas en los alrededores del colegio\u2026 lugar donde todos y todas se encontrar\u00e1n, dormir\u00e1n, amar\u00e1n y har\u00e1n minga. Mientras tanto, otros mingueros preparaban las pancartas de la movilizaci\u00f3n del d\u00eda de ma\u00f1ana.<\/p>\n<p> \tDurante toda la jornada la guardia ind\u00edgena se mantuvo firme y dispuesta a respaldar a la organizaci\u00f3n, respetando la palabra y la participacion de las comunidades, adem\u00e1s de apoyar a los cientos de hermanos y hermanas que siguieron llegando entre el sol, la lluvia y el pantano, resistiendo a la esperada represi\u00f3n y al constante hostigamiento por parte de la polic\u00eda, quienes detuvieron varios buses complicando y alargando su llegada, con requisas innecesarias dejando en evidencia su intenci\u00f3n de intimidar y desgastar el proceso, pero los pueblos siguen avanzando y afirmando que: frente al fusil, la palabra.<\/p>\n<p> \tEn total, hasta el momento tenemos registrados los siguientes municipios con sus delegaciones:<\/p>\n<p> \tVig\u00eda del fuerte, Turbo, Chigorod\u00f3, Vegach\u00ed, Dabeiba, Nech\u00ed, Tamesis, Valpara\u00edso, Taras\u00e1, Carepa, Murind\u00f3 y el Bajo Cauca. Con un aproximado de 70 comunidades.<\/p>\n<p> \tPor lo pronto casi todos se han ido a dormir, y apenas se escucha el sonido de los grillos, los sapos&nbsp; y de algunas voces que reconstruyen poco a poco la jornada que acaba de pasar. Seguimos esperando que la noche nos traiga nuevas manos y voces que fortalezcan la resistencia, sabemos que ocho buses llegar\u00e1n desde Frontino y seis de Zaragoza en cualquier momento.<\/p>\n<p> \t<em>Mingueros y Mingueras en Resistencia.<\/em><br \/> \tPor la vida, el territorio, la autonom\u00eda&nbsp; y la soberan\u00eda, OIA somos todos.<\/p>\n<p> \t&nbsp;<\/p>\n<p> \t<strong>Resguardo ind\u00edgena Ciakoro Palmas. Apartad\u00f3, Antioquia<\/strong>Comunicaciones<br \/> \tORGANIZACI\u00d3N IND\u00cdGENA DE ANTIOQUIA<br \/> \t&nbsp;<\/p>\n<p> \t15 de octubre del 2013<\/p>\n","protected":false},"excerpt":{"rendered":"<p>SEGUNDO D\u00cdA: Toda la noche y la madrugada fue amenizada por el ruido de las delegaciones que llegaron a la minga. T\u00e1mesis, Valpara\u00edso, Chakiama, Murind\u00f3, Caramanta, Volcandoquera, entre otras comunidades, anunciaron su [&hellip;]<\/p>\n","protected":false},"author":2,"featured_media":0,"comment_status":"open","ping_status":"open","sticky":false,"template":"","format":"standard","meta":[],"categories":[102],"tags":[],"_links":{"self":[{"href":"https:\/\/tejidohistorico.afrodescendientes.com\/index.php\/wp-json\/wp\/v2\/posts\/6457"}],"collection":[{"href":"https:\/\/tejidohistorico.afrodescendientes.com\/index.php\/wp-json\/wp\/v2\/posts"}],"about":[{"href":"https:\/\/tejidohistorico.afrodescendientes.com\/index.php\/wp-json\/wp\/v2\/types\/post"}],"author":[{"embeddable":true,"href":"https:\/\/tejidohistorico.afrodescendientes.com\/index.php\/wp-json\/wp\/v2\/users\/2"}],"replies":[{"embeddable":true,"href":"https:\/\/tejidohistorico.afrodescendientes.com\/index.php\/wp-json\/wp\/v2\/comments?post=6457"}],"version-history":[{"count":0,"href":"https:\/\/tejidohistorico.afrodescendientes.com\/index.php\/wp-json\/wp\/v2\/posts\/6457\/revisions"}],"wp:attachment":[{"href":"https:\/\/tejidohistorico.afrodescendientes.com\/index.php\/wp-json\/wp\/v2\/media?parent=6457"}],"wp:term":[{"taxonomy":"category","embeddable":true,"href":"https:\/\/tejidohistorico.afrodescendientes.com\/index.php\/wp-json\/wp\/v2\/categories?post=6457"},{"taxonomy":"post_tag","embeddable":true,"href":"https:\/\/tejidohistorico.afrodescendientes.com\/index.php\/wp-json\/wp\/v2\/tags?post=6457"}],"curies":[{"name":"wp","href":"https:\/\/api.w.org\/{rel}","templated":true}]}}