{"id":6471,"date":"2013-10-18T15:27:49","date_gmt":"2013-10-18T15:27:49","guid":{"rendered":"http:\/\/www2.nasaacin.org\/index.php\/2013\/10\/18\/campesinos-del-catatumbo-denuncian-amenazas-por-parte-de-paramilitares\/"},"modified":"2013-10-18T15:27:49","modified_gmt":"2013-10-18T15:27:49","slug":"campesinos-del-catatumbo-denuncian-amenazas-por-parte-de-paramilitares","status":"publish","type":"post","link":"https:\/\/tejidohistorico.afrodescendientes.com\/index.php\/2013\/10\/18\/campesinos-del-catatumbo-denuncian-amenazas-por-parte-de-paramilitares\/","title":{"rendered":"Campesinos del Catatumbo denuncian amenazas por parte de paramilitares"},"content":{"rendered":"<p> \t<em>Un campesino fue retenido el lunes y llevado a un campamento en el que fue interrogado y le avisaron que tienen una lista de labriegos que ser\u00e1n asesinados<\/em><\/p>\n<p>  <!--more-->  <\/p>\n<p style=\"text-align: justify;\"> \tLa Asociaci\u00f3n Campesina del Catatumbo (Ascamcat) denunci\u00f3 este mi\u00e9rcoles amenazas del grupo paramilitar \u00c1guilas Negras en contra de varios l\u00edderes sociales de esta regi\u00f3n del noreste de Colombia, fronteriza con Venezuela.<\/p>\n<p> \tSeg\u00fan la denuncia de esta organizaci\u00f3n, de la que tambi\u00e9n se hizo eco el congresista Iv\u00e1n Cepeda, un campesino identificado como Jhony Ovallo fue retenido el lunes por un grupo de unos diez hombres encapuchados y con insignias de las \u00c1guilas Negras en Aserr\u00edo, zona rural de Teorama.<\/p>\n<p> \tAl parecer, Ovallo fue trasladado hasta un campamento de este grupo donde fue interrogado por un &#8220;paramilitar gordo, con el mismo vestuario que los otros hombres y con una pistola amarrada en la pierna&#8221;.<\/p>\n<p> \tTras comprobar que el campesino no aparec\u00eda en un listado de cinco p\u00e1ginas que ten\u00edan los paramilitares en su poder, lo dejaron libre con la advertencia de que &#8220;ten\u00edan una lista de personas del Aserr\u00edo que ser\u00edan asesinados por ellos&#8221;.<\/p>\n<p> \tCepeda denunci\u00f3 que los hechos son especialmente preocupantes ya que el grupo act\u00faa &#8220;en un lugar de la llamada zona de consolidaci\u00f3n, de dominio de las Fuerzas Militares&#8221;, donde hace siete a\u00f1os que militares custodian un tramo del oleoducto Ca\u00f1o Lim\u00f3n-Cove\u00f1as.<\/p>\n<p> \t&#8220;El Catatumbo ha sufrido innumerables cr\u00edmenes por parte de los paramilitares y esas im\u00e1genes de la violencia siguen vivas&#8221;, afirm\u00f3 Cepeda quien agreg\u00f3 que es &#8220;inconcebible&#8221; que las amenazas se presenten cuando los labriegos reclaman garant\u00edas al Gobierno.<\/p>\n<p style=\"text-align: justify;\"> \t&nbsp;<\/p>\n<p style=\"text-align: justify;\"> \tLos campesinos de esta regi\u00f3n fronteriza con Venezuela, azotada por el conflicto armado e inundada de cultivos il\u00edcitos, protagonizaron entre junio y agosto de este a\u00f1o un pol\u00e9mico paro de 53 d\u00edas en el que reclamaban, entre otras cosas, que se suspendiera la erradicaci\u00f3n de cultivos de hoja de coca.<\/p>\n<p> \tEn estos momentos, el Gobierno y los l\u00edderes sociales adelantan negociaciones para acordar soluciones contra el hist\u00f3rico abandono estatal en el que est\u00e1 sumida la regi\u00f3n.<\/p>\n<p> \tEs por eso que el congresista Cepeda solicit\u00f3 a las autoridades que &#8220;extremen las medidas de protecci\u00f3n&#8221; a los l\u00edderes campesinos del Catatumbo, mientras que Ascamcat pidi\u00f3 una profunda &#8220;investigaci\u00f3n de los hechos&#8221; .<\/p>\n<p> \thttp:\/\/www.prensarural.org<\/p>\n<p style=\"text-align: justify;\"> \tJueves 17 de octubre de 2013<\/p>\n","protected":false},"excerpt":{"rendered":"<p>Un campesino fue retenido el lunes y llevado a un campamento en el que fue interrogado y le avisaron que tienen una lista de labriegos que ser\u00e1n asesinados<\/p>\n","protected":false},"author":2,"featured_media":0,"comment_status":"open","ping_status":"open","sticky":false,"template":"","format":"standard","meta":[],"categories":[61],"tags":[],"_links":{"self":[{"href":"https:\/\/tejidohistorico.afrodescendientes.com\/index.php\/wp-json\/wp\/v2\/posts\/6471"}],"collection":[{"href":"https:\/\/tejidohistorico.afrodescendientes.com\/index.php\/wp-json\/wp\/v2\/posts"}],"about":[{"href":"https:\/\/tejidohistorico.afrodescendientes.com\/index.php\/wp-json\/wp\/v2\/types\/post"}],"author":[{"embeddable":true,"href":"https:\/\/tejidohistorico.afrodescendientes.com\/index.php\/wp-json\/wp\/v2\/users\/2"}],"replies":[{"embeddable":true,"href":"https:\/\/tejidohistorico.afrodescendientes.com\/index.php\/wp-json\/wp\/v2\/comments?post=6471"}],"version-history":[{"count":0,"href":"https:\/\/tejidohistorico.afrodescendientes.com\/index.php\/wp-json\/wp\/v2\/posts\/6471\/revisions"}],"wp:attachment":[{"href":"https:\/\/tejidohistorico.afrodescendientes.com\/index.php\/wp-json\/wp\/v2\/media?parent=6471"}],"wp:term":[{"taxonomy":"category","embeddable":true,"href":"https:\/\/tejidohistorico.afrodescendientes.com\/index.php\/wp-json\/wp\/v2\/categories?post=6471"},{"taxonomy":"post_tag","embeddable":true,"href":"https:\/\/tejidohistorico.afrodescendientes.com\/index.php\/wp-json\/wp\/v2\/tags?post=6471"}],"curies":[{"name":"wp","href":"https:\/\/api.w.org\/{rel}","templated":true}]}}