{"id":6479,"date":"2013-10-18T17:43:32","date_gmt":"2013-10-18T17:43:32","guid":{"rendered":"http:\/\/www2.nasaacin.org\/index.php\/2013\/10\/18\/minga-indigena-en-el-huila-sufre-violento-ataque-del-esmad\/"},"modified":"2013-10-18T17:43:32","modified_gmt":"2013-10-18T17:43:32","slug":"minga-indigena-en-el-huila-sufre-violento-ataque-del-esmad","status":"publish","type":"post","link":"https:\/\/tejidohistorico.afrodescendientes.com\/index.php\/2013\/10\/18\/minga-indigena-en-el-huila-sufre-violento-ataque-del-esmad\/","title":{"rendered":"Minga Ind\u00edgena en el Huila sufre violento ataque del Esmad"},"content":{"rendered":"<div> \tUn llamado Urgente elevan los pueblos ind\u00edgenas &nbsp;en el Huila para atender la grave situaci\u00f3n por el abuso de la fuerza p\u00fablica que se presenta el 4 d\u00eda de Minga en el departamento. &nbsp;<\/div>\n<p>  <!--more-->  <\/p>\n<div> \t&nbsp;<\/div>\n<div> \t<\/div>\n<div> \t&nbsp;<\/div>\n<div> \tDenuncian los pueblos Ind\u00edgenas que &nbsp;desde las 7Am el Esmad no ha cesado la arremetida &nbsp;violenta que ya va completar &nbsp;4 horas en la zona del Puente el Pescador. Los hechos se presentaron cuando los ind\u00edgenas se dispon\u00edan a tomar una de las calzadas para marchar pac\u00edficamente hac\u00eda el Munucipio de Hobo para que sus reclamaciones fueran escuchadas. &nbsp;De un momento a otro se vieron rodeados y atacados violentamente, la respuesta gubernamental ha sido la fuerte represi\u00f3n como se vive en el Cauca y Valle.<\/div>\n<div> \t&nbsp;<\/div>\n<div> \tEn el Huila en la v\u00eda que conduce desde Neiva al sur occidente del pa\u00eds, sector el Puente el Pescador en &nbsp;Hobo, se reporta un n\u00famero indiscriminado de efectivos del ESMAD con armas de largo alcance. La situaci\u00f3n fue de zozobra por horas se han &nbsp; realizado &nbsp;disparos indiscriminado. &nbsp;La fuerza policial rode\u00f3 a los manifestantes, se cuentan cerca de 15 heridos. Se identifica la afectaci\u00f3n de compa\u00f1eros ind\u00edgenas por gases lacrim\u00f3genos, bombas explosivas, bombas aturdidoras, balas de goma, un gas amarillo no identificados y gas pimienta; en un alto porcentaje armas no convencionales prohibidas en contextos de protesta y movilizaci\u00f3n. Se denuncia la presencia de un helic\u00f3ptero lanzando arsenal de guerra a la fuerza p\u00fablica y la presencia de un tanque de guerra en el lugar donde se resguardan los compa\u00f1eros ind\u00edgenas.<\/div>\n<div> \t&nbsp;<\/div>\n<div> \t&nbsp;<\/div>\n<div> \tSobre la 8:52 am se report\u00f3 el &nbsp;ataque indiscriminado a misi\u00f3n m\u00e9dica, la fuerza p\u00fablica en ese momento retiene al personal de salud ind\u00edgena encargado de atender a los heridos y ataques con machetes que dejan como saldo la amputaci\u00f3n de un compa\u00f1ero por parte del ESMAD hasta el momento. &nbsp;Por estos hechos el Crihu eleva un llamado al cese violento del Esmad pues la comunidad se encuentra encerrada y arrinconada. El Esmad entr\u00f3 hasta la zona de cambuches y destruy\u00f3 pertenencias y alimentos de los ind\u00edgenas. Sobre las 11 de la ma\u00f1ana la comunidad se encontraba indefensa y aun as\u00ed el Esmad no paraba &nbsp;el ataque por todo la zona de campamentos alejados visiblemente de la v\u00eda. Se reporta la retenci\u00f3n de tres ind\u00edgenas por la Polic\u00eda y se desconoce su estado.<\/div>\n<div> \t&nbsp;<\/div>\n<div> \t&nbsp;<\/div>\n<div> \tTambi\u00e9n se hace un llamado a las organizaciones derechos y a los entes de control que haga presencia porque esta &nbsp;fuerte represi\u00f3n no ha contado &nbsp;ni con presencia de la Defensor\u00eda del Pueblo. De los heridos se reportan al menos &nbsp; 5 gravemente, uno de ellos fue el que perdi\u00f3 su mano y fueron llevados a hospitales cercanos. &nbsp;Por los hechos las personas que se trasladaban el un bus que quedaron en medio de la confrontaci\u00f3n de lo cual hay dos ni\u00f1os lejanos de sus padres.<\/div>\n<div> \t&nbsp;<\/div>\n<div> \tSegunda vez en la v\u00eda y la respuesta es la represi\u00f3n<\/div>\n<div> \t&nbsp;<\/div>\n<div> \tLas autoridades tradicionales, concentrados en el r\u00edo Pescador del municipio de Hobo, salen por segunda vez a la v\u00eda p\u00fablica de manera pac\u00edfica, con el fin de visibilizar la minga y convocar al Gobernador del Huila Carlos Mauricio Iriarte, para que haga presencia en el sitio, el d\u00eda domingo 20 de octubre de 2013 con el fin de que atienda la agenda departamental que est\u00e1 para socializar y ayude a interlocutar con el gobierno nacional. Sin embargo, la respuesta es una fuerte represi\u00f3n de la fuerza p\u00fablica.<\/div>\n<div> \t&nbsp;<\/div>\n<div> \tEn este momento se cuenta con el acompa\u00f1amiento &nbsp;del CRIOM Consejo Regional Ind\u00edgena de Orteguaza Medio del Departamento del Caquet\u00e1, EL PUEBLO Misak del cabildo Namisak del municipio de La Plata, y con todos los compa\u00f1eros ind\u00edgenas que se encuentran concentrados en los diferentes puntos del pa\u00eds.<\/div>\n<div> \t&nbsp;<\/div>\n<div> \tA pesar del compromiso del gobierno departamental y nacional a trav\u00e9s del Ministro del Interior Aurelio Iragorri, en reuni\u00f3n con la comisi\u00f3n pol\u00edtica de la Minga, de no generar acciones de violencia en contra de la Minga; el accionar desmedido, desproporcionado y violento de la fuerza p\u00fablico el d\u00eda de hoy se suma a los sistem\u00e1ticos incumplimientos del estado colombiano en contra de los Pueblos Ind\u00edgenas.<\/div>\n<div> \t&nbsp;<\/div>\n<div> \tResulta de suma gravedad que se est\u00e9 dando tratamiento militar a una movilizaci\u00f3n social y que se est\u00e9 atacando a los Pueblos Ind\u00edgenas como actores armados. Exigimos acciones inmediatas y hacemos un llamado de URGENCIA al Defensor del Pueblo JORGE ARMANDO OTALORA G\u00d3MEZ; Defensora Delegada PATRICIA LUNA PAREDES; Procurador General de la Naci\u00f3n ALEJANDRO ORDO\u00d1EZ; para que como m\u00e1ximos garantes de los Derechos Humanos exijan la cesaci\u00f3n de las acciones descritas en contra de La Minga Social, Ind\u00edgena y Popular, Por la Vida, Territorio, La Autonom\u00eda y La Soberan\u00eda\u201d.<\/div>\n<div> \t&nbsp;<\/div>\n<div> \tReportamos esta situaci\u00f3n a la Corte Constitucional, Sistema Interamericano de Derechos Humanos, Agencias de Naciones Unidas, Organizaciones y Movimientos Sociales hermanos para que desde sus funciones y acciones apoyen nuestra lucha por la vida y la resistencia de los Pueblos Ind\u00edgenas.<\/div>\n<div> \t&nbsp;<\/div>\n<div> \t&nbsp;<\/div>\n<p> \t<iframe loading=\"lazy\" frameborder=\"no\" height=\"166\" scrolling=\"no\" src=\"https:\/\/w.soundcloud.com\/player\/?url=https%3A\/\/api.soundcloud.com\/tracks\/115947925\" width=\"100%\"><\/iframe><\/p>\n<div> \t&nbsp;<\/div>\n<div> \tPor: <strong>Vientos de Comunicaci\u00f3n &#8211; CRIHU<\/strong><\/div>\n<div> \thttp:\/\/www.crihu.org\/2013\/10\/minga-indigena-en-el-huila-sufre.html<\/div>\n<div id=\"ckimgrsz\" style=\"left: 5px; top: 71px;\">\n<div class=\"preview\"> \t\t&nbsp;<\/div>\n<\/p><\/div>\n","protected":false},"excerpt":{"rendered":"<p>Un llamado Urgente elevan los pueblos ind\u00edgenas &nbsp;en el Huila para atender la grave situaci\u00f3n por el abuso de la fuerza p\u00fablica que se presenta el 4 d\u00eda de Minga en el [&hellip;]<\/p>\n","protected":false},"author":2,"featured_media":6478,"comment_status":"open","ping_status":"open","sticky":false,"template":"","format":"standard","meta":[],"categories":[102],"tags":[],"_links":{"self":[{"href":"https:\/\/tejidohistorico.afrodescendientes.com\/index.php\/wp-json\/wp\/v2\/posts\/6479"}],"collection":[{"href":"https:\/\/tejidohistorico.afrodescendientes.com\/index.php\/wp-json\/wp\/v2\/posts"}],"about":[{"href":"https:\/\/tejidohistorico.afrodescendientes.com\/index.php\/wp-json\/wp\/v2\/types\/post"}],"author":[{"embeddable":true,"href":"https:\/\/tejidohistorico.afrodescendientes.com\/index.php\/wp-json\/wp\/v2\/users\/2"}],"replies":[{"embeddable":true,"href":"https:\/\/tejidohistorico.afrodescendientes.com\/index.php\/wp-json\/wp\/v2\/comments?post=6479"}],"version-history":[{"count":0,"href":"https:\/\/tejidohistorico.afrodescendientes.com\/index.php\/wp-json\/wp\/v2\/posts\/6479\/revisions"}],"wp:featuredmedia":[{"embeddable":true,"href":"https:\/\/tejidohistorico.afrodescendientes.com\/index.php\/wp-json\/wp\/v2\/media\/6478"}],"wp:attachment":[{"href":"https:\/\/tejidohistorico.afrodescendientes.com\/index.php\/wp-json\/wp\/v2\/media?parent=6479"}],"wp:term":[{"taxonomy":"category","embeddable":true,"href":"https:\/\/tejidohistorico.afrodescendientes.com\/index.php\/wp-json\/wp\/v2\/categories?post=6479"},{"taxonomy":"post_tag","embeddable":true,"href":"https:\/\/tejidohistorico.afrodescendientes.com\/index.php\/wp-json\/wp\/v2\/tags?post=6479"}],"curies":[{"name":"wp","href":"https:\/\/api.w.org\/{rel}","templated":true}]}}