{"id":6480,"date":"2013-10-18T17:56:03","date_gmt":"2013-10-18T17:56:03","guid":{"rendered":"http:\/\/www2.nasaacin.org\/index.php\/2013\/10\/18\/acin-comunicado-a-la-opinion-publico-y-organismos-defensores-de-los-derechos-humanos-nacional-e-internacional\/"},"modified":"2013-10-18T17:56:03","modified_gmt":"2013-10-18T17:56:03","slug":"acin-comunicado-a-la-opinion-publico-y-organismos-defensores-de-los-derechos-humanos-nacional-e-internacional","status":"publish","type":"post","link":"https:\/\/tejidohistorico.afrodescendientes.com\/index.php\/2013\/10\/18\/acin-comunicado-a-la-opinion-publico-y-organismos-defensores-de-los-derechos-humanos-nacional-e-internacional\/","title":{"rendered":"ACIN: Comunicado a la opini\u00f3n p\u00fablico y organismos defensores de los Derechos Humanos nacional e internacional"},"content":{"rendered":"<div> \tLas comunidades y autoridades tradicionales ind\u00edgenas de la Asociaci\u00f3n de Cabildos ind\u00edgenas del Norte del Cauca CXAB WALA KIWE- ACIN, nos hemos concentrado en el sitio conocido como la Agustina jurisdicci\u00f3n del Resguardo la Concepci\u00f3n, Municipio de Santander de Quilichao- Cauca, en marco de la minga social y comunitaria, acci\u00f3n pac\u00edfica y desde el derecho a la protesta p\u00fablica y pacifica.<\/div>\n<p>  <!--more-->  <\/p>\n<div> \t&nbsp;<\/div>\n<div> \tDenunciamos la manera violenta como el gobierno nacional a trav\u00e9s de su aparato militar reprime las acciones legitimas de la comunidades ind\u00edgenas. Desde las 6:00 am de hoy 17 de octubre de 2013 fuimos atacados por el ESMAT, EJERCITO y POLICIA en cabeza del CORONEL PINZON y el GENERAL SEGURA de la tercera divisi\u00f3n quienes utilizando la fuerza desmedida han disparado de manera indiscriminada sus armas de dotaci\u00f3n, gas lacrim\u00f3geno y granadas de aturdimiento contra las comunidades ind\u00edgenas, en la cual han resultado hasta el momento m\u00e1s de 30 comunero ind\u00edgenas heridos que han sido atendidos por el personal de la IPS- ACIN; entre los heridos hay un menor de edad resulto herido por arma de fuego.<\/div>\n<div> \t&nbsp;<\/div>\n<div> \tAdem\u00e1s informamos que dentro de las acciones legitimas de las comunidades ind\u00edgenas en defensa de la vida y del territorio, la autonom\u00eda, y los derechos humanos; se retuvo a un miembro del ESMAT, de nombre JORGE LUIS FERIA SALGADO, oriundo de la ciudad de Cali- Valle, al cual se ha respetado la su integridad f\u00edsica, y en el momento se encuentra custodiado por la autoridad tradicional y la guardia ind\u00edgena, hasta que hayan las condiciones para la entrega a los organismos defensores de derecho humanos.<\/div>\n<div> \t&nbsp;<\/div>\n<div> \tLas Autoridades tradicionales ind\u00edgenas solicitamos a los organismos defensores de los derechos humanos nacionales e internacionales para que intervengan ante las acciones y el uso de la fuerza desmedida por parte de la fuerza p\u00fablica en contra de las comunidades ind\u00edgenas.<\/div>\n<div> \t&nbsp;<\/div>\n<div> \t&nbsp;<\/div>\n<p> \t<iframe loading=\"lazy\" frameborder=\"no\" height=\"166\" scrolling=\"no\" src=\"https:\/\/w.soundcloud.com\/player\/?url=https%3A\/\/api.soundcloud.com\/tracks\/115972751\" width=\"100%\"><\/iframe><\/p>\n<div> \t&nbsp;<\/div>\n<div> \t<strong>AUTORIDADES TRADICIONALES INDIGENAS DE LA CXAB WALA KIWE ACIN. <\/strong><\/div>\n<div> \tOCTUBRE 17 DE 2013.<\/div>\n","protected":false},"excerpt":{"rendered":"<p>Las comunidades y autoridades tradicionales ind\u00edgenas de la Asociaci\u00f3n de Cabildos ind\u00edgenas del Norte del Cauca CXAB WALA KIWE- ACIN, nos hemos concentrado en el sitio conocido como la Agustina jurisdicci\u00f3n del [&hellip;]<\/p>\n","protected":false},"author":2,"featured_media":0,"comment_status":"open","ping_status":"open","sticky":false,"template":"","format":"standard","meta":[],"categories":[4],"tags":[],"_links":{"self":[{"href":"https:\/\/tejidohistorico.afrodescendientes.com\/index.php\/wp-json\/wp\/v2\/posts\/6480"}],"collection":[{"href":"https:\/\/tejidohistorico.afrodescendientes.com\/index.php\/wp-json\/wp\/v2\/posts"}],"about":[{"href":"https:\/\/tejidohistorico.afrodescendientes.com\/index.php\/wp-json\/wp\/v2\/types\/post"}],"author":[{"embeddable":true,"href":"https:\/\/tejidohistorico.afrodescendientes.com\/index.php\/wp-json\/wp\/v2\/users\/2"}],"replies":[{"embeddable":true,"href":"https:\/\/tejidohistorico.afrodescendientes.com\/index.php\/wp-json\/wp\/v2\/comments?post=6480"}],"version-history":[{"count":0,"href":"https:\/\/tejidohistorico.afrodescendientes.com\/index.php\/wp-json\/wp\/v2\/posts\/6480\/revisions"}],"wp:attachment":[{"href":"https:\/\/tejidohistorico.afrodescendientes.com\/index.php\/wp-json\/wp\/v2\/media?parent=6480"}],"wp:term":[{"taxonomy":"category","embeddable":true,"href":"https:\/\/tejidohistorico.afrodescendientes.com\/index.php\/wp-json\/wp\/v2\/categories?post=6480"},{"taxonomy":"post_tag","embeddable":true,"href":"https:\/\/tejidohistorico.afrodescendientes.com\/index.php\/wp-json\/wp\/v2\/tags?post=6480"}],"curies":[{"name":"wp","href":"https:\/\/api.w.org\/{rel}","templated":true}]}}