{"id":6508,"date":"2013-10-20T00:50:39","date_gmt":"2013-10-20T00:50:39","guid":{"rendered":"http:\/\/www2.nasaacin.org\/index.php\/2013\/10\/20\/risaralda-s-o-s-por-grave-situacion-en-el-marco-de-la-minga-social-indigena-y-popular\/"},"modified":"2013-10-20T00:50:39","modified_gmt":"2013-10-20T00:50:39","slug":"risaralda-s-o-s-por-grave-situacion-en-el-marco-de-la-minga-social-indigena-y-popular","status":"publish","type":"post","link":"https:\/\/tejidohistorico.afrodescendientes.com\/index.php\/2013\/10\/20\/risaralda-s-o-s-por-grave-situacion-en-el-marco-de-la-minga-social-indigena-y-popular\/","title":{"rendered":"Risaralda: S.O.S por grave situaci\u00f3n en el marco de la Minga Social, Ind\u00edgena y Popular"},"content":{"rendered":"<div> \tS.O.S por grave situaci\u00f3n de vulneraci\u00f3n de Derechos Humanos e infracciones al Derecho Internacional Humanitario en el marco de la Minga Social, Ind\u00edgena y Popular, Por la Vida, Territorio, La Autonom\u00eda y La Soberan\u00eda<\/div>\n<p>  <!--more-->  <\/p>\n<div> \t&nbsp;<\/div>\n<div> \tMunicipio Virginia punto Remolinos, v\u00eda Pereira se reporta que en este lugar despu\u00e9s de la afirmaci\u00f3n del Gobernador de Risaralda de arremeter contra la minga que se efectuaba en este sitio, el ESMAD ataca con contundencia los compa\u00f1eros ind\u00edgenas en los lugares donde est\u00e1n acampando, queman sus ropas, sus pertenec\u00edas, tiran sus alimentos y destruyen sus celulares. Es URGENTE que las fuerzas armadas PERMITAN atender los heridos y heridas de gravedad, dando paso libre a las &nbsp;misiones m\u00e9dicas y humanitarias y la salida inmediata a los centros hospitalarios.<\/div>\n<div> \t&nbsp;<\/div>\n<div> \tSolicitamos al gobierno Nacional en cabeza del presidente Juan Manuel Santos dela orden de detener inmediatamente este ataque indiscriminado, se violan en el instante los Derechos Humanos y no se respeta el Derecho internacional Humanitario, instamos al Ministro de Defensa y la Fuerza p\u00fablica el cese de hostilidades de forma inmediata y permita que la ayuda humanitaria se haga eficaz.<\/div>\n<div> \t&nbsp;<\/div>\n<div> \tConsejer\u00eda de Derechos de los Pueblos Ind\u00edgenas, Derechos Humanos, DIH y Paz: Consejero Alexander Dora, Tel.: (57 1) 284 2168, correo \u2013 e: derechoshumanos@onic.org.co<\/div>\n<div> \t&nbsp;<\/div>\n<div> \tConsejer\u00eda Sistema de Investigaci\u00f3n, Informaci\u00f3n y Comunicaciones<\/div>\n<div> \tOrganizaci\u00f3n Nacional Ind\u00edgena de Colombia &#8211; ONIC&nbsp;<\/div>\n<div> \tCalle 12B N\u00ba 4 &#8211; 38&nbsp;<\/div>\n<div> \tTels (57+1)284 21 68 &#8211; 281 18 45<\/div>\n<div> \tPrensa: 300 3118213<\/div>\n<div> \twww.onic.org.co<\/div>\n<div> \tcomunicaciones@onic.org.co<\/div>\n","protected":false},"excerpt":{"rendered":"<p>S.O.S por grave situaci\u00f3n de vulneraci\u00f3n de Derechos Humanos e infracciones al Derecho Internacional Humanitario en el marco de la Minga Social, Ind\u00edgena y Popular, Por la Vida, Territorio, La Autonom\u00eda y [&hellip;]<\/p>\n","protected":false},"author":2,"featured_media":0,"comment_status":"open","ping_status":"open","sticky":false,"template":"","format":"standard","meta":[],"categories":[102],"tags":[],"_links":{"self":[{"href":"https:\/\/tejidohistorico.afrodescendientes.com\/index.php\/wp-json\/wp\/v2\/posts\/6508"}],"collection":[{"href":"https:\/\/tejidohistorico.afrodescendientes.com\/index.php\/wp-json\/wp\/v2\/posts"}],"about":[{"href":"https:\/\/tejidohistorico.afrodescendientes.com\/index.php\/wp-json\/wp\/v2\/types\/post"}],"author":[{"embeddable":true,"href":"https:\/\/tejidohistorico.afrodescendientes.com\/index.php\/wp-json\/wp\/v2\/users\/2"}],"replies":[{"embeddable":true,"href":"https:\/\/tejidohistorico.afrodescendientes.com\/index.php\/wp-json\/wp\/v2\/comments?post=6508"}],"version-history":[{"count":0,"href":"https:\/\/tejidohistorico.afrodescendientes.com\/index.php\/wp-json\/wp\/v2\/posts\/6508\/revisions"}],"wp:attachment":[{"href":"https:\/\/tejidohistorico.afrodescendientes.com\/index.php\/wp-json\/wp\/v2\/media?parent=6508"}],"wp:term":[{"taxonomy":"category","embeddable":true,"href":"https:\/\/tejidohistorico.afrodescendientes.com\/index.php\/wp-json\/wp\/v2\/categories?post=6508"},{"taxonomy":"post_tag","embeddable":true,"href":"https:\/\/tejidohistorico.afrodescendientes.com\/index.php\/wp-json\/wp\/v2\/tags?post=6508"}],"curies":[{"name":"wp","href":"https:\/\/api.w.org\/{rel}","templated":true}]}}