{"id":6553,"date":"2013-10-23T18:03:20","date_gmt":"2013-10-23T18:03:20","guid":{"rendered":"http:\/\/www2.nasaacin.org\/index.php\/2013\/10\/23\/comunidades-mapuche-de-lleu-lleu-inician-recuperacion-en-fundo-forestal\/"},"modified":"2013-10-23T18:03:20","modified_gmt":"2013-10-23T18:03:20","slug":"comunidades-mapuche-de-lleu-lleu-inician-recuperacion-en-fundo-forestal","status":"publish","type":"post","link":"https:\/\/tejidohistorico.afrodescendientes.com\/index.php\/2013\/10\/23\/comunidades-mapuche-de-lleu-lleu-inician-recuperacion-en-fundo-forestal\/","title":{"rendered":"Comunidades Mapuche de Lleu LLeu inician recuperaci\u00f3n en fundo forestal"},"content":{"rendered":"<\/p>\n<div> \tEl siguiente documento va dirigido a nuestro pueblo naci\u00f3n mapuche, a los Lob y comunidades en Resistencia y a la opini\u00f3n p\u00fablica nacional e internacional.<\/div>\n<div> \t&nbsp;<\/div>\n<p>  <!--more-->  <\/p>\n<div> \t&nbsp;<\/div>\n<div> \tLas comunidades Jos\u00e9 Mar\u00eda Calbul del Lob El Malo; Esteban Yevilao del Lob Choque, y Segundo Yevilao del Lob Ranquilhue Chico, sector lago Lleu Lleu, comuna de Tir\u00faa, informamos lo siguiente:<\/div>\n<div> \t&nbsp;<\/div>\n<div> \tKi\u00f1e: Que desde el pasado 12 de octubre, cerca de 200 familias de las comunidades antes mencionadas. integradas por pu lonkos, machis, werkenes, jovenes, ni\u00f1os y ancianos, hemos iniciado un proceso de recuperaci\u00f3n territorial al interior del fundo El Canelo, terreno de 800 hect\u00e1reas usurpado por la empresa forestal Volterra.<\/div>\n<div> \t&nbsp;<\/div>\n<div> \tEpu: Esta medida se enmarca dentro de la decisi\u00f3n pol\u00edtica que hemos adoptado las comunidades y Lob en Resistencia de expulsar a las empresas forestales de nuestro territorio, dado el da\u00f1o que estas compa\u00f1\u00edas han ocasionado a nuestra \u00f1uke mapu. De esta forma contribuimos al proceso de reconstrucci\u00f3n de nuestro pueblo naci\u00f3n mapuche.<\/div>\n<div> \t&nbsp;<\/div>\n<div> \tQuila: En este contexto informamos que el pasado &nbsp;martes 15 de octubre los integrantes de las comunidades en lucha hemos paralizado la faena forestal, exigiendo el retiro de las m\u00e1quinas que Volterra manten\u00eda trabajando en el lugar.<\/div>\n<div> \t&nbsp;<\/div>\n<div> \tMeli: Como una forma de mantener el control territorial, las comunidades en lucha hemos decidido para este jueves 24 realizar un nguillat\u00fan al interior del fundo El Canelo. Invitamos a todo nuestro pueblo naci\u00f3n mapuche a participar de la ceremonia religiosa y as\u00ed fortalecer este nuevo proceso de lucha.<\/div>\n<div> \t&nbsp;<\/div>\n<div> \tKechu: Sabemos que el capitalismo forestal aspira a aumentar su patrimonio en Wall Mapu a trav\u00e9s de la extensi\u00f3n del decreto 701. Nuestra obligaci\u00f3n, como mapuche, es frenar este prop\u00f3sito. Ya no estamos disponibles para seguir soportando el da\u00f1o y la miseria que estas empresas han provocado en nuestro territorio.<\/div>\n<div> \t&nbsp;<\/div>\n<div> \t\u00a1\u00a1\u00a1 Fuera las forestales del territorio mapuche !!!<\/div>\n<div> \t\u00a1\u00a1\u00a1 Libertad a los presos pol\u00edticos mapuche !!!&nbsp;<\/div>\n<div> \t&nbsp;<\/div>\n<div> \tComunidades:<\/div>\n<div> \t&nbsp;<\/div>\n<div> \t<strong>Jos\u00e9 Mar\u00eda Calbul \u2013 Lob El Malo<\/strong><\/div>\n<div> \t<strong>Esteban Yevilao \u2013 Lob Choque<\/strong><\/div>\n<div> \t<strong>Segundo Yevilao \u2013 Lob Ranquilhue Chico<\/strong><\/div>\n<div> \t&nbsp;<\/div>\n<div> \thttp:\/\/adkimvn.wordpress.com\/2013\/10\/23\/comunidades-mapuche-de-lleu-lleu-inician-recuperacion-en-fundo-forestal\/<\/div>\n<div> \t&nbsp;<\/div>\n","protected":false},"excerpt":{"rendered":"<p>El siguiente documento va dirigido a nuestro pueblo naci\u00f3n mapuche, a los Lob y comunidades en Resistencia y a la opini\u00f3n p\u00fablica nacional e internacional. &nbsp;<\/p>\n","protected":false},"author":2,"featured_media":6552,"comment_status":"open","ping_status":"open","sticky":false,"template":"","format":"standard","meta":[],"categories":[3],"tags":[],"_links":{"self":[{"href":"https:\/\/tejidohistorico.afrodescendientes.com\/index.php\/wp-json\/wp\/v2\/posts\/6553"}],"collection":[{"href":"https:\/\/tejidohistorico.afrodescendientes.com\/index.php\/wp-json\/wp\/v2\/posts"}],"about":[{"href":"https:\/\/tejidohistorico.afrodescendientes.com\/index.php\/wp-json\/wp\/v2\/types\/post"}],"author":[{"embeddable":true,"href":"https:\/\/tejidohistorico.afrodescendientes.com\/index.php\/wp-json\/wp\/v2\/users\/2"}],"replies":[{"embeddable":true,"href":"https:\/\/tejidohistorico.afrodescendientes.com\/index.php\/wp-json\/wp\/v2\/comments?post=6553"}],"version-history":[{"count":0,"href":"https:\/\/tejidohistorico.afrodescendientes.com\/index.php\/wp-json\/wp\/v2\/posts\/6553\/revisions"}],"wp:featuredmedia":[{"embeddable":true,"href":"https:\/\/tejidohistorico.afrodescendientes.com\/index.php\/wp-json\/wp\/v2\/media\/6552"}],"wp:attachment":[{"href":"https:\/\/tejidohistorico.afrodescendientes.com\/index.php\/wp-json\/wp\/v2\/media?parent=6553"}],"wp:term":[{"taxonomy":"category","embeddable":true,"href":"https:\/\/tejidohistorico.afrodescendientes.com\/index.php\/wp-json\/wp\/v2\/categories?post=6553"},{"taxonomy":"post_tag","embeddable":true,"href":"https:\/\/tejidohistorico.afrodescendientes.com\/index.php\/wp-json\/wp\/v2\/tags?post=6553"}],"curies":[{"name":"wp","href":"https:\/\/api.w.org\/{rel}","templated":true}]}}