{"id":6633,"date":"2013-11-05T21:09:10","date_gmt":"2013-11-05T21:09:10","guid":{"rendered":"http:\/\/www2.nasaacin.org\/index.php\/2013\/11\/05\/grecia-llamada-a-la-solidaridad-con-la-lucha-anti-mineria-en-calcidica\/"},"modified":"2013-11-05T21:09:10","modified_gmt":"2013-11-05T21:09:10","slug":"grecia-llamada-a-la-solidaridad-con-la-lucha-anti-mineria-en-calcidica","status":"publish","type":"post","link":"https:\/\/tejidohistorico.afrodescendientes.com\/index.php\/2013\/11\/05\/grecia-llamada-a-la-solidaridad-con-la-lucha-anti-mineria-en-calcidica\/","title":{"rendered":"Grecia: Llamada a la solidaridad con la lucha anti-miner\u00eda en Calcidica"},"content":{"rendered":"<p> \tComo ya os vengo contando, tenemos una situaci\u00f3n de emergencia en la lucha anti-miner\u00eda en Skouries, Calcidica.<\/p>\n<p>  <!--more-->  <\/p>\n<p> \tCuando el movimiento anti-miner\u00eda se hace am\u00e1s mplio y popular, cuando&nbsp; los efectos desastrosos de esta mina de intereses canadienses se hacen m\u00e1s evidentes, adem\u00e1s el estado intenta criminalizar, difamar, encarcelar y amenazar a los que luchan por la dignidad.<\/p>\n<p> \tLo que pretende ahora hacer el gobierno griego es equiparar los que luchan contra sus planes de expolio y destrucci\u00f3n con los asesinos criminales nazis de Aurora Dorada, a quienes hasta hace poco ha estado albergando y protegiendo. Es la famosa teor\u00eda de los &#8220;dos extremos&#8221;.<\/p>\n<p> \tA este fin, despliega un operativo masivo de persecuci\u00f3n judicial en la zona de Calcidica y Tesal\u00f3nica.&nbsp; Con pruebas inexistentes y c\u00f3micas, el estado procesa a 210 personas implicadas en la lucha e intenta acusar muchas de ellas de pertenecer a una &#8220;organizaci\u00f3n criminal&#8221; jerarquizada y militarizada. Poco entiende el estado que nuestra lucha es una lucha de hermandad, de solidaridad, de igualdad.<\/p>\n<p> \tPero en este esfuerzo de represi\u00f3n el estado no lo tiene facil.<br \/> \tLas acusaci\u00f3nes ya se han desconstruido por muchos medios de comunicaci\u00f3n y la opini\u00f3n p\u00fablica no acaba de convencerse de que los cientos de miles de integrantes del movimiento anti-miner\u00eda sean criminales.<\/p>\n<p> \t<strong>El sabado 9 de noviembre convocamos una manifestaci\u00f3n masiva en Tesal\u00f3nica.<\/strong><\/p>\n<p> \tAsimismo os invitamos a todos a mostrar vuestra solidaridad con cualquier medio posible.<br \/> \tLos que tienen capacidad de movilizaci\u00f3n, quiz\u00e1s con un acto de protesta frente a la embajada griega o canadiense de su ciudad. Los que no, quiz\u00e1s con un evento en sus espacios, en sus colectivos, con unas fotos o pancartas con los lemas de la lucha.<br \/> \tPorque la lucha por la dignidad no tiene fronteras!<\/p>\n<p> \t<strong>QUEREMOS LOS BOSQUES, LA TIERRA Y EL AGUA, Y NO UNA TUMBA DE ORO<\/strong><\/p>\n<p> \tLLamamiento conjunto de los comit\u00e9s de lucha:<\/p>\n<p> \t&nbsp;*Llamada&nbsp; a la solidaridad **internacional **con la lucha contra la miner\u00eda de oro en Calc\u00eddica* Nosotros, la gente del movimiento contra la miner\u00eda destructiva en Calc\u00eddica, nos dirigimos de nuevo a vosotros, nuestros\/as conciudadanos\/as, nuestros\/as compa\u00f1eros\/as, nuestros\/as hermanos\/as.<\/p>\n<p> \tEn Grecia hoy se est\u00e1 cometiendo un crimen. Bajo el pretexto de la crisis financiera, el medio ambiente, los derechos humanos, la dignidad humana, la democracia, la libertad de expresi\u00f3n, la calidad de vida se sacrifican en el altar de los intereses empresariales, las ambiciones pol\u00edticas y de un capitalismo neoliberal que en Grecia muestra su cara m\u00e1s inhumana.<\/p>\n<p> \tEn Calc\u00eddica, estamos experimentando desde hace mucho tiempo las consecuencias de la pol\u00edtica de &#8220;la salvaci\u00f3n del pa\u00eds a cualquier precio.&#8221; En detrimento de las vidas humanas, de los derechos humanos, del medio ambiente.<\/p>\n<p> \tEn nuestra tierra se pretende emprender un mega-proyecto de miner\u00eda que amenaza con destruir un bosque de singular belleza y valor ecol\u00f3gico. Amenaza con contaminar las aguas subterr\u00e1neas, el aire, la tierra y el mar. Amenaza nuestras actividades econ\u00f3micas. Peligra e hipoteca el futuro de nuestros hijos.<\/p>\n<p> \tEl movimiento social de protesta y resistencia contra estos planes destructivos ha sufrido la contundente represi\u00f3n estatal, la violencia policial, la persecuci\u00f3n, el encarcelamiento, la difamaci\u00f3n, la censura, la criminalizaci\u00f3n. A pesar de todo, seguimos fuertes. Seguimos afirmando en\u00e9rgicamente nuestro derecho a vivir y a so\u00f1ar.<\/p>\n<p> \tNuestra fuerza surge del amor por nuestra tierra, por nuestro espacio f\u00edsico y cultural. Nuestra fuerza es nuestra unidad en la lucha<br \/> \tconjunta por la vida. Nuestra fuerza es la solidaridad.<\/p>\n<p> \tEl 9 de noviembre nos reuniremos en Tesal\u00f3nica en una manifestaci\u00f3n masiva de protesta, de reclamo y de solidaridad. Os invitamos, en la misma fecha, a apoyar nuestra lucha,&nbsp; a organizar, en vuestros propios lugares, una acci\u00f3n de solidaridad.<\/p>\n<p> \tS\u00f3lo unidos y en solidaridad podemos reivindicar un presente digno y un futuro mejor.<\/p>\n<p> \t<strong>COMITES DE LUCHA DE CALCIDICA Y TESALONICA<\/strong><br \/> \t<strong>5 Noviembre 2013<\/strong><\/p>\n","protected":false},"excerpt":{"rendered":"<p>Como ya os vengo contando, tenemos una situaci\u00f3n de emergencia en la lucha anti-miner\u00eda en Skouries, Calcidica.<\/p>\n","protected":false},"author":2,"featured_media":6632,"comment_status":"open","ping_status":"open","sticky":false,"template":"","format":"standard","meta":[],"categories":[3],"tags":[],"_links":{"self":[{"href":"https:\/\/tejidohistorico.afrodescendientes.com\/index.php\/wp-json\/wp\/v2\/posts\/6633"}],"collection":[{"href":"https:\/\/tejidohistorico.afrodescendientes.com\/index.php\/wp-json\/wp\/v2\/posts"}],"about":[{"href":"https:\/\/tejidohistorico.afrodescendientes.com\/index.php\/wp-json\/wp\/v2\/types\/post"}],"author":[{"embeddable":true,"href":"https:\/\/tejidohistorico.afrodescendientes.com\/index.php\/wp-json\/wp\/v2\/users\/2"}],"replies":[{"embeddable":true,"href":"https:\/\/tejidohistorico.afrodescendientes.com\/index.php\/wp-json\/wp\/v2\/comments?post=6633"}],"version-history":[{"count":0,"href":"https:\/\/tejidohistorico.afrodescendientes.com\/index.php\/wp-json\/wp\/v2\/posts\/6633\/revisions"}],"wp:featuredmedia":[{"embeddable":true,"href":"https:\/\/tejidohistorico.afrodescendientes.com\/index.php\/wp-json\/wp\/v2\/media\/6632"}],"wp:attachment":[{"href":"https:\/\/tejidohistorico.afrodescendientes.com\/index.php\/wp-json\/wp\/v2\/media?parent=6633"}],"wp:term":[{"taxonomy":"category","embeddable":true,"href":"https:\/\/tejidohistorico.afrodescendientes.com\/index.php\/wp-json\/wp\/v2\/categories?post=6633"},{"taxonomy":"post_tag","embeddable":true,"href":"https:\/\/tejidohistorico.afrodescendientes.com\/index.php\/wp-json\/wp\/v2\/tags?post=6633"}],"curies":[{"name":"wp","href":"https:\/\/api.w.org\/{rel}","templated":true}]}}