{"id":6654,"date":"2013-11-07T17:23:37","date_gmt":"2013-11-07T17:23:37","guid":{"rendered":"http:\/\/www2.nasaacin.org\/index.php\/2013\/11\/07\/la-corporacion-por-la-defensa-de-los-derecho-humanos-caguan-vive\/"},"modified":"2013-11-07T17:23:37","modified_gmt":"2013-11-07T17:23:37","slug":"la-corporacion-por-la-defensa-de-los-derecho-humanos-caguan-vive","status":"publish","type":"post","link":"https:\/\/tejidohistorico.afrodescendientes.com\/index.php\/2013\/11\/07\/la-corporacion-por-la-defensa-de-los-derecho-humanos-caguan-vive\/","title":{"rendered":"La corporaci\u00f3n  por  la  defensa  de  los derecho  humanos \u201cCaguan  vive\u201d"},"content":{"rendered":"<p style=\"text-align: justify;\"> \t<strong>Pronunciamiento p\u00fablico<\/strong>: &nbsp;En consideraci\u00f3n a las irregularidades que se han presentado en jurisdicci\u00f3n del municipio &nbsp;de San Vicente del Cagu\u00e1n, Caquet\u00e1, respecto del proceso de incorporaci\u00f3n al servicio militar &nbsp;obligatorio; los abajo firmantes hemos decidido denunciar p\u00fablicamente las arbitrariedades &nbsp;que han debido padecer algunos ciudadanos en nuestro municipio.<\/p>\n<p>  <!--more-->  <\/p>\n<p style=\"text-align: justify;\"> \tPese a la jurisprudencia Constitucional consolidada que establece y publicita la ilegalidad de &nbsp;las populares \u201cbatidas\u201d (procedimiento adelantado por la autoridad castrense con el prop\u00f3sito &nbsp;de acelerar el proceso de incorporaci\u00f3n mediante el uso de la intimidaci\u00f3n y la fuerza), la &nbsp;Novena Zona de Reclutamiento Distrito Militar No 43 continua obrando en desmedro de la &nbsp;libertad, deteniendo arbitrariamente a civiles por periodos indeterminados de tiempo en diferentes guarniciones militares.<\/p>\n<p style=\"text-align: justify;\"> \t&nbsp;<\/p>\n<p style=\"text-align: justify;\"> \tEl procedimiento de incorporaci\u00f3n al servicio militar obligatorio es reglamentado por la ley &nbsp;48 de 1993 y el Decreto No.2048 de 1993. El cumplimiento de las referidas etapas \u2013 inscripci\u00f3n, primer examen, segundo examen, sorteo, concentraci\u00f3n, incorporaci\u00f3n y clasificaci\u00f3n- as\u00ed como de los requisitos previstos por las normas reglamentarias, son los presupuestos necesarios para la expedici\u00f3n de la libreta militar.<\/p>\n<p style=\"text-align: justify;\"> \t&nbsp;<\/p>\n<p style=\"text-align: justify;\"> \tSon precisamente los art\u00edculos 14 y 41 de la Ley 48 de 1993 los que otrora sirvieron de fundamento legal de las llamadas \u201cbatidas\u201d; pues faculta a las autoridades militares a &nbsp;compeler a quienes no han cumplido con su obligaci\u00f3n de inscribirse para la prestaci\u00f3n del &nbsp;servicio, disposici\u00f3n que hist\u00f3ricamente las autoridades militares han interpretado como una carta abierta a la violaci\u00f3n de los m\u00e1s elementales derechos. Sin embargo, esta interpretaci\u00f3n del verbo rector de la norma mencionada suscit\u00f3 una importante discusi\u00f3n constitucional que &nbsp;fue resuelta por la Sentencia C-879 de 2011.<\/p>\n<p style=\"text-align: justify;\"> \t&nbsp;<\/p>\n<p style=\"text-align: justify;\"> \tEn su sentencia, la Corte Constitucional condiciona la asequibilidad de las disposiciones &nbsp;acusadas, proveyendo la \u00fanica interpretaci\u00f3n autorizada al verbo compeler de acuerdo a las circunstancias que reglamenta cada art\u00edculo de la Ley 48 de 1993. Inicia la Corte estableciendo el car\u00e1cter de derecho fundamental, fin y principio constitucional de la libertad &nbsp;y la libertad de locomoci\u00f3n como expresi\u00f3n de este concepto; con el prop\u00f3sito examinar la proporcionalidad de las denunciadas acciones militares. Es as\u00ed como determina el car\u00e1cter relativo de la libertad en la constituci\u00f3n pol\u00edtica colombiana, la reserva judicial en materia de privaci\u00f3n de la libertad personal exigida por el art\u00edculo 28 y la estricta proporcionalidad que&nbsp; debe reinar en todo procedimiento en qu\u00e9 se afecte este derecho fundamental.<\/p>\n<p style=\"text-align: justify;\"> \t&nbsp;<\/p>\n<p style=\"text-align: justify;\"> \tLa interpretaci\u00f3n autorizada de las normas legales en relaci\u00f3n con la vigencia constitucional, determin\u00f3 respecto de quienes deben padecer estas restricciones a su libertad, que \u201c\u2026solo puede ser retenido de manera moment\u00e1nea mientras se verifica tal situaci\u00f3n y se inscribe, proceso que no requiere de ning\u00fan formalismo y que se agota precisamente con la inscripci\u00f3n, por lo tanto no puede implicar la conducci\u00f3n del ciudadano a cuarteles o distritos militares y su retenci\u00f3n por autoridades militares por largos per\u00edodos de tiempo con el prop\u00f3sito no solo de obligarlo a inscribirse, sino de someterlo a ex\u00e1menes y si resulta apto finalmente incorporarlo a filas.\u201d<\/p>\n<p style=\"text-align: justify;\"> \t&nbsp;<\/p>\n<p style=\"text-align: justify;\"> \tHaciendo caso omiso a esta clara y autorizada interpretaci\u00f3n, el Mayor EDWIN HENRY CASTA\u00d1EDA ORTIZ, Comandante Distrito Militar No 43, contin\u00faa avalando privaciones ilegales de libertad a nuestros j\u00f3venes careciendo absolutamente de facultades legales y constitucionales para ello. Circunstancia que no puede ser interpretada de otra manera que &nbsp;como un flagrante abuso de autoridad, que evidencia desconocimiento del r\u00e9gimen constitucional que garantiza la vigencia de este como un Estado Social y Democr\u00e1tico &nbsp;sometido a un ordenamiento jur\u00eddico.<\/p>\n<p style=\"text-align: justify;\"> \t&nbsp;<\/p>\n<p style=\"text-align: justify;\"> \tA la presente denuncia se anexa una relaci\u00f3n de casos documentados por la Corporaci\u00f3n por la Defensa de los Derechos Humanos \u201cCagu\u00e1n Vive\u201d<\/p>\n<p style=\"text-align: justify;\"> \t<strong>NOMBRE Y CEDULA DE LOS RETENIDOS.<\/strong><\/p>\n<p style=\"text-align: justify;\"> \t&nbsp;<\/p>\n<table border=\"1\" cellpadding=\"1\" cellspacing=\"1\" height=\"290\" width=\"546\">\n<tbody>\n<tr>\n<td style=\"width: 261px; text-align: justify;\"> \t\t\t\tLIBARDO ARRIGUI MURCIA<\/td>\n<td style=\"width: 275px; text-align: justify;\"> \t\t\t\t&nbsp;&nbsp; CC. 1078751139<\/td>\n<\/tr>\n<tr>\n<td style=\"width: 261px; text-align: justify;\"> \t\t\t\tYEIMER BAHAMON ROJAS BERNAL<\/td>\n<td style=\"width: 275px; text-align: justify;\"> \t\t\t\tCC. 1117826459<\/td>\n<\/tr>\n<tr>\n<td style=\"width: 261px; text-align: justify;\"> \t\t\t\tDELIO LAGUNA OSSA<\/td>\n<td style=\"width: 275px; text-align: justify;\"> \t\t\t\tCC. 1117822769<\/td>\n<\/tr>\n<tr>\n<td style=\"width: 261px; text-align: justify;\"> \t\t\t\tJAVIER RUBIO CASTA\u00d1EDA<\/td>\n<td style=\"width: 275px; text-align: justify;\"> \t\t\t\tCC. 1006597466<\/td>\n<\/tr>\n<tr>\n<td style=\"width: 261px; text-align: justify;\"> \t\t\t\tWILSON FABIAN DIAZ CARDOZO<\/td>\n<td style=\"width: 275px; text-align: justify;\"> \t\t\t\tCC. 1118026543<\/td>\n<\/tr>\n<tr>\n<td style=\"width: 261px; text-align: justify;\"> \t\t\t\tCARLOS ARTURO LAZO TORRES<\/td>\n<td style=\"width: 275px; text-align: justify;\"> \t\t\t\tCC. 1117527027<\/td>\n<\/tr>\n<tr>\n<td style=\"width: 261px; text-align: justify;\"> \t\t\t\tMELKIN CRUZ ALIAR TI. NO SE LO SABE<\/td>\n<td style=\"width: 275px; text-align: justify;\"> \t\t\t\tTI. NO SE LO SABE<\/td>\n<\/tr>\n<tr>\n<td style=\"width: 261px; text-align: justify;\"> \t\t\t\tEDINSON ESCARPETA VARGAS<\/td>\n<td style=\"width: 275px; text-align: justify;\"> \t\t\t\tCC. 1147687082<\/td>\n<\/tr>\n<tr>\n<td style=\"width: 261px; text-align: justify;\"> \t\t\t\tGREIDY ALEJANDRO ARRIGUI TI.<\/td>\n<td style=\"width: 275px; text-align: justify;\"> \t\t\t\tNO SE LO SABE<\/td>\n<\/tr>\n<tr>\n<td style=\"width: 261px; text-align: justify;\"> \t\t\t\tNICOLAS ROJAS RODRIGUES<\/td>\n<td style=\"width: 275px; text-align: justify;\"> \t\t\t\tCC. 1006517434<\/td>\n<\/tr>\n<tr>\n<td style=\"width: 261px; text-align: justify;\"> \t\t\t\tJHON EDUAR ROJAS POLANIA<\/td>\n<td style=\"width: 275px; text-align: justify;\"> \t\t\t\tCC. 1006520563<\/td>\n<\/tr>\n<tr>\n<td style=\"width: 261px; text-align: justify;\"> \t\t\t\tALEJANDRO TOVAR CASAS<\/td>\n<td style=\"width: 275px; text-align: justify;\"> \t\t\t\tCC.1117817705<\/td>\n<\/tr>\n<tr>\n<td style=\"width: 261px; text-align: justify;\"> \t\t\t\t<span style=\"background-color:#ffff00;\">JOSE VERARDO GUERRERO<\/span><\/td>\n<td style=\"width: 275px; text-align: justify;\"> \t\t\t\t<span style=\"background-color:#ffff00;\">CC.1117824670<\/span><\/td>\n<\/tr>\n<\/tbody>\n<\/table>\n<p style=\"text-align: justify;\"> \t&nbsp;<\/p>\n<p style=\"text-align: justify;\"> \t<strong>OBSERVACI\u00d3N:<\/strong><\/p>\n<p style=\"text-align: justify;\"> \t1. Libardo Arrigui Murcia, es la&nbsp; \u00fanica persona que responde por&nbsp; la &nbsp;familia y el&nbsp; prestarel servicio representa problemas de seguridad&nbsp; con su integridad&nbsp; por posible desplazamiento forzado adem\u00e1s&nbsp;&nbsp; sufre de&nbsp; asma desde ni\u00f1o.<\/p>\n<p style=\"text-align: justify;\"> \t&nbsp;<\/p>\n<p style=\"text-align: justify;\"> \t2. delio lagunaOssa , tiene a &nbsp;la mam\u00e1&nbsp; enferma &nbsp;y &nbsp;sali\u00f3 al pueblo a &nbsp;llevar un&nbsp; medicamento&nbsp;&nbsp; y el ej\u00e9rcito &nbsp;lo retuvo esta es la fecha en&nbsp; que la&nbsp;&nbsp; familia no sabe&nbsp; de \u00e9l.&nbsp;&nbsp;<\/p>\n<p style=\"text-align: justify;\"> \t&nbsp;<\/p>\n<p style=\"text-align: justify;\"> \t3. Melkin cruz&nbsp;&nbsp; aliar, no ha cumplido lamayor\u00eda&nbsp; de edad.&nbsp;<\/p>\n<p style=\"text-align: justify;\"> \t&nbsp;&nbsp;&nbsp;&nbsp;&nbsp;&nbsp;&nbsp;&nbsp;&nbsp;<\/p>\n<p style=\"text-align: justify;\"> \t4. Greidy Alejandro Arrigui no ha cumplido la mayor\u00eda de edad.<\/p>\n<p style=\"text-align: justify;\"> \tAlejandro Tovar casas:&nbsp; tiene incapacidades f\u00edsicas con una&nbsp; operaci\u00f3n en un brazo y es herniado.<\/p>\n<p style=\"text-align: justify;\"> \t&nbsp;&nbsp;&nbsp;&nbsp;&nbsp;&nbsp;&nbsp;&nbsp;&nbsp;&nbsp;&nbsp;&nbsp;&nbsp;&nbsp;&nbsp;&nbsp;&nbsp;&nbsp;&nbsp;&nbsp;&nbsp;&nbsp;&nbsp;&nbsp;<\/p>\n<p style=\"text-align: justify;\"> \tLos dem\u00e1s los j\u00f3venes no hab\u00edan sido citados para definir la situaci\u00f3n militar y se consideran objetores de &nbsp;conciencia.<\/p>\n<p style=\"text-align: justify;\"> \tLes agradecemos hacer llegar sus mensajes de rechazo a los siguientes &nbsp;tel\u00e9fonos: <strong>098 4646<\/strong><\/p>\n<p style=\"text-align: justify;\"> \t<strong>353- 098 4646290 Batall\u00f3n<\/strong><\/p>\n<p> \t&nbsp;<\/p>\n","protected":false},"excerpt":{"rendered":"<p>Pronunciamiento p\u00fablico: &nbsp;En consideraci\u00f3n a las irregularidades que se han presentado en jurisdicci\u00f3n del municipio &nbsp;de San Vicente del Cagu\u00e1n, Caquet\u00e1, respecto del proceso de incorporaci\u00f3n al servicio militar &nbsp;obligatorio; los abajo [&hellip;]<\/p>\n","protected":false},"author":2,"featured_media":0,"comment_status":"open","ping_status":"open","sticky":false,"template":"","format":"standard","meta":[],"categories":[61],"tags":[],"_links":{"self":[{"href":"https:\/\/tejidohistorico.afrodescendientes.com\/index.php\/wp-json\/wp\/v2\/posts\/6654"}],"collection":[{"href":"https:\/\/tejidohistorico.afrodescendientes.com\/index.php\/wp-json\/wp\/v2\/posts"}],"about":[{"href":"https:\/\/tejidohistorico.afrodescendientes.com\/index.php\/wp-json\/wp\/v2\/types\/post"}],"author":[{"embeddable":true,"href":"https:\/\/tejidohistorico.afrodescendientes.com\/index.php\/wp-json\/wp\/v2\/users\/2"}],"replies":[{"embeddable":true,"href":"https:\/\/tejidohistorico.afrodescendientes.com\/index.php\/wp-json\/wp\/v2\/comments?post=6654"}],"version-history":[{"count":0,"href":"https:\/\/tejidohistorico.afrodescendientes.com\/index.php\/wp-json\/wp\/v2\/posts\/6654\/revisions"}],"wp:attachment":[{"href":"https:\/\/tejidohistorico.afrodescendientes.com\/index.php\/wp-json\/wp\/v2\/media?parent=6654"}],"wp:term":[{"taxonomy":"category","embeddable":true,"href":"https:\/\/tejidohistorico.afrodescendientes.com\/index.php\/wp-json\/wp\/v2\/categories?post=6654"},{"taxonomy":"post_tag","embeddable":true,"href":"https:\/\/tejidohistorico.afrodescendientes.com\/index.php\/wp-json\/wp\/v2\/tags?post=6654"}],"curies":[{"name":"wp","href":"https:\/\/api.w.org\/{rel}","templated":true}]}}