{"id":669,"date":"2010-09-15T22:14:32","date_gmt":"2010-09-15T22:14:32","guid":{"rendered":"http:\/\/www2.nasaacin.org\/index.php\/2010\/09\/15\/pronunciamiento-publico-sobre-la-situacion-de-derechos-humanos-en-la-ciudad-de-medellin\/"},"modified":"2010-09-15T22:14:32","modified_gmt":"2010-09-15T22:14:32","slug":"pronunciamiento-publico-sobre-la-situacion-de-derechos-humanos-en-la-ciudad-de-medellin","status":"publish","type":"post","link":"https:\/\/tejidohistorico.afrodescendientes.com\/index.php\/2010\/09\/15\/pronunciamiento-publico-sobre-la-situacion-de-derechos-humanos-en-la-ciudad-de-medellin\/","title":{"rendered":"Pronunciamiento p\u00fablico Sobre la situaci\u00f3n de derechos humanos en la ciudad de Medell\u00edn"},"content":{"rendered":"<div class=\"fuentefecha\"><strong> <\/strong><\/div>\n<p>Actualmente, miles de ciudadanos y ciudadanas de Medell\u00edn, viven bajo  el miedo y la zozobra y son conminados a desarrollar su vida, bajo las  condiciones del poder autoritario que les imparten organizaciones  paramilitares e ilegales.<\/p>\n<p>  <!--more-->  <\/p>\n<p>\u00a0<\/p>\n<p>Las organizaciones de derechos humanos, sociales, sindicales y universitarias abajo firmantes, manifestamos:<\/p>\n<p><em> Actualmente,  miles de ciudadanos y ciudadanas de Medell\u00edn, viven bajo el miedo y la  zozobra y son conminados a desarrollar su vida, bajo las condiciones del  poder autoritario que les imparten organizaciones paramilitares e  ilegales.<\/em><\/p>\n<p>Este contexto de agresi\u00f3n en contra de la  poblaci\u00f3n civil se caracteriza por la sistem\u00e1tica ocurrencia de  violaciones a los derechos humanos, como homicidios, desapariciones  forzadas, torturas, desplazamiento forzado intraurbano e intermunicipal,  la violencia contra las ni\u00f1as y las mujeres, las violaciones sexuales,  el reclutamiento forzado de ni\u00f1os, ni\u00f1as y j\u00f3venes al conflicto, la  obligada deserci\u00f3n escolar, el confinamiento, las amenazas a la  integridad personal, las restricciones a la libertad de circulaci\u00f3n, la  imposibilidad de vivir dignamente y en paz, entre otras.<\/p>\n<p>Los  grupos criminales han incrementado el copamiento del \u00e1mbito escolar,  circunstancia, que ha victimizado de m\u00faltiples formas a ni\u00f1os, ni\u00f1as y  adolescentes. Una pr\u00e1ctica similar se ha ejercido sobre las mujeres y  hombres que lideran procesos organizativos y comunitarios, quienes  constantemente son intimidados y hostigados, por evitar la  instrumentalizaci\u00f3n de estos espacios. De la misma manera se ha  incrementado el control de las actividades econ\u00f3micas afectando el  sector de los transportadores y el comercio local.<\/p>\n<p>Hist\u00f3ricamente,  un significativo n\u00famero de Comunas ubicadas en la periferia de la  ciudad, se han caracterizado por tener altos niveles de exclusi\u00f3n y  marginalidad, situaci\u00f3n que no ha sido superada por la ausencia de una  intervenci\u00f3n estatal oportuna y eficaz que se exprese en la protecci\u00f3n  de los derechos de sus habitantes. Este contexto estructural de  carencias hist\u00f3ricas se ve agravado por el cruce de m\u00faltiples din\u00e1micas  de violencia, en las que participan fuerzas estatales y paraestatales,  grupos armados vinculados al conflicto pol\u00edtico armado nacional, junto a  organizaciones criminales que est\u00e1n dedicadas a diversas actividades  delictivas.<\/p>\n<p>Como consecuencia de lo anterior, los y las  habitantes de estas comunidades han sido objeto de graves violaciones a  los derechos humanos, particularmente sobre los pobladores de las  comunas 1, 2, 3, 6\u00a0 8, y 13. Esta situaci\u00f3n se ha agudizado en los  \u00faltimos dos a\u00f1os debido al fracaso del proceso de desmovilizaci\u00f3n de los  grupos paramilitares en la ciudad y la pugna por el control social y  territorial que desarrollan estos grupos armados paraestatales,  desmovilizados y narcotraficantes por la obtenci\u00f3n del poder hegem\u00f3nico  de estas zonas.<\/p>\n<p> Ante los factores estructurales de los m\u00faltiples  conflictos que alimentan la violencia en la ciudad, ante las acciones  de ostentaci\u00f3n de fuerza desarrolladas en las dos \u00faltimas semanas por  los actores armados ilegales en la Comuna 13 y en las dem\u00e1s comunas de  la ciudad que han causado el desplazamiento masivo de los habitantes de  estas comunidades y la vulneraci\u00f3n de sus derechos\u00a0 y ante la  intervenci\u00f3n errada por la exclusiva v\u00eda de la militarizaci\u00f3n  implementada en Medell\u00edn,<\/p>\n<p> Exigimos:<\/p>\n<p>1. Que el gobierno  Nacional y Local reconozcan la existencia y agudizaci\u00f3n del conflicto  armado en la ciudad de Medell\u00edn y el fracaso de las operaciones  militares Mariscal y Ori\u00f3n por sus nocivos efectos en la situaci\u00f3n de  los derechos humanos de la ciudad, que permitieron la consolidaci\u00f3n y  expansi\u00f3n\u00a0 del proyecto mafioso, paramilitar y criminal en la ciudad.<\/p>\n<p> 2.  Que se implementen estrategias de intervenci\u00f3n, programas y acciones  institucionales con un enfoque no militarista que ataquen los factores  de tipo estructural y coyuntural del conflicto.<\/p>\n<p>3. Que se develen  y judicialicen a los verdaderos poderes de las estructuras armadas  ilegales que financian y promueven el conflicto del pa\u00eds a la vez que se  combate el fen\u00f3meno de las bandas y se depura la Fuerza P\u00fablica que  tenga relaci\u00f3n con \u00e9stos.<\/p>\n<p> 4. Que las instituciones educativas de  la ciudad de Medell\u00edn reciban un tratamiento especial por parte del  gobierno local y un reconocimiento p\u00fablico como Territorios de Paz. As\u00ed  mismo, que las medidas de prevenci\u00f3n y protecci\u00f3n para los ni\u00f1os, ni\u00f1as y  j\u00f3venes sean eficaces y se definan rutas claras de atenci\u00f3n que no se  circunscriban exclusivamente al tratamiento penal.<\/p>\n<p>5. Que se  reconozca a los liderazgos sociales y comunitarios el destacado papel  que desarrollan en la defensa, promoci\u00f3n y protecci\u00f3n de los derechos  humanos en la ciudad, se respalde y garantice la realizaci\u00f3n de sus  actividades de acuerdo a la Directiva N\u00ba.012 del 15 de julio de 2010 de  la Procuradur\u00eda General de Naci\u00f3n.<\/p>\n<p>Medell\u00edn, 3 de septiembre de 2010<\/p>\n<p>Firman,<\/p>\n<p>ASOCIACI\u00d3N DE INSTITUTORES DE ANTIOQUIA \u2013ADIDA-<\/p>\n<p>COMIT\u00c9 UNIVERSITARIO DE DERECHOS HUMANOS GUSTAVO MARULANDA<\/p>\n<p>CORPORACI\u00d3N EN DERECHOS HUMANOS CONTRACORRIENTE<\/p>\n<p>CORPORACI\u00d3N JUR\u00cdDICA LIBERTAD<\/p>\n<p>CORPORACI\u00d3N MUJERES QUE CREAN<\/p>\n<p>CORPORACI\u00d3N NUEVA GENTE<\/p>\n<p>CORPORACI\u00d3N NUEVO ARCOIRIS<\/p>\n<p>CORPORACI\u00d3N PARA LA PAZ Y EL DESARROLLO SOCIAL -CORPADES-<\/p>\n<p>FUNDACI\u00d3N SUMAPAZ<\/p>\n<p>GRUPO INTERDISCIPLINARIO POR LOS DERECHOS HUMANOS<\/p>\n<p>RED JUVENIL DE MEDELL\u00cdN<\/p>\n<p>RUTA PAC\u00cdFICA DE LAS MUJERES<\/p>\n<p>\u00a0<\/p>\n<p><strong> [ <span>Autor: Red Juvenil<\/span>]<\/strong><\/p>\n","protected":false},"excerpt":{"rendered":"<p>Actualmente, miles de ciudadanos y ciudadanas de Medell\u00edn, viven bajo el miedo y la zozobra y son conminados a desarrollar su vida, bajo las condiciones del poder autoritario que les imparten organizaciones [&hellip;]<\/p>\n","protected":false},"author":1,"featured_media":0,"comment_status":"open","ping_status":"open","sticky":false,"template":"","format":"standard","meta":[],"categories":[75],"tags":[],"_links":{"self":[{"href":"https:\/\/tejidohistorico.afrodescendientes.com\/index.php\/wp-json\/wp\/v2\/posts\/669"}],"collection":[{"href":"https:\/\/tejidohistorico.afrodescendientes.com\/index.php\/wp-json\/wp\/v2\/posts"}],"about":[{"href":"https:\/\/tejidohistorico.afrodescendientes.com\/index.php\/wp-json\/wp\/v2\/types\/post"}],"author":[{"embeddable":true,"href":"https:\/\/tejidohistorico.afrodescendientes.com\/index.php\/wp-json\/wp\/v2\/users\/1"}],"replies":[{"embeddable":true,"href":"https:\/\/tejidohistorico.afrodescendientes.com\/index.php\/wp-json\/wp\/v2\/comments?post=669"}],"version-history":[{"count":0,"href":"https:\/\/tejidohistorico.afrodescendientes.com\/index.php\/wp-json\/wp\/v2\/posts\/669\/revisions"}],"wp:attachment":[{"href":"https:\/\/tejidohistorico.afrodescendientes.com\/index.php\/wp-json\/wp\/v2\/media?parent=669"}],"wp:term":[{"taxonomy":"category","embeddable":true,"href":"https:\/\/tejidohistorico.afrodescendientes.com\/index.php\/wp-json\/wp\/v2\/categories?post=669"},{"taxonomy":"post_tag","embeddable":true,"href":"https:\/\/tejidohistorico.afrodescendientes.com\/index.php\/wp-json\/wp\/v2\/tags?post=669"}],"curies":[{"name":"wp","href":"https:\/\/api.w.org\/{rel}","templated":true}]}}