{"id":6692,"date":"2013-11-20T17:20:13","date_gmt":"2013-11-20T17:20:13","guid":{"rendered":"http:\/\/www2.nasaacin.org\/index.php\/2013\/11\/20\/recuperar-la-palabra-del-abuelo-fuego\/"},"modified":"2013-11-20T17:20:13","modified_gmt":"2013-11-20T17:20:13","slug":"recuperar-la-palabra-del-abuelo-fuego","status":"publish","type":"post","link":"https:\/\/tejidohistorico.afrodescendientes.com\/index.php\/2013\/11\/20\/recuperar-la-palabra-del-abuelo-fuego\/","title":{"rendered":"Recuperar la palabra del abuelo fuego"},"content":{"rendered":"<div> \t<\/div>\n<div> \tEn la reciente cumbre continental de los pueblos ind\u00edgenas del Abya Yala, que se realiz\u00f3 del 10 al 15 de noviembre de 2013, en el resguardo ind\u00edgena de la Mar\u00eda Piendam\u00f3 Cauca, compartimos, entre espacios organizativos y pol\u00edticos, tambi\u00e9n experiencias espirituales con las y los participantes nacionales e internacionales que acompa\u00f1aron.<\/div>\n<p>  <!--more-->  <\/p>\n<div> \t&nbsp;<\/div>\n<div> \tDesde el d\u00eda 11 de noviembre se pudo apreciar la compa\u00f1\u00eda de la tulpa, la cual estuvo encendida y custodiada d\u00eda y noche para evitar que se apagara, con ofrendas alrededor en forma de espiral y con la fe que pon\u00edan los participantes que se acercaban a \u00e9l, se logr\u00f3 mantener fuerte el fuego quien representa el coraz\u00f3n de los pueblos ind\u00edgenas.&nbsp;<\/div>\n<div> \t&nbsp;<\/div>\n<div> \tUno de los sabios de la Madre Tierra, en una peque\u00f1a conversaci\u00f3n mientras mambeaba la coca y su mirada estaba postrada sobre la tulpa, comento: \u201cComo interpretadores espirituales, no nos sentimos &nbsp;identificados en ningunas de las mesas de trabajo, que para empezar no se deber\u00edan llamar as\u00ed, porque anteriormente se llamaban espirales de familia. \u00a1C\u00f3mo puede ser que en un encuentro de pueblos ancestrales se deje a un lado la espiritualidad cuando es esta la que nos ha guiado siempre!\u2019\u2019 y continu\u00f3 diciendo: \u201cnosotros participaremos en las diferentes mesas de trabajo y daremos a conocer nuestro punto de vista\u201d\u201d.<\/div>\n<div> \t&nbsp;<\/div>\n<div> \tTodos los d\u00edas en la ma\u00f1ana cuando nos dirig\u00edamos a las duchas, pod\u00edamos observar a los gu\u00edas espirituales custodiando la tulpa. Con un ritual que realizaban temprano, al que acud\u00edan algunos participantes de la cumbre, los sabios comentaban la importancia del fuego: \u201ces el que nos da la palabra, mantiene la unidad, es el que nos gu\u00eda a la verdad y nos lleva por el buen camino\u2019\u2019.<\/div>\n<div> \t&nbsp;<\/div>\n<div> \tPacha Kanchay es uno de los sabios espirituales m\u00e1s j\u00f3venes que particip\u00f3 en la cumbre, acompa\u00f1\u00f3 la mesa de juvenil y plante\u00f3: \u201ccomo j\u00f3venes tenemos que unirnos sin importar qui\u00e9n es m\u00e1s, ni quien es menos, que somos nosotros los que vamos a levantar esta lucha, pero para eso tenemos que tener la gu\u00eda de nuestros esp\u00edritus y tomar las decisiones en conjunto\u201d.<\/div>\n<div> \t&nbsp;<\/div>\n<div> \tEl d\u00eda viernes 15 de noviembre se inici\u00f3 con un ritual de limpieza a los participantes de la cumbre y los sabios manifestaron: \u201cllevamos 3 d\u00edas sin dormir custodiando al mayor fuego, el d\u00eda jueves 14 de noviembre de 2013 dieron lectura a un documento y ninguno de los que dirig\u00eda las mesas se acerc\u00f3 a ofrendar, de qu\u00e9 nos sirve hablar de espiritualidad, cuando es lo primero que estamos olvidando ya que muchas de las decisiones que se tomaron en esta cumbre no se tomaron desde la fuerza del padre fuego, hablamos de recuperar lo propio pero cada d\u00eda nos estamos occidentalizando m\u00e1s, cada vez que hablamos de sistemas, de mesas\u2019\u2019.<\/div>\n<div> \t&nbsp;<\/div>\n<div> \tEsa misma ma\u00f1ana se apag\u00f3 una de las tulpas que representaba la palabra y por m\u00e1s que los sabedores ofrendaron, \u00e9sta no encendi\u00f3. A eso del medio d\u00eda recibimos la noticia de que hab\u00edan asesinado al m\u00e9dico tradicional del resguardo de Jambal\u00f3, Miguel Conda. \u00c9l era quien representaba la tulpa que se apag\u00f3, manifestaron los sabios, ahora \u00e9l es uno de los esp\u00edritus que nos va a guiar en este camino de resistencia.<\/div>\n<div> \t&nbsp;<\/div>\n<div> \tEn la noche se realiz\u00f3 un ritual de cierre del evento donde los sabios pidieron la compa\u00f1\u00eda de los representantes y dirigentes de las mesas trabajo, se les exigi\u00f3 que recordaran que las decisiones se deben tomar desde el fuego y en comunidad. A pesar de la presi\u00f3n que ejerzan los cargos y oficios que cada uno tenemos en la comunidad no se puede olvidar la importancia de que la espiritualidad nos rige.&nbsp;<\/div>\n<div> \t&nbsp;<\/div>\n<div> \tPara finalizar la cumbre se hizo un ritual donde tomamos una ofrenda de las que estaban alrededor de la tulpa y la lanzamos al fuego y agradeciendo a los esp\u00edritus que nos acompa\u00f1aron en esta semana, insistiendo siempre en que la tarea de nuestros pueblos es resistir desde la espiritualidad guiada por el padre fuego.<\/div>\n<div> \t&nbsp;<\/div>\n<div> \t<span style=\"color:#000000;\"><strong>Tejido de Comunicaci\u00f3n &#8211; ACIN<\/strong><\/span><\/div>\n<div> \t&nbsp;<\/div>\n<div> \t&nbsp;<\/div>\n","protected":false},"excerpt":{"rendered":"<p>En la reciente cumbre continental de los pueblos ind\u00edgenas del Abya Yala, que se realiz\u00f3 del 10 al 15 de noviembre de 2013, en el resguardo ind\u00edgena de la Mar\u00eda Piendam\u00f3 Cauca, [&hellip;]<\/p>\n","protected":false},"author":2,"featured_media":6691,"comment_status":"open","ping_status":"open","sticky":false,"template":"","format":"standard","meta":[],"categories":[73],"tags":[],"_links":{"self":[{"href":"https:\/\/tejidohistorico.afrodescendientes.com\/index.php\/wp-json\/wp\/v2\/posts\/6692"}],"collection":[{"href":"https:\/\/tejidohistorico.afrodescendientes.com\/index.php\/wp-json\/wp\/v2\/posts"}],"about":[{"href":"https:\/\/tejidohistorico.afrodescendientes.com\/index.php\/wp-json\/wp\/v2\/types\/post"}],"author":[{"embeddable":true,"href":"https:\/\/tejidohistorico.afrodescendientes.com\/index.php\/wp-json\/wp\/v2\/users\/2"}],"replies":[{"embeddable":true,"href":"https:\/\/tejidohistorico.afrodescendientes.com\/index.php\/wp-json\/wp\/v2\/comments?post=6692"}],"version-history":[{"count":0,"href":"https:\/\/tejidohistorico.afrodescendientes.com\/index.php\/wp-json\/wp\/v2\/posts\/6692\/revisions"}],"wp:featuredmedia":[{"embeddable":true,"href":"https:\/\/tejidohistorico.afrodescendientes.com\/index.php\/wp-json\/wp\/v2\/media\/6691"}],"wp:attachment":[{"href":"https:\/\/tejidohistorico.afrodescendientes.com\/index.php\/wp-json\/wp\/v2\/media?parent=6692"}],"wp:term":[{"taxonomy":"category","embeddable":true,"href":"https:\/\/tejidohistorico.afrodescendientes.com\/index.php\/wp-json\/wp\/v2\/categories?post=6692"},{"taxonomy":"post_tag","embeddable":true,"href":"https:\/\/tejidohistorico.afrodescendientes.com\/index.php\/wp-json\/wp\/v2\/tags?post=6692"}],"curies":[{"name":"wp","href":"https:\/\/api.w.org\/{rel}","templated":true}]}}