{"id":6720,"date":"2013-11-26T21:47:08","date_gmt":"2013-11-26T21:47:08","guid":{"rendered":"http:\/\/www2.nasaacin.org\/index.php\/2013\/11\/26\/ataque-cibernetico-contra-el-polo-democratico-alternativo\/"},"modified":"2013-11-26T21:47:08","modified_gmt":"2013-11-26T21:47:08","slug":"ataque-cibernetico-contra-el-polo-democratico-alternativo","status":"publish","type":"post","link":"https:\/\/tejidohistorico.afrodescendientes.com\/index.php\/2013\/11\/26\/ataque-cibernetico-contra-el-polo-democratico-alternativo\/","title":{"rendered":"Ataque cibern\u00e9tico contra el Polo Democr\u00e1tico Alternativo"},"content":{"rendered":"<div> \tEl portal web del Polo Democr\u00e1tico Alternativo, www.polodemocratico.net, viene siendo objeto de reiterados ataques cibern\u00e9ticos iniciados el pasado domingo 24 de noviembre, los cuales contin\u00faan en forma persistente hasta el punto de que hoy volvieron a sacar nuestra p\u00e1gina de la red. Simult\u00e1neamente se ha producido una suplantaci\u00f3n de nombres mediante un anuncio pago en Google denominado \u201cNoticias Polo Democr\u00e1tico &#8211; www.pulzo.com\u201d, el cual luce una marca amarilla que lo identifica como una prioridad paga en ese buscador de internet. Al hacer click en esa entrada con suplantaci\u00f3n del nombre del Polo Democr\u00e1tico, se env\u00eda a una p\u00e1gina denominada \u201cPulzo\u201d que presenta fotograf\u00edas del presidente Santos y su exministro Vargas Lleras, con el siguiente mensaje: \u201cEvaluar\u00e1n papel de la Fundaci\u00f3n Buen Gobierno en la Reelecci\u00f3n de Santos\u201d.<\/div>\n<p>  <!--more-->  <\/p>\n<div> \t&nbsp;<\/div>\n<div> \tEl ataque cibern\u00e9tico y la suplantaci\u00f3n de nombres van encaminados a iniciar una guerra sucia contra nuestro partido, que rechazamos y que estamos poniendo en conocimiento de la Fiscal\u00eda para la investigaci\u00f3n correspondiente. &nbsp; &nbsp; &nbsp;<\/div>\n<div> \tCabe anotar que este portal web del Polo Democr\u00e1tico cuenta con el m\u00e1s alto tr\u00e1fico de visitas mensuales en comparaci\u00f3n con los del resto de los otros partidos pol\u00edticos en Colombia.<\/div>\n<div> \t&nbsp;<\/div>\n<div> \tEn promedio son 145 mil visitas mensuales las que registra esta p\u00e1gina interactiva en la red, la cual adem\u00e1s es la \u00fanica en Colombia que difunde el pensamiento cr\u00edtico y alternativo de Am\u00e9rica Latina y el mundo.<\/div>\n<div> \t&nbsp;<\/div>\n<div> \tLos ataques cibern\u00e9ticos de los que estamos siendo objeto no tienen m\u00e1s prop\u00f3sito que silenciar la voz del \u00fanico partido de oposici\u00f3n en Colombia.<\/div>\n<div> \t&nbsp;<\/div>\n<div> \tAdjuntamos a la presente las im\u00e1genes de los pantallazos con la suplantaci\u00f3n del nombre del Polo Democr\u00e1tico por un aviso pago de www.pulzo.com y de la imagen que colocan en nuestro portal web una vez la hackean.<\/div>\n<div> \t&nbsp;<\/div>\n<div> \tBogot\u00e1, 26 de noviembre de 2013.<\/div>\n<div> \t&nbsp;<\/div>\n<div> \tPolo Democr\u00e1tico Alternativo<\/div>\n<div> \tClara L\u00f3pez Obreg\u00f3n<\/div>\n<div> \tS\u00edguenos en: @PoloDemocratico @ClaraLopezObre<\/div>\n","protected":false},"excerpt":{"rendered":"<p>El portal web del Polo Democr\u00e1tico Alternativo, www.polodemocratico.net, viene siendo objeto de reiterados ataques cibern\u00e9ticos iniciados el pasado domingo 24 de noviembre, los cuales contin\u00faan en forma persistente hasta el punto de [&hellip;]<\/p>\n","protected":false},"author":2,"featured_media":0,"comment_status":"open","ping_status":"open","sticky":false,"template":"","format":"standard","meta":[],"categories":[61],"tags":[],"_links":{"self":[{"href":"https:\/\/tejidohistorico.afrodescendientes.com\/index.php\/wp-json\/wp\/v2\/posts\/6720"}],"collection":[{"href":"https:\/\/tejidohistorico.afrodescendientes.com\/index.php\/wp-json\/wp\/v2\/posts"}],"about":[{"href":"https:\/\/tejidohistorico.afrodescendientes.com\/index.php\/wp-json\/wp\/v2\/types\/post"}],"author":[{"embeddable":true,"href":"https:\/\/tejidohistorico.afrodescendientes.com\/index.php\/wp-json\/wp\/v2\/users\/2"}],"replies":[{"embeddable":true,"href":"https:\/\/tejidohistorico.afrodescendientes.com\/index.php\/wp-json\/wp\/v2\/comments?post=6720"}],"version-history":[{"count":0,"href":"https:\/\/tejidohistorico.afrodescendientes.com\/index.php\/wp-json\/wp\/v2\/posts\/6720\/revisions"}],"wp:attachment":[{"href":"https:\/\/tejidohistorico.afrodescendientes.com\/index.php\/wp-json\/wp\/v2\/media?parent=6720"}],"wp:term":[{"taxonomy":"category","embeddable":true,"href":"https:\/\/tejidohistorico.afrodescendientes.com\/index.php\/wp-json\/wp\/v2\/categories?post=6720"},{"taxonomy":"post_tag","embeddable":true,"href":"https:\/\/tejidohistorico.afrodescendientes.com\/index.php\/wp-json\/wp\/v2\/tags?post=6720"}],"curies":[{"name":"wp","href":"https:\/\/api.w.org\/{rel}","templated":true}]}}