{"id":6723,"date":"2013-11-27T16:16:13","date_gmt":"2013-11-27T16:16:13","guid":{"rendered":"http:\/\/www2.nasaacin.org\/index.php\/2013\/11\/27\/defendemos-desde-la-conciencia-escuela-de-kiwe-tegnas-en-la-defensa-de-la-vida-y-el-territorio\/"},"modified":"2013-11-27T16:16:13","modified_gmt":"2013-11-27T16:16:13","slug":"defendemos-desde-la-conciencia-escuela-de-kiwe-tegnas-en-la-defensa-de-la-vida-y-el-territorio","status":"publish","type":"post","link":"https:\/\/tejidohistorico.afrodescendientes.com\/index.php\/2013\/11\/27\/defendemos-desde-la-conciencia-escuela-de-kiwe-tegnas-en-la-defensa-de-la-vida-y-el-territorio\/","title":{"rendered":"Defendemos desde la conciencia, Escuela de Kiwe Tegnas en la defensa de la vida y el territorio"},"content":{"rendered":"<p style=\"text-align: justify;\"> \tEl Tejido de Comunicaci\u00f3n realiz\u00f3 una muestra de video clips y documentales en el marco de la Escuela de Formaci\u00f3n de Kiwe Tegnas que se llev\u00f3 a cabo del 19 al 21 de noviembre en la finca Gualanday del cabildo de Muchique. Esta muestra se llev\u00f3 a cabo con el \u00e1nimo de reflexionar frente a la Minga, sus logros y desaciertos y las problem\u00e1ticas como la miner\u00eda y los TLC.<\/p>\n<p>  <!--more-->  <\/p>\n<p style=\"text-align: justify;\"> \tEsta escuela de formaci\u00f3n tiene como objetivo capacitar a 300 Kiwe Tegnas del norte del Cauca y se dividir\u00e1 en dos grupos. \u201cHoy nos encontramos 150 guardias de 11 territorios, pr\u00f3ximamente nos reuniremos con el otro grupo en el centro comunitario El P\u00edlamo del resguardo de L\u00f3pez Adentro\u201d Manifest\u00f3 uno de los compa\u00f1eros guardias.<\/p>\n<p style=\"text-align: justify;\"> \t\u201cPrecisamente, este espacio es para debatir puntos como el TLC, la miner\u00eda, la militarizaci\u00f3n de los territorios, el narcotr\u00e1fico y todas esas problem\u00e1ticas que le duelen a la comunidad y la Madre Tierra porque nosotros vamos a las movilizaciones, ponemos el pecho y es a la guardia quien siempre est\u00e1 al frente, pero no s\u00e9 hasta qu\u00e9 punto tengamos esa claridad en el pensamiento y es esta claridad la que buscamos con esta escuela, porque muchas veces hay incoherencias. Preguntarnos \u00bfporque somos Kiwe Tegnas? En la Minga ve\u00edamos estas incoherencias, mientras le decimos NO al TLC, en las cocinas ten\u00edan la bandera de Estados Unidos en el aceite, en el arroz, etc. Es esto lo que nosotros como Kiwe Tegnas queremos llevar al debate en estos espacios, para ayudar a los l\u00edderes cuando se est\u00e9n yendo por el camino equivocado\u201d. Manifest\u00f3 uno de los organizadores de la escuela.<\/p>\n<p style=\"text-align: justify;\"> \t\u201cEl Nasa sin comida no tiene fuerza para la lucha, pero si se prepara desde la casa, en el Tul propio puede resistir pol\u00edtica y econ\u00f3micamente. En esta Minga muchos se enfermaban y no era por nada m\u00e1s que por lo que com\u00edamos, pues nos pusieron el TLC en la comida, ah\u00ed perdemos fuerza pues eso viene contaminado\u201d. Manifest\u00f3 un compa\u00f1ero Kiwe Tegna.<\/p>\n<p style=\"text-align: justify;\"> \tEn esta Minga lo que negociamos en su gran mayor\u00eda fueron recursos econ\u00f3micos y si no los logramos manejar van a terminar dividi\u00e9ndonos. En este sentido, los debates y la reflexi\u00f3n de temas de fondo no har\u00e1 posible las estrategias de divisi\u00f3n del gobierno, \u201cporque nos hemos vuelto de mano larga, s\u00f3lo pidiendo. Un ejemplo claro de divisi\u00f3n es Familias en Acci\u00f3n, de hecho es el \u00fanico programa que re\u00fane a la gente\u201d dijo otro de los participantes de la escuela.<\/p>\n<p style=\"text-align: justify;\"> \tMientras tanto los otros puntos \u201cintocables\u201d de la agenda de la Minga siguen intactos, el TLC y unido a \u00e9ste la miner\u00eda. \u201cPara qu\u00e9 la vida sin territorio, ese es el sentir de ser guardia, porque est\u00e1 en defensa de la vida y el territorio. Cuando hablamos de vida no s\u00f3lo nos referimos a las vidas personales \u2013a pesar de la represi\u00f3n del estado\u2013 es la vida de la tierra, de los arboles, los r\u00edos y ese \u00e1rbol que est\u00e1n tumbando y ese r\u00edo que contaminan es una vida menos para nuestros hijos. Estamos dejando todo el territorio saqueado y destruido. Decimos no a la miner\u00eda, a las multinacionales, pero nosotros mismos estamos da\u00f1ando nuestro territorio y nosotros como guardias tenemos que estar en la capacidad para confrontar a nuestra propia comunidad y representantes, no a la fuerza sino con el pensamiento, somos defensores desde la conciencia para no auto destruirnos\u201d afirm\u00f3 otro compa\u00f1ero guardia.<\/p>\n<p style=\"text-align: justify;\"> \tEl objetivo de esta escuela es entonces plantear debates de los temas de fondo para que, como Kiwe Tegnas, ayudar a las autoridades y llevar los temas y las reflexiones a nuestras comunidades. Los videoforos ayudan entonces a fortalecer estos espacios pues en estos se busca la participaci\u00f3n de todos y todas. &nbsp;<br \/> \t&nbsp;<\/p>\n<p style=\"text-align: justify;\"> \t<strong>Tejido de Comunicaci\u00f3n -ACIN<\/strong><\/p>\n","protected":false},"excerpt":{"rendered":"<p>El Tejido de Comunicaci\u00f3n realiz\u00f3 una muestra de video clips y documentales en el marco de la Escuela de Formaci\u00f3n de Kiwe Tegnas que se llev\u00f3 a cabo del 19 al 21 [&hellip;]<\/p>\n","protected":false},"author":2,"featured_media":6722,"comment_status":"open","ping_status":"open","sticky":false,"template":"","format":"standard","meta":[],"categories":[73],"tags":[],"_links":{"self":[{"href":"https:\/\/tejidohistorico.afrodescendientes.com\/index.php\/wp-json\/wp\/v2\/posts\/6723"}],"collection":[{"href":"https:\/\/tejidohistorico.afrodescendientes.com\/index.php\/wp-json\/wp\/v2\/posts"}],"about":[{"href":"https:\/\/tejidohistorico.afrodescendientes.com\/index.php\/wp-json\/wp\/v2\/types\/post"}],"author":[{"embeddable":true,"href":"https:\/\/tejidohistorico.afrodescendientes.com\/index.php\/wp-json\/wp\/v2\/users\/2"}],"replies":[{"embeddable":true,"href":"https:\/\/tejidohistorico.afrodescendientes.com\/index.php\/wp-json\/wp\/v2\/comments?post=6723"}],"version-history":[{"count":0,"href":"https:\/\/tejidohistorico.afrodescendientes.com\/index.php\/wp-json\/wp\/v2\/posts\/6723\/revisions"}],"wp:featuredmedia":[{"embeddable":true,"href":"https:\/\/tejidohistorico.afrodescendientes.com\/index.php\/wp-json\/wp\/v2\/media\/6722"}],"wp:attachment":[{"href":"https:\/\/tejidohistorico.afrodescendientes.com\/index.php\/wp-json\/wp\/v2\/media?parent=6723"}],"wp:term":[{"taxonomy":"category","embeddable":true,"href":"https:\/\/tejidohistorico.afrodescendientes.com\/index.php\/wp-json\/wp\/v2\/categories?post=6723"},{"taxonomy":"post_tag","embeddable":true,"href":"https:\/\/tejidohistorico.afrodescendientes.com\/index.php\/wp-json\/wp\/v2\/tags?post=6723"}],"curies":[{"name":"wp","href":"https:\/\/api.w.org\/{rel}","templated":true}]}}