{"id":681,"date":"2010-09-15T22:59:34","date_gmt":"2010-09-15T22:59:34","guid":{"rendered":"http:\/\/www2.nasaacin.org\/index.php\/2010\/09\/15\/condena-al-ejercito-colombiano-como-autores-materiales-del-asesinato-de-edwin-legarda-vasquez\/"},"modified":"2010-09-15T22:59:34","modified_gmt":"2010-09-15T22:59:34","slug":"condena-al-ejercito-colombiano-como-autores-materiales-del-asesinato-de-edwin-legarda-vasquez","status":"publish","type":"post","link":"https:\/\/tejidohistorico.afrodescendientes.com\/index.php\/2010\/09\/15\/condena-al-ejercito-colombiano-como-autores-materiales-del-asesinato-de-edwin-legarda-vasquez\/","title":{"rendered":"Condena al ej\u00e9rcito colombiano como autores materiales del asesinato de Edwin Legarda V\u00e1squez"},"content":{"rendered":"<p>21 meses despu\u00e9s del asesinato de Jos\u00e9 Edwin Legarda V\u00e1squez, Comunero  del resguardo ind\u00edgena Pickwe Tha\u00a0 Fxiw, el Juez Segundo Penal de  Circuito Especializado de Popay\u00e1n emiti\u00f3 fallo condenatorio contra los  integrantes del pelot\u00f3n Gale\u00f3n No. 7 adscrito al Batall\u00f3n JOS\u00c9 HILARIO  L\u00d3PEZ del Ejercito Nacional.<\/p>\n<p>  <!--more-->  <\/p>\n<p>\u00a0<\/p>\n<p>\u00a0<\/p>\n<div><strong>CABILDO INDIGENA PICKWE THA FXIW<\/strong><br \/><strong>Resoluci\u00f3n No. 012 22 de julio 2003,\u00a0 Nit: 817006138_9<\/strong><br \/><strong>Itaibe P\u00e1ez Cauca<\/strong><\/div>\n<p>Un paso adelante contra la impunidad:<\/p>\n<p><strong>Condena a soldados y suboficiales del ej\u00e9rcito colombiano como autores materiales del asesinato de Edwin Legarda V\u00e1squez.<br \/>21  meses despu\u00e9s del asesinato de Jos\u00e9 Edwin Legarda V\u00e1squez, Comunero del  resguardo ind\u00edgena Pickwe Tha\u00a0 Fxiw, el Juez Segundo Penal de Circuito  Especializado de Popay\u00e1n emiti\u00f3 fallo condenatorio contra los  integrantes del pelot\u00f3n Gale\u00f3n No. 7 adscrito al Batall\u00f3n JOS\u00c9 HILARIO  L\u00d3PEZ del Ejercito Nacional.<\/strong><\/p>\n<p><strong>HECHOS: <\/strong>Jos\u00e9 Edwin Legarda V\u00e1squez sufri\u00f3 una  emboscada en el sitio San Pedro, corregimiento de Gabriel L\u00f3pez,  territorio del pueblo Totor\u00f3, departamento del Cauca, cuando se dirig\u00eda a  la ciudad de Popay\u00e1n donde recoger\u00eda a los integrantes de la\u00a0  Consejer\u00eda Mayor del Consejo Regional Ind\u00edgena del Cauca \u2013CRIC-, entre  ellos a su esposa AIDA MARINA QUILQUE VIVAS, quien recientemente hab\u00eda  regresado de Ginebra, donde particip\u00f3 en el examen peri\u00f3dico universal  de Naciones Unidas sobre Colombia en materia de Derechos Humanos. De  Popay\u00e1n viajar\u00edan al resguardo ind\u00edgena de Togoima, situado en el  Municipio de P\u00e1ez, con el objetivo de asistir a la Junta Directiva  Regional de Cabildos ind\u00edgenas del Cauca<\/p>\n<p>El homicidio de nuestro comunero\u00a0 EDWIN LEGARDA constituye una  clara agresi\u00f3n y represi\u00f3n contra el movimiento ind\u00edgena como qued\u00f3  demostrado en el proceso de investigaci\u00f3n donde\u00a0 las autoridades y la  guardia ind\u00edgena\u00a0 identificaron oportunamente los responsables del  crimen, contribuyendo a la recolecci\u00f3n de pruebas que fueron entregadas a  la\u00a0 de la Fiscal\u00eda General de la Naci\u00f3n y a la representaci\u00f3n de las  v\u00edctimas.<\/p>\n<p><strong>EL FALLO:<\/strong> El desarrollo de las audiencias p\u00fablicas  permiti\u00f3 la presentaci\u00f3n de pruebas orales y t\u00e9cnicas por parte de la  fiscal\u00eda\u00a0 Unidad de DH y DIH y representaci\u00f3n de victimas\u00a0 con las  cuales la Juez del Juzgado Segundo Penal del Circuito Especializado de  Popay\u00e1n emiti\u00f3 fallo condenatorio, como responsables de homicidio en  persona protegida, contra: Alexis Ram\u00edrez Vivas, sargento viceprimero;  Javier Alonso Osorio D\u00edaz, cabo tercero; y los soldados profesionales  Lisandro Caicedo Obando, Javier Francisco Belalc\u00e1zar Troches, Numar  Armido Muitr\u00f3n Cabezas y William Weimar Lemeche Hurtado militares  activos a la fecha del crimen.<br \/>Cada uno de los militares encontrado  culpable fue condenado a 480 meses de prisi\u00f3n, 240 meses de  inhabilitaci\u00f3n para ocupar cargos p\u00fablicos y una multa de 2666 salarios  m\u00ednimos legales vigentes<\/p>\n<p><strong>AGRADECIMIENTOS:<\/strong> Los comuneros\u00a0 de nuestro  resguardo,\u00a0 la guardia ind\u00edgena, autoridades tradicionales\u00a0 y\u00a0  agradecemos a quienes de manera decidida hicieron su acompa\u00f1amiento  durante la Audiencia de Juzgamiento y su exigencia de justicia,\u00a0 a las  organizaciones sociales y organizaciones de Mujeres, a los organismos de  DH, comunidad internacional en especial a los observadores  internacionales pertenecientes a organizaciones Defensoras de los  Derechos Humanos, entre ellas Abogados sin frontera, Quebec-ASQ- quienes  adem\u00e1s han informado que continuar\u00e1n el monitoreo para que se garantice  el respeto a los derechos de las v\u00edctimas y se les brinden todas las  garant\u00edas\u00a0 que\u00a0 por derecho constitucional y mandatos internacionales  les pertenecen.<\/p>\n<p>Este fallo, si\u00a0 bien ha sido un paso adelante contra la impunidad  al condenar a soldados y suboficiales del ej\u00e9rcito\u00a0 colombiano como  autores materiales del asesinato de Jos\u00e9 Edwin Legarda V\u00e1squez,  integrante de la Minga de Resistencia Social y Comunitaria, no logr\u00f3  avanzar en la identificaci\u00f3n de los autores intelectuales, como fue  nuestro requerimiento desde el momento de los hechos , lo que nos obliga  a iniciar acciones en el \u00e1mbito internacional.<\/p>\n<p>Lamentamos la actuaci\u00f3n del ministerio p\u00fablico que en este asunto  fuera representado por el agente especial procurador delegado Dr. Mej\u00eda  Yusti, quien durante todo el juicio fue desconsiderado y agresivo contra  las victimas Aida Quilcue y su hija Mayerly Legarda, se puso a favor  del Ej\u00e9rcito Nacional y sent\u00f3 su posici\u00f3n asegurando que en este tipo de  asuntos deber\u00eda conocer la justicia penal militar y no ajusticia  ordinaria como lo ha dejado claro la jurisprudencia nacional y en la  audiencia de condena presento Recurso de Apelaci\u00f3n.<\/p>\n<p>De la misma manera cuestionamos la actuaci\u00f3n del\u00a0 Ej\u00e9rcito Nacional  que a trav\u00e9s de sus miembros mantuvo operativos intimidatorios durante  el desarrollo de las <br \/>Para nosotros, como familiares, comuneros y  Autoridades Tradicionales Ind\u00edgenas, identificar y condenar a los  responsables intelectuales de este crimen continuar\u00e1 siendo compromiso  irrenunciable en la b\u00fasqueda de la justicia y la armonizaci\u00f3n social.\u00a0 <\/p>\n<p><strong>Pickwe Tha Fxiw Itabe P\u00e1ez <\/strong>14 de Septiembre de 2010<\/p>\n<p><strong> <\/strong><\/p>\n","protected":false},"excerpt":{"rendered":"<p>21 meses despu\u00e9s del asesinato de Jos\u00e9 Edwin Legarda V\u00e1squez, Comunero del resguardo ind\u00edgena Pickwe Tha\u00a0 Fxiw, el Juez Segundo Penal de Circuito Especializado de Popay\u00e1n emiti\u00f3 fallo condenatorio contra los integrantes [&hellip;]<\/p>\n","protected":false},"author":1,"featured_media":0,"comment_status":"open","ping_status":"open","sticky":false,"template":"","format":"standard","meta":[],"categories":[3],"tags":[],"_links":{"self":[{"href":"https:\/\/tejidohistorico.afrodescendientes.com\/index.php\/wp-json\/wp\/v2\/posts\/681"}],"collection":[{"href":"https:\/\/tejidohistorico.afrodescendientes.com\/index.php\/wp-json\/wp\/v2\/posts"}],"about":[{"href":"https:\/\/tejidohistorico.afrodescendientes.com\/index.php\/wp-json\/wp\/v2\/types\/post"}],"author":[{"embeddable":true,"href":"https:\/\/tejidohistorico.afrodescendientes.com\/index.php\/wp-json\/wp\/v2\/users\/1"}],"replies":[{"embeddable":true,"href":"https:\/\/tejidohistorico.afrodescendientes.com\/index.php\/wp-json\/wp\/v2\/comments?post=681"}],"version-history":[{"count":0,"href":"https:\/\/tejidohistorico.afrodescendientes.com\/index.php\/wp-json\/wp\/v2\/posts\/681\/revisions"}],"wp:attachment":[{"href":"https:\/\/tejidohistorico.afrodescendientes.com\/index.php\/wp-json\/wp\/v2\/media?parent=681"}],"wp:term":[{"taxonomy":"category","embeddable":true,"href":"https:\/\/tejidohistorico.afrodescendientes.com\/index.php\/wp-json\/wp\/v2\/categories?post=681"},{"taxonomy":"post_tag","embeddable":true,"href":"https:\/\/tejidohistorico.afrodescendientes.com\/index.php\/wp-json\/wp\/v2\/tags?post=681"}],"curies":[{"name":"wp","href":"https:\/\/api.w.org\/{rel}","templated":true}]}}