{"id":7010,"date":"2014-02-06T19:29:57","date_gmt":"2014-02-06T19:29:57","guid":{"rendered":"http:\/\/www2.nasaacin.org\/index.php\/2014\/02\/06\/cauca-mientras-avance-el-plan-de-muerte-no-tendremos-un-territorito-libre\/"},"modified":"2014-02-06T19:29:57","modified_gmt":"2014-02-06T19:29:57","slug":"cauca-mientras-avance-el-plan-de-muerte-no-tendremos-un-territorito-libre","status":"publish","type":"post","link":"https:\/\/tejidohistorico.afrodescendientes.com\/index.php\/2014\/02\/06\/cauca-mientras-avance-el-plan-de-muerte-no-tendremos-un-territorito-libre\/","title":{"rendered":"Cauca: Mientras avance el plan de muerte no tendremos un territorio libre"},"content":{"rendered":"<div> \t<\/div>\n<div> \tLa comunidad del resguardo de Huellas \u2013 Caloto, va a realizar una asamblea el d\u00eda lunes 10 de febrero en la vereda El Nilo para hablar el tema de la miner\u00eda. \u201cLa miner\u00eda poco a poco ha llegado a nuestro territorio, antes escuch\u00e1bamos este tema en Canoas y Muchique los Tigres y ahora se est\u00e1 presentando en nuestro resguardo. Se ha permitido la entrada de maquinar\u00eda al r\u00edo Palo para hacer la explotaci\u00f3n de oro\u201d, expres\u00f3 muy preocupado el gobernador ind\u00edgena de Huellas.<\/div>\n<p>  <!--more-->  <\/p>\n<div> \t&nbsp;<\/div>\n<div> \tHay mandatos donde las comunidades han debatido el tema de la miner\u00eda y han dicho un No rotundo a la miner\u00eda. Haciendo cumplimiento de la defensa del territorio, las comunidades ya han hecho acciones de control territorial frente a la miner\u00eda, como ha sido los casos de <a href=\"http:\/\/www.nasaacin.org\/informativo-nasaacin\/nuestra-palabra-kueta-susuza-2013\/6645-luchar-sin-armas-control-territorial-en-el-resguardo-de-muchique-los-tigres-cauca\" target=\"_blank\" rel=\"noopener noreferrer\">Canoas y Munchique y recientemente en el resguardo de Huellas<\/a> que junto con la comunidad afro desalojaron la maquinar\u00eda. \u201cLas comunidades mandatan y luego, si la comunidad avala la entrada de la maquinaria, estamos en una contradicci\u00f3n con las mismas comunidades. Por eso se ha programado la asamblea para el d\u00eda lunes 10 de febrero, para que sea la misma comunidad la que diga s\u00ed se permite la miner\u00eda en el territorio o se ratifican los mandatos\u201d, coment\u00f3 Abel Coicu\u00e9, gobernador ind\u00edgena de Huellas.<\/div>\n<div> \t&nbsp;<\/div>\n<div> \tEn esta asamblea participar\u00e1n dos representantes del Tolima, quienes contar\u00e1n a la comunidad, el problema de la miner\u00eda en Colombia con el caso m\u00e1s espec\u00edfico, el proyecto minero <a href=\"http:\/\/www.nasaacin.org\/informativo-nasaacin\/contexto-colombiano\/6305-tolima-informar-a-la-comunidad-para-defender-la-vida\" target=\"_blank\" rel=\"noopener noreferrer\">La Colosa en Cajamarca &#8211; Tolima<\/a>, donde AngloGold Ashanti est\u00e1 imponiendo en este departamento. Como dice el eslogan, \u201cS\u00ed paramos la Colosa, paramos cualquier cosa\u201d, ha sido una lucha constante la de las comunidades del Tolima hacerle frente a este proyecto minero ambicioso, que pretende acabar con la agricultura que hacen sus campesinos y acabar con las majestuosas monta\u00f1as que brotan agua y vida para Colombia.<\/div>\n<div> \t&nbsp;<\/div>\n<div> \tPara que la comunidad tome una decisi\u00f3n coherente en proteger y cuidar la Madre Tierra, debe informarse de todo lo que implica la extracci\u00f3n de los recursos naturales y se debe saber qui\u00e9nes est\u00e1n detr\u00e1s de las multinacionales y qui\u00e9nes son las que est\u00e1n entrando a los territorios imponiendo leyes a su favor para adue\u00f1arse de la vida toda. \u201cQue nos cuente cu\u00e1l es la problem\u00e1tica que est\u00e1n viviendo, cu\u00e1l es el impacto ambiental, cu\u00e1les han sido las consecuencias que han tenido por defender el territorio y cu\u00e1l ha sido la descomposici\u00f3n social que se ha generado. Experiencias nacionales y locales para que entre todos miremos y reflexionemos y se pueda tomar una decisi\u00f3n consiente\u201d.<\/div>\n<div> \t&nbsp;<\/div>\n<div> \tUn problema grande de la miner\u00eda es que acaba con el agua, o sea con la vida, donde hay ojos de agua, se desaparecen porque tumban las monta\u00f1as y gastan en demasiada cantidad en la extracci\u00f3n del mineral. \u201cD\u00eda tras d\u00eda la poblaci\u00f3n va aumentando y necesitamos el agua, y si nosotros no cuidamos el agua pues nuestros hijos van a sufrir. Hoy estamos mirando el factor econ\u00f3mico y no estamos mirando qu\u00e9 territorio le estamos dejando a nuestros hijos con la miner\u00eda. Debemos de cuidar la Madre Tierra porque ah\u00ed est\u00e1 todo. Por qu\u00e9 se est\u00e1 dando el cambio clim\u00e1tico, por nosotros mismos, porque estamos contaminando\u201d.<\/div>\n<div> \t&nbsp;<\/div>\n<div> \tAl cabildo le ha sido dif\u00edcil gestionar proyectos econ\u00f3micos para ayudar a suplir necesidades de las comunidades porque hay demasiados problemas y solicitudes que atender en el resguardo, problemas que no se alcanzan a resolver durante el a\u00f1o. Hay proyectos econ\u00f3micos rotatorios que se han entregado a las comunidades y algunos no han dado resultado. La idea es seguir buscando alternativas para suplir las necesidades y siendo respetuosos con la madre tierra. \u201cEn estos tiempos es dif\u00edcil vivir como lo hac\u00edan nuestros abuelos, que no necesitaban del dinero, siempre hac\u00edan trueque. Pero lo importantes es no olvidar sus pr\u00e1cticas ancestrales, las de seguir cultivando siempre la comida y de ense\u00f1arles a los ni\u00f1os y j\u00f3venes que no se olviden sembrar la tierra\u201d.<\/div>\n<div> \t&nbsp;<\/div>\n<div> \tEl Pueblo Nasa ha venido liderando grandes movilizaciones por la defensa de la vida y el respeto al territorio, denunciando las pol\u00edticas de los gobiernos que est\u00e1n exterminando a los pueblos en resistencia. <a href=\"http:\/\/www.nasaacin.org\/informativo-nasaacin\/3-newsflash\/6401-la-minga-seguir%C3%A1-emergiendo-desde-los-territorios-en-contra-del-modelo-de-muerte\/\" target=\"_blank\" rel=\"noopener noreferrer\">En octubre del 2013 las organizaci\u00f3n ind\u00edgena present\u00f3 una agenda<\/a>, donde solo se negociaron tres puntos con el gobierno: Territorio; Autonom\u00eda y Gobernabilidad; Derechos Humanos, Conflicto Armado y Paz. Y quedaron pendientes dos temas de fondo: Sector Minero Energ\u00e9tico y Tratados de Libre Comercio y Pol\u00edtica Agraria. \u201cEn ese sentido estoy muy preocupado, porque se est\u00e1n negociando lo econ\u00f3mico, y por lo econ\u00f3mico nos van a dividir, en la minga pasada se mir\u00f3 solamente lo econ\u00f3mico y que es eso lo que est\u00e1n tratando en las mesas de concertaci\u00f3n con el gobierno. Los TLC que se han firmado, la miner\u00eda, el conflicto armado y otros problemas de fondo no se han mirado, si nosotros no tocamos esos temas no vamos a tener un territorito libre. Porque se miran, se proponen, como para motivar a la gente que salga a las marchas y la gente participa y terminan negociando otras cosas, no se debe enga\u00f1ar a la gente, hay l\u00edderes que se est\u00e1n desviando, y decirlo es un problema. En mi periodo que voy a estar de gobernador, es darle mucho la palabra a la comunidad porque son ellos los que est\u00e1n viviendo la realidad y lo que uno hace es guiar y trabajar sobre lo que ellos est\u00e1n manifestando\u201d.<\/div>\n<div> \t&nbsp;<\/div>\n<div> \t<strong>Tejido de Comunicaci\u00f3n y Relaciones Externas para la Verdad y la Vida<\/strong><\/div>\n<div> \t&nbsp;<\/div>\n","protected":false},"excerpt":{"rendered":"<p>La comunidad del resguardo de Huellas \u2013 Caloto, va a realizar una asamblea el d\u00eda lunes 10 de febrero en la vereda El Nilo para hablar el tema de la miner\u00eda. \u201cLa [&hellip;]<\/p>\n","protected":false},"author":2,"featured_media":5568,"comment_status":"open","ping_status":"open","sticky":false,"template":"","format":"standard","meta":[],"categories":[73],"tags":[],"_links":{"self":[{"href":"https:\/\/tejidohistorico.afrodescendientes.com\/index.php\/wp-json\/wp\/v2\/posts\/7010"}],"collection":[{"href":"https:\/\/tejidohistorico.afrodescendientes.com\/index.php\/wp-json\/wp\/v2\/posts"}],"about":[{"href":"https:\/\/tejidohistorico.afrodescendientes.com\/index.php\/wp-json\/wp\/v2\/types\/post"}],"author":[{"embeddable":true,"href":"https:\/\/tejidohistorico.afrodescendientes.com\/index.php\/wp-json\/wp\/v2\/users\/2"}],"replies":[{"embeddable":true,"href":"https:\/\/tejidohistorico.afrodescendientes.com\/index.php\/wp-json\/wp\/v2\/comments?post=7010"}],"version-history":[{"count":0,"href":"https:\/\/tejidohistorico.afrodescendientes.com\/index.php\/wp-json\/wp\/v2\/posts\/7010\/revisions"}],"wp:featuredmedia":[{"embeddable":true,"href":"https:\/\/tejidohistorico.afrodescendientes.com\/index.php\/wp-json\/wp\/v2\/media\/5568"}],"wp:attachment":[{"href":"https:\/\/tejidohistorico.afrodescendientes.com\/index.php\/wp-json\/wp\/v2\/media?parent=7010"}],"wp:term":[{"taxonomy":"category","embeddable":true,"href":"https:\/\/tejidohistorico.afrodescendientes.com\/index.php\/wp-json\/wp\/v2\/categories?post=7010"},{"taxonomy":"post_tag","embeddable":true,"href":"https:\/\/tejidohistorico.afrodescendientes.com\/index.php\/wp-json\/wp\/v2\/tags?post=7010"}],"curies":[{"name":"wp","href":"https:\/\/api.w.org\/{rel}","templated":true}]}}