{"id":7011,"date":"2014-02-07T17:47:46","date_gmt":"2014-02-07T17:47:46","guid":{"rendered":"http:\/\/www2.nasaacin.org\/index.php\/2014\/02\/07\/el-impulso-familiar-mapuche-para-el-levantamiento-de-una-ruka-escuela-en-la-cordillera\/"},"modified":"2014-02-07T17:47:46","modified_gmt":"2014-02-07T17:47:46","slug":"el-impulso-familiar-mapuche-para-el-levantamiento-de-una-ruka-escuela-en-la-cordillera","status":"publish","type":"post","link":"https:\/\/tejidohistorico.afrodescendientes.com\/index.php\/2014\/02\/07\/el-impulso-familiar-mapuche-para-el-levantamiento-de-una-ruka-escuela-en-la-cordillera\/","title":{"rendered":"El impulso familiar Mapuche para el levantamiento de una Ruka Escuela en la cordillera"},"content":{"rendered":"<div> \tEn las faldas de la monta\u00f1a sagrada \u201cWaka Mawida\u201d en las proximidades de la localidad de Curarrehue, en la Regi\u00f3n de la Araucan\u00eda, se ubica la Comunidad Mapuche Manuel Marillanca, donde habita la familia Marillanca \u2013 Rojo, quien desde hace alg\u00fan tiempo &nbsp;viene impulsando progresivamente la idea de la \u201cRuka Escuela\u201d, un espacio aut\u00f3nomo, autogestionado e interactivo para el rescate de conocimientos ancestrales en diversas formas: gastronom\u00eda, agroecolog\u00eda, crianza de animales, cultura, entre otros elementos, la que paso a paso va tomando forma y pensada para ser un aporte local a las comunidades, a la infancia, a la juventud del territorio y tambi\u00e9n, para la interculturalidad con los visitantes.<\/div>\n<p>  <!--more-->  <\/p>\n<div> \t&nbsp;<\/div>\n<div> \tLa Ruka Escuela es una iniciativa impulsada por Raquel Marillanca, su esposo &nbsp;Iv\u00e1n Rojo y ha contado con la colaboraci\u00f3n y trabajo voluntario de Ignacio Gallardo. Asimismo, en tiempos de siembra y en diversos trabajos de campo ha contado con la colaboraci\u00f3n de numerosas manos que en Minga han venido contribuyendo a levantar este espacio el que tambi\u00e9n mantiene iniciativas de turismo familiar.<\/div>\n<div>\n<div>\n<div class=\"gallery galleryid-14419 gallery-columns-3 gallery-size-thumbnail\" id=\"gallery-1\" style=\"margin: auto; border: 0px; outline: 0px; vertical-align: baseline; color: rgb(0, 0, 0); font-family: Lato, sans-serif; line-height: 18px;\">\n<dl class=\"gallery-item\" style=\"margin-top: 10px; border: 0px; outline: 0px; vertical-align: baseline; background-color: transparent; float: left; text-align: center; width: 177.859375px;\">\n<dt class=\"gallery-icon landscape\" style=\"border: 0px; outline: 0px; vertical-align: baseline; background-color: transparent;\"> \t\t\t\t\t<a href=\"http:\/\/mapuexpress.org\/wp-content\/uploads\/2014\/02\/raquel.jpg\" rel=\"fancybox\" style=\"border: 0px; outline: 0px; font-size: 12px; vertical-align: baseline; background-color: transparent; color: rgb(109, 28, 1); position: relative; bottom: 1px;\" title=\"raquel\"><img loading=\"lazy\" alt=\"raquel\" class=\"attachment-thumbnail\" height=\"150\" src=\"http:\/\/mapuexpress.org\/wp-content\/uploads\/2014\/02\/raquel-150x150.jpg\" style=\"margin-right: 3.546875px; border: 2px solid rgb(207, 207, 207); outline: 0px; vertical-align: baseline; background-color: transparent; max-width: 90%; height: auto; float: left; width: 160.0625px;\" width=\"150\" \/><\/a><\/dt>\n<\/dl>\n<dl class=\"gallery-item\" style=\"margin-top: 10px; border: 0px; outline: 0px; vertical-align: baseline; background-color: transparent; float: left; text-align: center; width: 177.859375px;\">\n<dt class=\"gallery-icon landscape\" style=\"border: 0px; outline: 0px; vertical-align: baseline; background-color: transparent;\"> \t\t\t\t\t<a href=\"http:\/\/mapuexpress.org\/wp-content\/uploads\/2014\/02\/raquel1.jpg\" rel=\"fancybox\" style=\"border: 0px; outline: 0px; font-size: 12px; vertical-align: baseline; background-color: transparent; color: rgb(109, 28, 1); position: relative; bottom: 1px;\" title=\"raquel1\"><img loading=\"lazy\" alt=\"raquel1\" class=\"attachment-thumbnail\" height=\"150\" src=\"http:\/\/mapuexpress.org\/wp-content\/uploads\/2014\/02\/raquel1-150x150.jpg\" style=\"margin-right: 3.546875px; border: 2px solid rgb(207, 207, 207); outline: 0px; vertical-align: baseline; background-color: transparent; max-width: 90%; height: auto; float: left; width: 160.0625px;\" width=\"150\" \/><\/a><\/dt>\n<\/dl>\n<dl class=\"gallery-item\" style=\"margin-top: 10px; border: 0px; outline: 0px; vertical-align: baseline; background-color: transparent; float: left; text-align: center; width: 177.859375px;\">\n<dt class=\"gallery-icon landscape\" style=\"border: 0px; outline: 0px; vertical-align: baseline; background-color: transparent;\"> \t\t\t\t\t<a href=\"http:\/\/mapuexpress.org\/wp-content\/uploads\/2014\/02\/raquel2.jpg\" rel=\"fancybox\" style=\"border: 0px; outline: 0px; font-size: 12px; vertical-align: baseline; background-color: transparent; color: rgb(109, 28, 1); position: relative; bottom: 1px;\" title=\"raquel2\"><img loading=\"lazy\" alt=\"raquel2\" class=\"attachment-thumbnail\" height=\"150\" src=\"http:\/\/mapuexpress.org\/wp-content\/uploads\/2014\/02\/raquel2-150x150.jpg\" style=\"margin-right: 3.546875px; border: 2px solid rgb(207, 207, 207); outline: 0px; vertical-align: baseline; background-color: transparent; max-width: 90%; height: auto; float: left; width: 160.0625px;\" width=\"150\" \/><\/a><\/dt>\n<\/dl>\n<p> \t\t\t<br style=\"clear: both;\" \/> \t\t\t&nbsp;<\/div>\n<p style=\"margin-bottom: 10px; border: 0px; outline: 0px; vertical-align: baseline; color: rgb(0, 0, 0); font-family: Lato, sans-serif; line-height: 18px;\"> \t\t\tSobre la RUKA ESCUELA, a continuaci\u00f3n conversaci\u00f3n de Mapuexpress con&nbsp;<strong style=\"border: 0px; outline: 0px; vertical-align: baseline; background-color: transparent;\">Raquel Marillanca<\/strong>, quien tambi\u00e9n es integrante de la Red de ferias Wall\u00fcng en Curarrehue.&nbsp;<b style=\"border: 0px; outline: 0px; vertical-align: baseline; background-color: transparent;\"><span style=\"border: 0px; outline: 0px; vertical-align: baseline; background-color: transparent; text-decoration: underline;\">Escuchar Audio<\/span><\/b><\/p>\n<p style=\"margin-bottom: 10px; border: 0px; outline: 0px; vertical-align: baseline; color: rgb(0, 0, 0); font-family: Lato, sans-serif; line-height: 18px;\"> \t\t\t<iframe loading=\"lazy\" allowfullscreen=\"\" frameborder=\"0\" height=\"120\" scrolling=\"no\" src=\"http:\/\/www.ivoox.com\/player_ej_2808724_1.html\" style=\"border-width: 0px; outline: 0px; vertical-align: baseline; background-color: transparent;\" width=\"100%\"><\/iframe><br \/> \t\t\t<a href=\"http:\/\/www.ivoox.com\/ruka-escuela-territorio-mapuche-cordillerano-audios-mp3_rf_2808724_1.html\" style=\"border: 0px; outline: 0px; font-size: 12px; vertical-align: baseline; background-color: transparent; color: rgb(109, 28, 1); position: relative; bottom: 1px;\">http:\/\/www.ivoox.com\/ruka-escuela-territorio-mapuche-cordillerano-audios-mp3_rf_2808724_1.html<\/a><\/p>\n<p style=\"margin-bottom: 10px; border: 0px; outline: 0px; vertical-align: baseline; color: rgb(0, 0, 0); font-family: Lato, sans-serif; line-height: 18px;\"> \t\t\t<b style=\"border: 0px; outline: 0px; vertical-align: baseline; background-color: transparent;\"><span style=\"border: 0px; outline: 0px; vertical-align: baseline; background-color: transparent; text-decoration: underline;\">Descargar<\/span><\/b>:&nbsp;&nbsp;<a href=\"http:\/\/www.ivoox.com\/ruka-escuela-territorio-mapuche-cordillerano_md_2808724_1.mp3?t=laeonJykeKOopQ%3D%3D\" style=\"border: 0px; outline: 0px; font-size: 12px; vertical-align: baseline; background-color: transparent; color: rgb(109, 28, 1); position: relative; bottom: 1px;\">http:\/\/www.ivoox.com\/ruka-escuela-territorio-mapuche-cordillerano_md_2808724_1.mp3?t=laeonJykeKOopQ%3D%3D<\/a><\/p>\n<p style=\"margin-bottom: 10px; border: 0px; outline: 0px; vertical-align: baseline; color: rgb(0, 0, 0); font-family: Lato, sans-serif; line-height: 18px;\"> \t\t\t&nbsp;<\/p>\n<p style=\"margin-bottom: 10px; border: 0px; outline: 0px; vertical-align: baseline; color: rgb(0, 0, 0); font-family: Lato, sans-serif; line-height: 18px;\"> \t\t\t<span style=\"border: 0px; outline: 0px; vertical-align: baseline; background-color: transparent; text-decoration: underline;\">Contacto Ruka Escuela<\/span>:&nbsp; 89446013<\/p>\n<p style=\"margin-bottom: 10px; border: 0px; outline: 0px; vertical-align: baseline; color: rgb(0, 0, 0); font-family: Lato, sans-serif; line-height: 18px;\"> \t\t\t<span style=\"border: 0px; outline: 0px; vertical-align: baseline; background-color: transparent; text-decoration: underline;\">Im\u00e1genes 2, 3 y 4<\/span>: Ignacio Gallardo<\/p>\n<p style=\"margin-bottom: 10px; border: 0px; outline: 0px; vertical-align: baseline; color: rgb(0, 0, 0); font-family: Lato, sans-serif; line-height: 18px;\"> \t\t\t<span style=\"border: 0px; outline: 0px; vertical-align: baseline; background-color: transparent; text-decoration: underline;\">Texto y entrevista<\/span>: Alfredo Seguel \/ Mapuexpress<\/p>\n<p style=\"margin-bottom: 10px; border: 0px; outline: 0px; vertical-align: baseline; color: rgb(0, 0, 0); font-family: Lato, sans-serif; line-height: 18px;\"> \t\t\t<span style=\"line-height: 19.200000762939453px;\">Imagen: Raquel Marillanca e Iv\u00e1n Rojo<\/span><\/p>\n<p style=\"margin-bottom: 10px; border: 0px; outline: 0px; vertical-align: baseline; color: rgb(0, 0, 0); font-family: Lato, sans-serif; line-height: 18px;\"> \t\t\t&nbsp;<\/p>\n<p style=\"margin-bottom: 10px; border: 0px; outline: 0px; vertical-align: baseline; color: rgb(0, 0, 0); font-family: Lato, sans-serif; line-height: 18px;\"> \t\t\thttp:\/\/mapuexpress.org\/el-impulso-familiar-mapuche-para-el-levantamiento-de-una-ruka-escuela-en-la-cordillera\/<\/p>\n<\/p><\/div>\n<\/p><\/div>\n","protected":false},"excerpt":{"rendered":"<p>En las faldas de la monta\u00f1a sagrada \u201cWaka Mawida\u201d en las proximidades de la localidad de Curarrehue, en la Regi\u00f3n de la Araucan\u00eda, se ubica la Comunidad Mapuche Manuel Marillanca, donde habita [&hellip;]<\/p>\n","protected":false},"author":2,"featured_media":0,"comment_status":"open","ping_status":"open","sticky":false,"template":"","format":"standard","meta":[],"categories":[3],"tags":[],"_links":{"self":[{"href":"https:\/\/tejidohistorico.afrodescendientes.com\/index.php\/wp-json\/wp\/v2\/posts\/7011"}],"collection":[{"href":"https:\/\/tejidohistorico.afrodescendientes.com\/index.php\/wp-json\/wp\/v2\/posts"}],"about":[{"href":"https:\/\/tejidohistorico.afrodescendientes.com\/index.php\/wp-json\/wp\/v2\/types\/post"}],"author":[{"embeddable":true,"href":"https:\/\/tejidohistorico.afrodescendientes.com\/index.php\/wp-json\/wp\/v2\/users\/2"}],"replies":[{"embeddable":true,"href":"https:\/\/tejidohistorico.afrodescendientes.com\/index.php\/wp-json\/wp\/v2\/comments?post=7011"}],"version-history":[{"count":0,"href":"https:\/\/tejidohistorico.afrodescendientes.com\/index.php\/wp-json\/wp\/v2\/posts\/7011\/revisions"}],"wp:attachment":[{"href":"https:\/\/tejidohistorico.afrodescendientes.com\/index.php\/wp-json\/wp\/v2\/media?parent=7011"}],"wp:term":[{"taxonomy":"category","embeddable":true,"href":"https:\/\/tejidohistorico.afrodescendientes.com\/index.php\/wp-json\/wp\/v2\/categories?post=7011"},{"taxonomy":"post_tag","embeddable":true,"href":"https:\/\/tejidohistorico.afrodescendientes.com\/index.php\/wp-json\/wp\/v2\/tags?post=7011"}],"curies":[{"name":"wp","href":"https:\/\/api.w.org\/{rel}","templated":true}]}}