{"id":7014,"date":"2014-02-11T01:16:02","date_gmt":"2014-02-11T01:16:02","guid":{"rendered":"http:\/\/www2.nasaacin.org\/index.php\/2014\/02\/11\/cauca-minga-territorial-por-la-vida-y-la-paz-proyecto-nasa-y-guardia-indigena\/"},"modified":"2014-02-11T01:16:02","modified_gmt":"2014-02-11T01:16:02","slug":"cauca-minga-territorial-por-la-vida-y-la-paz-proyecto-nasa-y-guardia-indigena","status":"publish","type":"post","link":"https:\/\/tejidohistorico.afrodescendientes.com\/index.php\/2014\/02\/11\/cauca-minga-territorial-por-la-vida-y-la-paz-proyecto-nasa-y-guardia-indigena\/","title":{"rendered":"Cauca: Minga Territorial Por La Vida y la Paz &#8211; Proyecto Nasa y Guardia Ind\u00edgena"},"content":{"rendered":"<div> \tTacuey\u00f3 &#8211; Cauca, 09 de Febrero del a\u00f1o 2014. La autoridad Tradicional de territorio Ind\u00edgena de Tacuey\u00f3 Invita A; Comunidad en general, CRIC, ACIN, ONIC, medios de comunicaci\u00f3n Comunitarios, locales, Nacional e Internacionales y organismos de Derechos Humanos Nacionales e Internacionales. A la: Minga territorial por la vida y la paz en los Resguardo ind\u00edgenas de Tacuey\u00f3, Toribio, San francisco. Fecha: Febrero 10 al 13 de 2014.<\/div>\n<p>  <!--more-->  <\/p>\n<div> \t&nbsp;<\/div>\n<div> \tEl suscrito Cabildo Ind\u00edgena del resguardo de Tacuey\u00f3 Municipio de Toribio Cauca. En uso de sus facultades legales y conferidas por mandato comunitario, la ley de origen los usos y costumbres, la ley 89 de 1890, la ley 21 de 1991 y los art\u00edculos 7,10, 63, 246, 329 y 330 de la Constituci\u00f3n Pol\u00edtica de Colombia.<\/div>\n<div> \t&nbsp;<\/div>\n<div> \tQue el Cabildo es la m\u00e1xima autoridad dentro del territorio, a quien le corresponde velar, controlar y garantizar el bienestar de la comunidad. Para mantener la unidad, la armon\u00eda y el equilibrio en defensa de nuestra autonom\u00eda y la madre tierra, de acuerdo a usos y costumbres ancestrales.<\/div>\n<div> \t&nbsp;<\/div>\n<div> \tQue la ley 89 de 1890 es clara en mencionar la estructura de la autoridad ind\u00edgena y las facultades para ejercer la autoridad dentro del \u00e1mbito territorial.<\/div>\n<div> \t&nbsp;<\/div>\n<div> \tQue el ejercicio de la autoridad ind\u00edgena tiene como \u00fanico fin preservar el equilibrio, la unidad y la armon\u00eda de los que habitamos al interior del resguardo.<\/div>\n<div> \t&nbsp;<\/div>\n<div> \tEl art\u00edculo 246 de la constituci\u00f3n pol\u00edtica de Colombia, faculta las autoridades ind\u00edgenas tradicionales el ejercicio de las funciones jurisdiccionales dentro de su \u00e1mbito territorial, de conformidad de sus propias normas y procedimientos.<\/div>\n<div> \t&nbsp;<\/div>\n<div> \tLa comunidad Ind\u00edgena Nasa del Norte del Cauca seguimos siendo afectados por el conflicto armado que d\u00eda a d\u00eda nos coloca en riesgo de exterminio quienes hemos decidido permanecer y resistir pac\u00edficamente en nuestro territorio ancestral. Reafirmamos el plan de vida porque es la \u00fanica forma de vivir en armon\u00eda y equilibrio con la madre naturaleza, por eso nos negamos a desplazarnos para no seguir siendo atropellados por las pol\u00edticas neoliberal y el proyecto de guerra que han implementado el gobierno de este pa\u00eds.<\/div>\n<div> \t&nbsp;<\/div>\n<div> \tInformamos a la opini\u00f3n p\u00fablica y a organismos de derechos humanos Nacionales e Internacionales de la flagrante violaci\u00f3n al D.H, D.H.I, que se viene presentando al interior de la comunidad del Resguardo Ind\u00edgena de Tacuey\u00f3, en el marco del proyecto de guerra implementado por el estado atraves del ej\u00e9rcito Nacional.<\/div>\n<div> \t&nbsp;<\/div>\n<div> \tLas FARC E.P, de manera estrat\u00e9gica disputa el territorio ancestral esto trae como consecuencia las confrontaciones directas entre ambos actores que se escudan en las viviendas de las familias colocando en riesgo la vida de los ni\u00f1os (a), j\u00f3venes, adultos y mayores de la misma manera en los centros educativos, sitios sagrados, fuentes h\u00eddricas, fincas tules donde la comunidad hace sus labores agr\u00edcolas y pecuarias.<\/div>\n<div> \t&nbsp;<\/div>\n<div> \tLa grave situaci\u00f3n de conflicto social y armado que se vive en el territorio Nacional espec\u00edficamente en los Municipios del Norte del Cauca, en continuas oportunidades se ha denunciado ante organismos competentes y el gobierno no ha tomado las medidas necesarias para mitigar el conflicto.<\/div>\n<div> \t&nbsp;<\/div>\n<div> \t<strong>Reiteramos y comunicamos ante la opini\u00f3n p\u00fablica nuestra posici\u00f3n frente a esta guerra que no es nuestra, y no nos pertenece. <\/strong><\/div>\n<div> \t&nbsp;<\/div>\n<div> \t<strong>1.<\/strong> En el cumplimiento de la Declaraci\u00f3n de Naciones Unidas, O.N.U, sobre los derechos humanos de los pueblos ind\u00edgenas, aplicaremos este derecho a la Autodeterminaci\u00f3n de los pueblos.<\/div>\n<div> \t&nbsp;<\/div>\n<div> \t<strong>2.<\/strong> Como tambi\u00e9n es evidente el involucramiento y la utilizaci\u00f3n de personas pertenecientes a nuestra comunidad por ambos actores lo cual es una infracci\u00f3n y violaci\u00f3n al D.I.H, lo cual rechazamos categ\u00f3ricamente y buscaremos correctivos en el marco del Derecho Propio.<\/div>\n<div> \t&nbsp;<\/div>\n<div> \t<strong>3.<\/strong> Teniendo en cuenta todos los graves acontecimientos la autoridad tradicional y la comunidad exigimos el desalojo inmediato de los lugares donde hay presencia de los actores armados de cualquier \u00edndole que est\u00e9n en el Territorio Ancestral del Pueblo Nasa perturbando la tranquilidad y la armon\u00eda de la comunidad y la madre tierra<\/div>\n<div> \t&nbsp;<\/div>\n<div> \t<strong>4.<\/strong> En defensa de la vida y nuestro territorio, nos declaramos en asamblea permanente y recorreremos, vereda a vereda, familia a familia finca a finca los d\u00edas 10, 11, 12 y el d\u00eda 13 de febrero de 2014; nos concentraremos en la plaza p\u00fablica del Centro Poblado de Tacuey\u00f3; en donde denunciaremos y haremos memoria de nuestros m\u00e1rtires ca\u00eddos en el conflicto y asesinados por los grupos legales e ilegales que hacen presencia en nuestro territorio afectando la pervivencia y la armon\u00eda de nuestra comunidad Nasa.<\/div>\n<div> \t&nbsp;<\/div>\n<div> \tDado en el Territorio ind\u00edgena del Resguardo de Tacuey\u00f3, febrero 9 de 2014<\/div>\n<div> \t&nbsp;<\/div>\n<div> \t<strong>AUTORIDAD TRADICIONAL RESGUARDO IND\u00cdGENA DE TACUEY\u00d3 &#8211; CAUCA &#8211; COLOMBIA<\/strong><\/div>\n","protected":false},"excerpt":{"rendered":"<p>Tacuey\u00f3 &#8211; Cauca, 09 de Febrero del a\u00f1o 2014. La autoridad Tradicional de territorio Ind\u00edgena de Tacuey\u00f3 Invita A; Comunidad en general, CRIC, ACIN, ONIC, medios de comunicaci\u00f3n Comunitarios, locales, Nacional e [&hellip;]<\/p>\n","protected":false},"author":2,"featured_media":5465,"comment_status":"open","ping_status":"open","sticky":false,"template":"","format":"standard","meta":[],"categories":[73],"tags":[],"_links":{"self":[{"href":"https:\/\/tejidohistorico.afrodescendientes.com\/index.php\/wp-json\/wp\/v2\/posts\/7014"}],"collection":[{"href":"https:\/\/tejidohistorico.afrodescendientes.com\/index.php\/wp-json\/wp\/v2\/posts"}],"about":[{"href":"https:\/\/tejidohistorico.afrodescendientes.com\/index.php\/wp-json\/wp\/v2\/types\/post"}],"author":[{"embeddable":true,"href":"https:\/\/tejidohistorico.afrodescendientes.com\/index.php\/wp-json\/wp\/v2\/users\/2"}],"replies":[{"embeddable":true,"href":"https:\/\/tejidohistorico.afrodescendientes.com\/index.php\/wp-json\/wp\/v2\/comments?post=7014"}],"version-history":[{"count":0,"href":"https:\/\/tejidohistorico.afrodescendientes.com\/index.php\/wp-json\/wp\/v2\/posts\/7014\/revisions"}],"wp:featuredmedia":[{"embeddable":true,"href":"https:\/\/tejidohistorico.afrodescendientes.com\/index.php\/wp-json\/wp\/v2\/media\/5465"}],"wp:attachment":[{"href":"https:\/\/tejidohistorico.afrodescendientes.com\/index.php\/wp-json\/wp\/v2\/media?parent=7014"}],"wp:term":[{"taxonomy":"category","embeddable":true,"href":"https:\/\/tejidohistorico.afrodescendientes.com\/index.php\/wp-json\/wp\/v2\/categories?post=7014"},{"taxonomy":"post_tag","embeddable":true,"href":"https:\/\/tejidohistorico.afrodescendientes.com\/index.php\/wp-json\/wp\/v2\/tags?post=7014"}],"curies":[{"name":"wp","href":"https:\/\/api.w.org\/{rel}","templated":true}]}}