{"id":7033,"date":"2014-02-13T19:53:32","date_gmt":"2014-02-13T19:53:32","guid":{"rendered":"http:\/\/www2.nasaacin.org\/index.php\/2014\/02\/13\/tacueyo-cauca-informe-derechos-humanos-13-de-febrero-del-2014\/"},"modified":"2014-02-13T19:53:32","modified_gmt":"2014-02-13T19:53:32","slug":"tacueyo-cauca-informe-derechos-humanos-13-de-febrero-del-2014","status":"publish","type":"post","link":"https:\/\/tejidohistorico.afrodescendientes.com\/index.php\/2014\/02\/13\/tacueyo-cauca-informe-derechos-humanos-13-de-febrero-del-2014\/","title":{"rendered":"Tacuey\u00f3 Cauca: Informe Derechos Humanos, 13 de febrero del 2014"},"content":{"rendered":"<div> \tInforme ante los organismos nacionales e internacionales sobre violaci\u00f3n de los Derechos Humanos y acontecimientos de guerra, &nbsp;en los territorios ind\u00edgenas de Toribio, San Francisco y Tacuey\u00f3 municipio de Toribio &#8211; Cauca.&nbsp;Las comunidades y autoridades ind\u00edgenas del Cauca continuamos en minga resistencia por la autonom\u00eda y la Paz, estamos recorriendo nuestros territorios, nuestra casa para armonizarla y organizarla, en cumplimiento de los mandatos comunitarios.<\/div>\n<p>  <!--more-->  <\/p>\n<div> \t&nbsp;<\/div>\n<div>\n<div> \t\t<strong>RECORRIENDO Y ARMONIZANDO EL TERRITORIO PARA SEGUIR CONSTRUYENDO LA PAZ.<\/strong><\/div>\n<div> \t\tLas comunidades y autoridades ind\u00edgenas del Cauca continuamos en minga resistencia por la autonom\u00eda y la Paz, estamos recorriendo nuestros territorios, nuestra casa para armonizarla y organizarla, en cumplimiento de los mandatos comunitarios.&nbsp;<a href=\"http:\/\/www.nasaacin.org\/attachments\/article\/6691\/Pronunciamiento%20Publico%202014.pdf\" target=\"_blank\" rel=\"noopener noreferrer\">http:\/\/www.nasaacin.org\/attachments\/article\/6691\/Pronunciamiento%20Publico%202014.pdf<\/a><\/div>\n<div> \t\t&nbsp;<\/div>\n<div> \t\t<strong>INFORME ANTE LOS ORGANISMOS NACIONALES &nbsp;INTERNACIONALES &nbsp;SOBRE VIOLACI\u00d3N DE LOS DERECHOS HUMANOS Y ACONTECIMIENTOS DE GUERRA, &nbsp;EN LOS TERRITORIOS IND\u00cdGENAS DE TORIBIO, SAN FRANCISCO Y TACUEYO MUNICIPIO DE TORIBIO CAUCA<\/strong>.Informe ante los organismos nacionales e internacionales sobre violaci\u00f3n de los Derechos Humanos y acontecimientos de guerra, &nbsp;en los territorios ind\u00edgenas de Toribio, San Francisco y Tacuey\u00f3 municipio de Toribio &#8211; Cauca.&nbsp;<a href=\"http:\/\/www.nasaacin.org\/attachments\/article\/6691\/INFORME%20DERECHOS%20HUMANOS%2013%20FEBRERO%202014..pdf\" target=\"_blank\" rel=\"noopener noreferrer\">http:\/\/www.nasaacin.org\/attachments\/article\/6691\/INFORME%20DERECHOS%20HUMANOS%2013%20FEBRERO%202014..pdf<\/a><\/div>\n<div> \t\t&nbsp;<\/div>\n<\/p><\/div>\n","protected":false},"excerpt":{"rendered":"<p>Informe ante los organismos nacionales e internacionales sobre violaci\u00f3n de los Derechos Humanos y acontecimientos de guerra, &nbsp;en los territorios ind\u00edgenas de Toribio, San Francisco y Tacuey\u00f3 municipio de Toribio &#8211; Cauca.&nbsp;Las [&hellip;]<\/p>\n","protected":false},"author":2,"featured_media":0,"comment_status":"open","ping_status":"open","sticky":false,"template":"","format":"standard","meta":[],"categories":[4],"tags":[],"_links":{"self":[{"href":"https:\/\/tejidohistorico.afrodescendientes.com\/index.php\/wp-json\/wp\/v2\/posts\/7033"}],"collection":[{"href":"https:\/\/tejidohistorico.afrodescendientes.com\/index.php\/wp-json\/wp\/v2\/posts"}],"about":[{"href":"https:\/\/tejidohistorico.afrodescendientes.com\/index.php\/wp-json\/wp\/v2\/types\/post"}],"author":[{"embeddable":true,"href":"https:\/\/tejidohistorico.afrodescendientes.com\/index.php\/wp-json\/wp\/v2\/users\/2"}],"replies":[{"embeddable":true,"href":"https:\/\/tejidohistorico.afrodescendientes.com\/index.php\/wp-json\/wp\/v2\/comments?post=7033"}],"version-history":[{"count":0,"href":"https:\/\/tejidohistorico.afrodescendientes.com\/index.php\/wp-json\/wp\/v2\/posts\/7033\/revisions"}],"wp:attachment":[{"href":"https:\/\/tejidohistorico.afrodescendientes.com\/index.php\/wp-json\/wp\/v2\/media?parent=7033"}],"wp:term":[{"taxonomy":"category","embeddable":true,"href":"https:\/\/tejidohistorico.afrodescendientes.com\/index.php\/wp-json\/wp\/v2\/categories?post=7033"},{"taxonomy":"post_tag","embeddable":true,"href":"https:\/\/tejidohistorico.afrodescendientes.com\/index.php\/wp-json\/wp\/v2\/tags?post=7033"}],"curies":[{"name":"wp","href":"https:\/\/api.w.org\/{rel}","templated":true}]}}